{"id":112984,"date":"2012-10-07T00:00:00","date_gmt":"2012-10-07T00:00:00","guid":{"rendered":"https:\/\/www.deberes.net\/tesis\/sin-categoria\/violencia-intrafamiliar-caractera%c2%adsticas-descriptivas-factores-de-riesgo-y-propuesta-de-un-plan-de-intervencion\/"},"modified":"2012-10-07T00:00:00","modified_gmt":"2012-10-07T00:00:00","slug":"violencia-intrafamiliar-caractera%c2%adsticas-descriptivas-factores-de-riesgo-y-propuesta-de-un-plan-de-intervencion","status":"publish","type":"post","link":"https:\/\/www.deberes.net\/tesis\/psicologia\/violencia-intrafamiliar-caractera%c2%adsticas-descriptivas-factores-de-riesgo-y-propuesta-de-un-plan-de-intervencion\/","title":{"rendered":"Violencia intrafamiliar: caracter\u00edsticas descriptivas, factores de riesgo y propuesta de un plan de intervenci\u00f3n."},"content":{"rendered":"<h2>Tesis doctoral de <strong> Mar\u00eda Gonzalez Alvarez <\/strong><\/h2>\n<p>Resumen sobre la tesis doctoral \u00c2\u00bfviolencia intrafamiliar: caracter\u00edsticas descriptivas, factores de riesgo y propuesta de un plan de intervenci\u00f3n\u00c2\u00bf   la violencia que los menores ejercen sobre sus progenitores ha pasado en los \u00faltimos a\u00f1os de ser un f en\u00f3meno pr\u00e1cticamente desconocido a un problema social que cada vez preocupa m\u00e1s por sus implicaciones y consecuencias. De hecho, instituciones como la fiscal\u00eda general del estado ha hecho constar su posicionamiento al respecto calificando el increme nto del n\u00famero de denuncias en este \u00e1mbito como \u00c2\u00bfpreocupante\u00c2\u00bf. Sin embargo, pese al aumento en la relevancia social, a nivel emp\u00edrico a\u00fan se encuentran m\u00faltiples dudas a las que dar respuesta. Si bien la investigaci\u00f3n lleva a\u00f1os intentando arrojar lu z sobre las caracter\u00edsticas de este fen\u00f3meno, a\u00fan hoy en d\u00eda existen m\u00faltiples dudas o contradicciones en torno al mismo. As\u00ed pues resulta complicado fijar datos epidemiol\u00f3gicos fiables o bien un perfil espec\u00edfico de los menores agresores. A su vez, resulta una tarea igualmente dif\u00edcil encontrar propuestas de tratamiento basadas en datos emp\u00edricos y\/o que hayan demostrado su eficacia.   teniendo en cuenta esta ausencia de informaci\u00f3n o bien la presencia de datos contradictorios, uno de los objet ivos generales de este estudio fue realizar un an\u00e1lisis descriptivo de las principales variables definitorias de los menores implicados en una situaci\u00f3n de violencia ascendente. Para ello, se exploraron tanto variables sociodemogr\u00e1ficas como variable s cl\u00ednicas extra\u00eddas a partir de la administraci\u00f3n de la entrevista de evaluaci\u00f3n elaborada ad hoc.  pero adem\u00e1s, con el fin de ampliar la informaci\u00f3n relativa a este fen\u00f3meno en nuestro pa\u00eds, se plantearon dos objetivos m\u00e1s. Uno de ellos se relacion \u00f3 con la determinaci\u00f3n de los porcentajes de perpetraci\u00f3n (agresiones de hijos a padres) y victimizaci\u00f3n (agresiones de padres a hijos) en las diversas subescalas de la escala de t\u00e1cticas de conflicto modificada (m-cts) (neidig, 1986; adaptaci\u00f3n espa \u00f1ola mu\u00f1oz-rivas, andreu, gra\u00f1a, o\u00c2\u00bfleary y gonz\u00e1lez, 2007) (razonamiento\/ argumentaci\u00f3n, violencia verbal y\/o psicol\u00f3gica, violencia f\u00edsica leve y violencia f\u00edsica severa), tanto ejercida por los menores como sus padres (por separado) en las interacc iones familiares, con el fin de conocer la presencia o no de diferencias estad\u00edsticamente significativas. Por su parte, el tercer objetivo se bas\u00f3 en el desarrollo de un modelo de riesgo en funci\u00f3n del valor predictivo del comportamiento violento del<\/p>\n<p>&nbsp;<\/p>\n<h3>Datos acad\u00e9micos de la tesis doctoral \u00ab<strong>Violencia intrafamiliar: caracter\u00edsticas descriptivas, factores de riesgo y propuesta de un plan de intervenci\u00f3n.<\/strong>\u00ab<\/h3>\n<ul>\n<li><strong>T\u00edtulo de la tesis:<\/strong>\u00a0 Violencia intrafamiliar: caracter\u00edsticas descriptivas, factores de riesgo y propuesta de un plan de intervenci\u00f3n. <\/li>\n<li><strong>Autor:<\/strong>\u00a0 Mar\u00eda Gonzalez Alvarez <\/li>\n<li><strong>Universidad:<\/strong>\u00a0 Complutense de Madrid<\/li>\n<li><strong>Fecha de lectura de la tesis:<\/strong>\u00a0 10\/07\/2012<\/li>\n<\/ul>\n<p>&nbsp;<\/p>\n<h3>Direcci\u00f3n y tribunal<\/h3>\n<ul>\n<li><strong>Director de la tesis<\/strong>\n<ul>\n<li>M\u00aa Paz Garc\u00eda Vera<\/li>\n<\/ul>\n<\/li>\n<li><strong>Tribunal<\/strong>\n<ul>\n<li>Presidente del tribunal: Jes\u00fas Sanz fernandez <\/li>\n<li>elisardo Beco\u00f1a iglesias (vocal)<\/li>\n<li>marina julia Mu\u00f1oz rivas (vocal)<\/li>\n<li>francisca L\u00f3pez torrecillas (vocal)<\/li>\n<\/ul>\n<\/li>\n<\/ul>\n<p>&nbsp;<\/p>\n","protected":false},"excerpt":{"rendered":"<p>Tesis doctoral de Mar\u00eda Gonzalez Alvarez Resumen sobre la tesis doctoral \u00c2\u00bfviolencia intrafamiliar: caracter\u00edsticas descriptivas, factores de riesgo y propuesta [&hellip;]<\/p>\n","protected":false},"author":1,"featured_media":0,"comment_status":"open","ping_status":"open","sticky":false,"template":"","format":"standard","meta":{"site-sidebar-layout":"default","site-content-layout":"","ast-site-content-layout":"","site-content-style":"default","site-sidebar-style":"default","ast-global-header-display":"","ast-banner-title-visibility":"","ast-main-header-display":"","ast-hfb-above-header-display":"","ast-hfb-below-header-display":"","ast-hfb-mobile-header-display":"","site-post-title":"","ast-breadcrumbs-content":"","ast-featured-img":"","footer-sml-layout":"","theme-transparent-header-meta":"","adv-header-id-meta":"","stick-header-meta":"","header-above-stick-meta":"","header-main-stick-meta":"","header-below-stick-meta":"","astra-migrate-meta-layouts":"default","ast-page-background-enabled":"default","ast-page-background-meta":{"desktop":{"background-color":"var(--ast-global-color-4)","background-image":"","background-repeat":"repeat","background-position":"center center","background-size":"auto","background-attachment":"scroll","background-type":"","background-media":"","overlay-type":"","overlay-color":"","overlay-gradient":""},"tablet":{"background-color":"","background-image":"","background-repeat":"repeat","background-position":"center center","background-size":"auto","background-attachment":"scroll","background-type":"","background-media":"","overlay-type":"","overlay-color":"","overlay-gradient":""},"mobile":{"background-color":"","background-image":"","background-repeat":"repeat","background-position":"center center","background-size":"auto","background-attachment":"scroll","background-type":"","background-media":"","overlay-type":"","overlay-color":"","overlay-gradient":""}},"ast-content-background-meta":{"desktop":{"background-color":"var(--ast-global-color-5)","background-image":"","background-repeat":"repeat","background-position":"center center","background-size":"auto","background-attachment":"scroll","background-type":"","background-media":"","overlay-type":"","overlay-color":"","overlay-gradient":""},"tablet":{"background-color":"var(--ast-global-color-5)","background-image":"","background-repeat":"repeat","background-position":"center center","background-size":"auto","background-attachment":"scroll","background-type":"","background-media":"","overlay-type":"","overlay-color":"","overlay-gradient":""},"mobile":{"background-color":"var(--ast-global-color-5)","background-image":"","background-repeat":"repeat","background-position":"center center","background-size":"auto","background-attachment":"scroll","background-type":"","background-media":"","overlay-type":"","overlay-color":"","overlay-gradient":""}},"footnotes":""},"categories":[986,324],"tags":[13523,75481,5450,219946,102296,194810],"class_list":["post-112984","post","type-post","status-publish","format-standard","hentry","category-complutense-de-madrid","category-psicologia","tag-elisardo-becona-iglesias","tag-francisca-lopez-torrecillas","tag-jesus-sanz-fernandez","tag-maria-gonzalez-alvarez","tag-marina-julia-munoz-rivas","tag-ma-paz-garcia-vera"],"_links":{"self":[{"href":"https:\/\/www.deberes.net\/tesis\/wp-json\/wp\/v2\/posts\/112984","targetHints":{"allow":["GET"]}}],"collection":[{"href":"https:\/\/www.deberes.net\/tesis\/wp-json\/wp\/v2\/posts"}],"about":[{"href":"https:\/\/www.deberes.net\/tesis\/wp-json\/wp\/v2\/types\/post"}],"author":[{"embeddable":true,"href":"https:\/\/www.deberes.net\/tesis\/wp-json\/wp\/v2\/users\/1"}],"replies":[{"embeddable":true,"href":"https:\/\/www.deberes.net\/tesis\/wp-json\/wp\/v2\/comments?post=112984"}],"version-history":[{"count":0,"href":"https:\/\/www.deberes.net\/tesis\/wp-json\/wp\/v2\/posts\/112984\/revisions"}],"wp:attachment":[{"href":"https:\/\/www.deberes.net\/tesis\/wp-json\/wp\/v2\/media?parent=112984"}],"wp:term":[{"taxonomy":"category","embeddable":true,"href":"https:\/\/www.deberes.net\/tesis\/wp-json\/wp\/v2\/categories?post=112984"},{"taxonomy":"post_tag","embeddable":true,"href":"https:\/\/www.deberes.net\/tesis\/wp-json\/wp\/v2\/tags?post=112984"}],"curies":[{"name":"wp","href":"https:\/\/api.w.org\/{rel}","templated":true}]}}