{"id":112991,"date":"2012-11-07T00:00:00","date_gmt":"2012-11-07T00:00:00","guid":{"rendered":"https:\/\/www.deberes.net\/tesis\/sin-categoria\/modernitzacio-ta%c2%a8cnica-i-arquitectura-a-catalunya-1903-1929\/"},"modified":"2012-11-07T00:00:00","modified_gmt":"2012-11-07T00:00:00","slug":"modernitzacio-ta%c2%a8cnica-i-arquitectura-a-catalunya-1903-1929","status":"publish","type":"post","link":"https:\/\/www.deberes.net\/tesis\/historia-de-la-arquitectura\/modernitzacio-ta%c2%a8cnica-i-arquitectura-a-catalunya-1903-1929\/","title":{"rendered":"Modernitzaci\u00f3 t\u00e9cnica i arquitectura a catalunya 1903-1929"},"content":{"rendered":"<h2>Tesis doctoral de <strong> Ramon Graus Rovira <\/strong><\/h2>\n<p>La t\u00e9cnica su poder transformador, y a\u00fan m\u00e1s la fascinaci\u00f3n que genera est\u00e1 en el centro de los debates culturales de principios de siglo xx, tambi\u00e9n en los de la arquitectura. En el caso catal\u00e1n, en el marco del programa cultural noucentista la t\u00e9cnica jugar\u00e1 un papel nuclear en su misi\u00f3n de modernizaci\u00f3n y de civilizaci\u00f3n. Para medir el impacto de estas ideas, la tesis desarrolla tres ejes de investigaci\u00f3n paralela: a) sobre el utillaje mental del arquitecto su formaci\u00f3n, la recepci\u00f3n del debate exterior en revistas y congresos internacionales o el excursionismo; b) sobre el imaginario colectivo del catalanismo el hecho vern\u00e1culo en la transformaci\u00f3n del campo catal\u00e1n, las propuestas sobre una casa para las clases medias y los \u00faltimos destellos de una enraizada construcci\u00f3n catalana y su acci\u00f3n pol\u00edtica los conflictos entre nuevas y viejas instituciones; c) sobre la transformaci\u00f3n del sector de la construcci\u00f3n el taylorismo, la introducci\u00f3n del hormig\u00f3n armado y la asimilaci\u00f3n de las estructuras de entramado. En resumen, entre 1903 y 1929 se produce una profunda modernizaci\u00f3n t\u00e9cnica de la arquitectura, aunque su huella haya sido medio borrada por los hechos pol\u00edticos posteriores dos dictaduras y una guerra y el largo ciclo econ\u00f3mico depresivo 1929-1952.<\/p>\n<p>&nbsp;<\/p>\n<h3>Datos acad\u00e9micos de la tesis doctoral \u00ab<strong>Modernitzaci\u00f3 t\u00e9cnica i arquitectura a catalunya 1903-1929<\/strong>\u00ab<\/h3>\n<ul>\n<li><strong>T\u00edtulo de la tesis:<\/strong>\u00a0 Modernitzaci\u00f3 t\u00e9cnica i arquitectura a catalunya 1903-1929 <\/li>\n<li><strong>Autor:<\/strong>\u00a0 Ramon Graus Rovira <\/li>\n<li><strong>Universidad:<\/strong>\u00a0 Polit\u00e9cnica de catalunya<\/li>\n<li><strong>Fecha de lectura de la tesis:<\/strong>\u00a0 11\/07\/2012<\/li>\n<\/ul>\n<p>&nbsp;<\/p>\n<h3>Direcci\u00f3n y tribunal<\/h3>\n<ul>\n<li><strong>Director de la tesis<\/strong>\n<ul>\n<li>Pere Hereu Payet<\/li>\n<\/ul>\n<\/li>\n<li><strong>Tribunal<\/strong>\n<ul>\n<li>Presidente del tribunal: Jos\u00e9 Mar\u00eda Rovira  gimeno <\/li>\n<li>jordi Casassas ymbert (vocal)<\/li>\n<li>francesc Roca rossell (vocal)<\/li>\n<li>francesc Fontbona de vallescar (vocal)<\/li>\n<\/ul>\n<\/li>\n<\/ul>\n<p>&nbsp;<\/p>\n","protected":false},"excerpt":{"rendered":"<p>Tesis doctoral de Ramon Graus Rovira La t\u00e9cnica su poder transformador, y a\u00fan m\u00e1s la fascinaci\u00f3n que genera est\u00e1 en [&hellip;]<\/p>\n","protected":false},"author":1,"featured_media":0,"comment_status":"open","ping_status":"open","sticky":false,"template":"","format":"standard","meta":{"site-sidebar-layout":"default","site-content-layout":"","ast-site-content-layout":"","site-content-style":"default","site-sidebar-style":"default","ast-global-header-display":"","ast-banner-title-visibility":"","ast-main-header-display":"","ast-hfb-above-header-display":"","ast-hfb-below-header-display":"","ast-hfb-mobile-header-display":"","site-post-title":"","ast-breadcrumbs-content":"","ast-featured-img":"","footer-sml-layout":"","theme-transparent-header-meta":"","adv-header-id-meta":"","stick-header-meta":"","header-above-stick-meta":"","header-main-stick-meta":"","header-below-stick-meta":"","astra-migrate-meta-layouts":"default","ast-page-background-enabled":"default","ast-page-background-meta":{"desktop":{"background-color":"var(--ast-global-color-4)","background-image":"","background-repeat":"repeat","background-position":"center center","background-size":"auto","background-attachment":"scroll","background-type":"","background-media":"","overlay-type":"","overlay-color":"","overlay-gradient":""},"tablet":{"background-color":"","background-image":"","background-repeat":"repeat","background-position":"center center","background-size":"auto","background-attachment":"scroll","background-type":"","background-media":"","overlay-type":"","overlay-color":"","overlay-gradient":""},"mobile":{"background-color":"","background-image":"","background-repeat":"repeat","background-position":"center center","background-size":"auto","background-attachment":"scroll","background-type":"","background-media":"","overlay-type":"","overlay-color":"","overlay-gradient":""}},"ast-content-background-meta":{"desktop":{"background-color":"var(--ast-global-color-5)","background-image":"","background-repeat":"repeat","background-position":"center center","background-size":"auto","background-attachment":"scroll","background-type":"","background-media":"","overlay-type":"","overlay-color":"","overlay-gradient":""},"tablet":{"background-color":"var(--ast-global-color-5)","background-image":"","background-repeat":"repeat","background-position":"center center","background-size":"auto","background-attachment":"scroll","background-type":"","background-media":"","overlay-type":"","overlay-color":"","overlay-gradient":""},"mobile":{"background-color":"var(--ast-global-color-5)","background-image":"","background-repeat":"repeat","background-position":"center center","background-size":"auto","background-attachment":"scroll","background-type":"","background-media":"","overlay-type":"","overlay-color":"","overlay-gradient":""}},"footnotes":""},"categories":[4509,1816,1745,1795,15596],"tags":[5606,224573,19127,201653,28078,224572],"class_list":["post-112991","post","type-post","status-publish","format-standard","hentry","category-arquitectura","category-historia-contemporanea","category-historia-de-la-arquitectura","category-historia-de-la-tecnologia","category-politecnica-de-catalunya","tag-francesc-fontbona-de-vallescar","tag-francesc-roca-rossell","tag-jordi-casassas-ymbert","tag-jose-maria-rovira-gimeno","tag-pere-hereu-payet","tag-ramon-graus-rovira"],"_links":{"self":[{"href":"https:\/\/www.deberes.net\/tesis\/wp-json\/wp\/v2\/posts\/112991","targetHints":{"allow":["GET"]}}],"collection":[{"href":"https:\/\/www.deberes.net\/tesis\/wp-json\/wp\/v2\/posts"}],"about":[{"href":"https:\/\/www.deberes.net\/tesis\/wp-json\/wp\/v2\/types\/post"}],"author":[{"embeddable":true,"href":"https:\/\/www.deberes.net\/tesis\/wp-json\/wp\/v2\/users\/1"}],"replies":[{"embeddable":true,"href":"https:\/\/www.deberes.net\/tesis\/wp-json\/wp\/v2\/comments?post=112991"}],"version-history":[{"count":0,"href":"https:\/\/www.deberes.net\/tesis\/wp-json\/wp\/v2\/posts\/112991\/revisions"}],"wp:attachment":[{"href":"https:\/\/www.deberes.net\/tesis\/wp-json\/wp\/v2\/media?parent=112991"}],"wp:term":[{"taxonomy":"category","embeddable":true,"href":"https:\/\/www.deberes.net\/tesis\/wp-json\/wp\/v2\/categories?post=112991"},{"taxonomy":"post_tag","embeddable":true,"href":"https:\/\/www.deberes.net\/tesis\/wp-json\/wp\/v2\/tags?post=112991"}],"curies":[{"name":"wp","href":"https:\/\/api.w.org\/{rel}","templated":true}]}}