{"id":112994,"date":"2012-11-07T00:00:00","date_gmt":"2012-11-07T00:00:00","guid":{"rendered":"https:\/\/www.deberes.net\/tesis\/sin-categoria\/agresividad-reactiva-y-proactiva-en-adolescentes-efecto-de-los-factores-individuales-y-socio-contextuales\/"},"modified":"2012-11-07T00:00:00","modified_gmt":"2012-11-07T00:00:00","slug":"agresividad-reactiva-y-proactiva-en-adolescentes-efecto-de-los-factores-individuales-y-socio-contextuales","status":"publish","type":"post","link":"https:\/\/www.deberes.net\/tesis\/psicologia\/agresividad-reactiva-y-proactiva-en-adolescentes-efecto-de-los-factores-individuales-y-socio-contextuales\/","title":{"rendered":"Agresividad reactiva y proactiva en adolescentes: efecto de los factores individuales y socio-contextuales."},"content":{"rendered":"<h2>Tesis doctoral de <strong> Mar\u00eda Penado Abilleira <\/strong><\/h2>\n<p>La presente tesis doctoral estudia los factores individuales y socio &#8211; contextuales asociados a dos tipos particulares de agresividad: la que es vista como de car\u00e1cter impulsivo (agresividad de tipo reactivo) y aquella considerada como m\u00e1s fr\u00eda e ins trumental (agresividad proactiva).  esta divisi\u00f3n de la agresividad entre aquella de tipo reactivo de la de tipo proactivo establecida por keneth dodge es la que nos permite estudiar la agresividad desde un punto de vista motivacional o funcional, es tableciendo mecanismos explicativos diferentes para ambos tipos de conducta agresiva.  de este modo la agresividad reactiva tiene su origen en el modelo de frustraci\u00f3n &#8211; agresi\u00f3n de dollard mientras que las ra\u00edces de la agresividad de tipo proactivo las encontrar\u00edamos en la teor\u00eda del aprendizaje social de bandura. para ambos tipos de agresividad se han encontrado distintos factores de riesgo tanto individuales, como sociocontextuales que hacen pensar que ambos tipos de agresividad se originan y  modelan gracias a diferentes predictores y procesos.  la agresividad reactiva se encuentra asociada a nivel individual a una escasa tolerancia a la frustraci\u00f3n, impulsividad, problemas de atenci\u00f3n e hiperactividad adem\u00e1s de problemas emocionales com o depresi\u00f3n y ansiedad. A nivel familiar se encuentran asociaciones de este tipo de agresividad con estrategias de disciplina caracterizadas por su dureza mientras que desde el punto de vista del grupo de iguales los sujetos que se caracterizan por e xhibir comportamientos agresivos reactivos son definidos como con pobres habilidades sociales y suelen verse rechazados por sus compa\u00f1eros. las asociaciones encontradas entre una agresividad de tipo proactivo y las distintas variables individuales y contextuales difieren de las anteriormente se\u00f1aladas para una agresividad de tipo reactivo, existiendo evidencias de una asociaci\u00f3n a nivel individual de la agresividad proactiva y caracter\u00edsticas de un comportamiento psicop\u00e1tico as\u00ed como una sobreva loraci\u00f3n que los sujetos dan a los comportamientos agresivos y las consecuencias que dichos comportamientos acarrean. Las familias de adolescentes con agresividad proactiva se caracterizan por unas relaciones empobrecidas y baja supervisi\u00f3n parental siendo caracter\u00edstico a nivel del grupo de iguales que estos adolescentes gocen de habilidades sociales y presenten aceptaci\u00f3n por parte de sus compa\u00f1eros. partiendo del planteamiento te\u00f3rico anterior y tomando como muestra a 446 adolescentes de entr<\/p>\n<p>&nbsp;<\/p>\n<h3>Datos acad\u00e9micos de la tesis doctoral \u00ab<strong>Agresividad reactiva y proactiva en adolescentes: efecto de los factores individuales y socio-contextuales.<\/strong>\u00ab<\/h3>\n<ul>\n<li><strong>T\u00edtulo de la tesis:<\/strong>\u00a0 Agresividad reactiva y proactiva en adolescentes: efecto de los factores individuales y socio-contextuales. <\/li>\n<li><strong>Autor:<\/strong>\u00a0 Mar\u00eda Penado Abilleira <\/li>\n<li><strong>Universidad:<\/strong>\u00a0 Complutense de Madrid<\/li>\n<li><strong>Fecha de lectura de la tesis:<\/strong>\u00a0 11\/07\/2012<\/li>\n<\/ul>\n<p>&nbsp;<\/p>\n<h3>Direcci\u00f3n y tribunal<\/h3>\n<ul>\n<li><strong>Director de la tesis<\/strong>\n<ul>\n<li>Jos\u00e9 Manuel Andreu Rodr\u00edguez<\/li>\n<\/ul>\n<\/li>\n<li><strong>Tribunal<\/strong>\n<ul>\n<li>Presidente del tribunal: Jos\u00e9 Luis Gra\u00f1a g\u00f3mez <\/li>\n<li>Ana Lopez duran (vocal)<\/li>\n<li>marina julia Mu\u00f1oz rivas (vocal)<\/li>\n<li>elisardo Beco\u00f1a iglesias (vocal)<\/li>\n<\/ul>\n<\/li>\n<\/ul>\n<p>&nbsp;<\/p>\n","protected":false},"excerpt":{"rendered":"<p>Tesis doctoral de Mar\u00eda Penado Abilleira La presente tesis doctoral estudia los factores individuales y socio &#8211; contextuales asociados a [&hellip;]<\/p>\n","protected":false},"author":1,"featured_media":0,"comment_status":"open","ping_status":"open","sticky":false,"template":"","format":"standard","meta":{"site-sidebar-layout":"default","site-content-layout":"","ast-site-content-layout":"","site-content-style":"default","site-sidebar-style":"default","ast-global-header-display":"","ast-banner-title-visibility":"","ast-main-header-display":"","ast-hfb-above-header-display":"","ast-hfb-below-header-display":"","ast-hfb-mobile-header-display":"","site-post-title":"","ast-breadcrumbs-content":"","ast-featured-img":"","footer-sml-layout":"","theme-transparent-header-meta":"","adv-header-id-meta":"","stick-header-meta":"","header-above-stick-meta":"","header-main-stick-meta":"","header-below-stick-meta":"","astra-migrate-meta-layouts":"default","ast-page-background-enabled":"default","ast-page-background-meta":{"desktop":{"background-color":"var(--ast-global-color-4)","background-image":"","background-repeat":"repeat","background-position":"center center","background-size":"auto","background-attachment":"scroll","background-type":"","background-media":"","overlay-type":"","overlay-color":"","overlay-gradient":""},"tablet":{"background-color":"","background-image":"","background-repeat":"repeat","background-position":"center center","background-size":"auto","background-attachment":"scroll","background-type":"","background-media":"","overlay-type":"","overlay-color":"","overlay-gradient":""},"mobile":{"background-color":"","background-image":"","background-repeat":"repeat","background-position":"center center","background-size":"auto","background-attachment":"scroll","background-type":"","background-media":"","overlay-type":"","overlay-color":"","overlay-gradient":""}},"ast-content-background-meta":{"desktop":{"background-color":"var(--ast-global-color-5)","background-image":"","background-repeat":"repeat","background-position":"center center","background-size":"auto","background-attachment":"scroll","background-type":"","background-media":"","overlay-type":"","overlay-color":"","overlay-gradient":""},"tablet":{"background-color":"var(--ast-global-color-5)","background-image":"","background-repeat":"repeat","background-position":"center center","background-size":"auto","background-attachment":"scroll","background-type":"","background-media":"","overlay-type":"","overlay-color":"","overlay-gradient":""},"mobile":{"background-color":"var(--ast-global-color-5)","background-image":"","background-repeat":"repeat","background-position":"center center","background-size":"auto","background-attachment":"scroll","background-type":"","background-media":"","overlay-type":"","overlay-color":"","overlay-gradient":""}},"footnotes":""},"categories":[986,324],"tags":[164813,13523,58119,64705,224576,102296],"class_list":["post-112994","post","type-post","status-publish","format-standard","hentry","category-complutense-de-madrid","category-psicologia","tag-ana-lopez-duran","tag-elisardo-becona-iglesias","tag-jose-luis-grana-gomez","tag-jose-manuel-andreu-rodriguez","tag-maria-penado-abilleira","tag-marina-julia-munoz-rivas"],"_links":{"self":[{"href":"https:\/\/www.deberes.net\/tesis\/wp-json\/wp\/v2\/posts\/112994","targetHints":{"allow":["GET"]}}],"collection":[{"href":"https:\/\/www.deberes.net\/tesis\/wp-json\/wp\/v2\/posts"}],"about":[{"href":"https:\/\/www.deberes.net\/tesis\/wp-json\/wp\/v2\/types\/post"}],"author":[{"embeddable":true,"href":"https:\/\/www.deberes.net\/tesis\/wp-json\/wp\/v2\/users\/1"}],"replies":[{"embeddable":true,"href":"https:\/\/www.deberes.net\/tesis\/wp-json\/wp\/v2\/comments?post=112994"}],"version-history":[{"count":0,"href":"https:\/\/www.deberes.net\/tesis\/wp-json\/wp\/v2\/posts\/112994\/revisions"}],"wp:attachment":[{"href":"https:\/\/www.deberes.net\/tesis\/wp-json\/wp\/v2\/media?parent=112994"}],"wp:term":[{"taxonomy":"category","embeddable":true,"href":"https:\/\/www.deberes.net\/tesis\/wp-json\/wp\/v2\/categories?post=112994"},{"taxonomy":"post_tag","embeddable":true,"href":"https:\/\/www.deberes.net\/tesis\/wp-json\/wp\/v2\/tags?post=112994"}],"curies":[{"name":"wp","href":"https:\/\/api.w.org\/{rel}","templated":true}]}}