{"id":113005,"date":"2012-12-07T00:00:00","date_gmt":"2012-12-07T00:00:00","guid":{"rendered":"https:\/\/www.deberes.net\/tesis\/sin-categoria\/el-gobierno-de-la-diferencia-de-las-logicas-de-gestion-de-lo-social\/"},"modified":"2012-12-07T00:00:00","modified_gmt":"2012-12-07T00:00:00","slug":"el-gobierno-de-la-diferencia-de-las-logicas-de-gestion-de-lo-social","status":"publish","type":"post","link":"https:\/\/www.deberes.net\/tesis\/antropologia\/el-gobierno-de-la-diferencia-de-las-logicas-de-gestion-de-lo-social\/","title":{"rendered":"El gobierno de la diferencia: de las l\u00f3gicas de gesti\u00f3n de lo social."},"content":{"rendered":"<h2>Tesis doctoral de <strong> Debora Avila Cantos <\/strong><\/h2>\n<p>Hay un lugar com\u00fan, compartido por defensores y detractores, que dice que el neoliberalismo supondr\u00eda la reducci\u00f3n al m\u00ednimo de la intervenci\u00f3n del estado, ya que, de acuerdo con su principio rector, para que todo funcione bien, basta con dejar hacer  a la \u00c2\u00bfmano invisible\u00c2\u00bf del mercado. Seg\u00fan este mismo lugar com\u00fan, el neoliberalismo ser\u00eda contrario a las pol\u00edticas sociales: su m\u00e1xima prioridad en este terreno ser\u00eda presionar para su eliminaci\u00f3n.   esta tesis, por el contrario, defiende que el neo liberalismo tiene una pol\u00edtica social propia y espec\u00edfica para el gobierno de las poblaciones basada en hacer funcionar lo social por y para el mercado, a la manera del mercado. La mejor designaci\u00f3n de esta forma de gobierno espec\u00edficamente neolibera l es, a mi juicio, aquella acu\u00f1ada por maurizio lazzarato en su relectura del foucault de los cursos del coll\u00e9ge de france: gobierno de la diferencia (gobierno desde y a trav\u00e9s de la diferencia, convertida en desigualdad m\u00f3vil).  \u00c2\u00bfpor qu\u00e9 hablar de u n gobierno de la diferencia? Porque las pol\u00edticas neoliberales son pol\u00edticas que pasan por la gesti\u00f3n diferencial de las desigualdades, de las desviaciones de situaci\u00f3n, de ingresos, de status, de formaci\u00f3n, etc\u00e9tera, por medio de la \u00c2\u00bfoptimizaci\u00f3n de  los sistemas de diferencias\u00c2\u00bf, como dice foucault. La optimizaci\u00f3n de las disparidades se obtiene por una \u00c2\u00bfmodulaci\u00f3n\u00c2\u00bf, concepto a la vez deleuziano y foucaultiano, de los derechos, de las normas, de los reglamentos, y por una modulaci\u00f3n de las maner as de ejercer el poder sobre los individuos que se adapta y favorece a una segmentaci\u00f3n \u00c2\u00bfsuave\u00c2\u00bf (inclusi\u00f3n diferencial, la llamaremos aqu\u00ed) de la poblaci\u00f3n. Esta forma de gobierno no busca reducir las desigualdades sino modularlas, convirti\u00e9ndolas en  palanca del deseo, en est\u00edmulo de la competencia. Al afirmar esto, no nos referimos s\u00f3lo a la renuncia a la igualdad como meta a conseguir, ni tampoco al hecho de que se considere la diferencia  como un fen\u00f3meno \u00c2\u00abinevitable\u00c2\u00bb con el que debemos resig narnos a convivir: m\u00e1s all\u00e1 de eso, apuntamos al hecho de que existe una apuesta clara por la diferencia como herramienta de gesti\u00f3n, un nuevo modo de gobierno que parte de las diferencias existentes para guiar su actuaci\u00f3n, pero que tambi\u00e9n las prod uce, juega con ellas, hace de los procesos de diferenciaci\u00f3n sus instrumentos clave.  as\u00ed, se produce el paso de una l\u00f3gica de gobierno basada en la uniformaci\u00f3n a una l\u00f3gica de gesti\u00f3n que convierte la diferencia en estrategia de gobernabilidad de u<\/p>\n<p>&nbsp;<\/p>\n<h3>Datos acad\u00e9micos de la tesis doctoral \u00ab<strong>El gobierno de la diferencia: de las l\u00f3gicas de gesti\u00f3n de lo social.<\/strong>\u00ab<\/h3>\n<ul>\n<li><strong>T\u00edtulo de la tesis:<\/strong>\u00a0 El gobierno de la diferencia: de las l\u00f3gicas de gesti\u00f3n de lo social. <\/li>\n<li><strong>Autor:<\/strong>\u00a0 Debora Avila Cantos <\/li>\n<li><strong>Universidad:<\/strong>\u00a0 Complutense de Madrid<\/li>\n<li><strong>Fecha de lectura de la tesis:<\/strong>\u00a0 12\/07\/2012<\/li>\n<\/ul>\n<p>&nbsp;<\/p>\n<h3>Direcci\u00f3n y tribunal<\/h3>\n<ul>\n<li><strong>Director de la tesis<\/strong>\n<ul>\n<li>M  Jose Devillard Desroches<\/li>\n<\/ul>\n<\/li>\n<li><strong>Tribunal<\/strong>\n<ul>\n<li>Presidente del tribunal: Jos\u00e9 Luis Garc\u00eda Garc\u00eda <\/li>\n<li>pedro Oliver olmo (vocal)<\/li>\n<li>\u00c1lvaro Pazos  garciend\u00eda (vocal)<\/li>\n<li>ubaldo Martinez veiga (vocal)<\/li>\n<\/ul>\n<\/li>\n<\/ul>\n<p>&nbsp;<\/p>\n","protected":false},"excerpt":{"rendered":"<p>Tesis doctoral de Debora Avila Cantos Hay un lugar com\u00fan, compartido por defensores y detractores, que dice que el neoliberalismo [&hellip;]<\/p>\n","protected":false},"author":1,"featured_media":0,"comment_status":"open","ping_status":"open","sticky":false,"template":"","format":"standard","meta":{"site-sidebar-layout":"default","site-content-layout":"","ast-site-content-layout":"","site-content-style":"default","site-sidebar-style":"default","ast-global-header-display":"","ast-banner-title-visibility":"","ast-main-header-display":"","ast-hfb-above-header-display":"","ast-hfb-below-header-display":"","ast-hfb-mobile-header-display":"","site-post-title":"","ast-breadcrumbs-content":"","ast-featured-img":"","footer-sml-layout":"","theme-transparent-header-meta":"","adv-header-id-meta":"","stick-header-meta":"","header-above-stick-meta":"","header-main-stick-meta":"","header-below-stick-meta":"","astra-migrate-meta-layouts":"default","ast-page-background-enabled":"default","ast-page-background-meta":{"desktop":{"background-color":"var(--ast-global-color-4)","background-image":"","background-repeat":"repeat","background-position":"center center","background-size":"auto","background-attachment":"scroll","background-type":"","background-media":"","overlay-type":"","overlay-color":"","overlay-gradient":""},"tablet":{"background-color":"","background-image":"","background-repeat":"repeat","background-position":"center center","background-size":"auto","background-attachment":"scroll","background-type":"","background-media":"","overlay-type":"","overlay-color":"","overlay-gradient":""},"mobile":{"background-color":"","background-image":"","background-repeat":"repeat","background-position":"center center","background-size":"auto","background-attachment":"scroll","background-type":"","background-media":"","overlay-type":"","overlay-color":"","overlay-gradient":""}},"ast-content-background-meta":{"desktop":{"background-color":"var(--ast-global-color-5)","background-image":"","background-repeat":"repeat","background-position":"center center","background-size":"auto","background-attachment":"scroll","background-type":"","background-media":"","overlay-type":"","overlay-color":"","overlay-gradient":""},"tablet":{"background-color":"var(--ast-global-color-5)","background-image":"","background-repeat":"repeat","background-position":"center center","background-size":"auto","background-attachment":"scroll","background-type":"","background-media":"","overlay-type":"","overlay-color":"","overlay-gradient":""},"mobile":{"background-color":"var(--ast-global-color-5)","background-image":"","background-repeat":"repeat","background-position":"center center","background-size":"auto","background-attachment":"scroll","background-type":"","background-media":"","overlay-type":"","overlay-color":"","overlay-gradient":""}},"footnotes":""},"categories":[681,986],"tags":[224595,224593,220918,224594,177680,17281],"class_list":["post-113005","post","type-post","status-publish","format-standard","hentry","category-antropologia","category-complutense-de-madrid","tag-alvaro-pazos-garciendia","tag-debora-avila-cantos","tag-jose-luis-garcia-garcia","tag-m-jose-devillard-desroches","tag-pedro-oliver-olmo","tag-ubaldo-Martinez-veiga"],"_links":{"self":[{"href":"https:\/\/www.deberes.net\/tesis\/wp-json\/wp\/v2\/posts\/113005","targetHints":{"allow":["GET"]}}],"collection":[{"href":"https:\/\/www.deberes.net\/tesis\/wp-json\/wp\/v2\/posts"}],"about":[{"href":"https:\/\/www.deberes.net\/tesis\/wp-json\/wp\/v2\/types\/post"}],"author":[{"embeddable":true,"href":"https:\/\/www.deberes.net\/tesis\/wp-json\/wp\/v2\/users\/1"}],"replies":[{"embeddable":true,"href":"https:\/\/www.deberes.net\/tesis\/wp-json\/wp\/v2\/comments?post=113005"}],"version-history":[{"count":0,"href":"https:\/\/www.deberes.net\/tesis\/wp-json\/wp\/v2\/posts\/113005\/revisions"}],"wp:attachment":[{"href":"https:\/\/www.deberes.net\/tesis\/wp-json\/wp\/v2\/media?parent=113005"}],"wp:term":[{"taxonomy":"category","embeddable":true,"href":"https:\/\/www.deberes.net\/tesis\/wp-json\/wp\/v2\/categories?post=113005"},{"taxonomy":"post_tag","embeddable":true,"href":"https:\/\/www.deberes.net\/tesis\/wp-json\/wp\/v2\/tags?post=113005"}],"curies":[{"name":"wp","href":"https:\/\/api.w.org\/{rel}","templated":true}]}}