{"id":113021,"date":"2018-03-11T10:40:13","date_gmt":"2018-03-11T10:40:13","guid":{"rendered":"https:\/\/www.deberes.net\/tesis\/sin-categoria\/las-pola%c2%adticas-sociales-en-perspectiva-socio-antropologica-estudio-de-la-gestion-y-aplicacion-de-la-renta-ma%c2%adnima-de-insercion-de-la-comunidad-de-madrid-con-el-colectivo-gitano\/"},"modified":"2018-03-11T10:40:13","modified_gmt":"2018-03-11T10:40:13","slug":"las-pola%c2%adticas-sociales-en-perspectiva-socio-antropologica-estudio-de-la-gestion-y-aplicacion-de-la-renta-ma%c2%adnima-de-insercion-de-la-comunidad-de-madrid-con-el-colectivo-gitano","status":"publish","type":"post","link":"https:\/\/www.deberes.net\/tesis\/antropologia\/las-pola%c2%adticas-sociales-en-perspectiva-socio-antropologica-estudio-de-la-gestion-y-aplicacion-de-la-renta-ma%c2%adnima-de-insercion-de-la-comunidad-de-madrid-con-el-colectivo-gitano\/","title":{"rendered":"Las pol\u00edticas sociales en perspectiva socio-antropol\u00f3gica: estudio de la gesti\u00f3n y aplicaci\u00f3n de la renta m\u00ednima de inserci\u00f3n de la comunidad de Madrid con el colectivo gitano."},"content":{"rendered":"<h2>Tesis doctoral de <strong> Ariadna Ayala Rubio <\/strong><\/h2>\n<p>La minor\u00eda gitana es la minor\u00eda \u00e9tnico-nacional m\u00e1s numerosa de espa\u00f1a, siendo tambi\u00e9n una de las m\u00e1s estigmatizadas y que m\u00e1s rechazo genera en la poblaci\u00f3n general. Como colectivo-diana que ha sido recurrentemente de la intervenci\u00f3n social \u00c2\u00bftanto e statal como del gobierno regional-, supone un caso bien paradigm\u00e1tico ya que permite analizar las pol\u00edticas p\u00fablicas y sociales cuando \u00e9stas atienden a una poblaci\u00f3n que ha sido siempre caracterizada, al menos en espa\u00f1a, como prototipo de la diversid ad \u00e9tnica y cultural.  la presente tesis se centra en analizar la gesti\u00f3n y aplicaci\u00f3n de una pol\u00edtica social concreta (la renta m\u00ednima de inserci\u00f3n o rmi) con el colectivo gitano espa\u00f1ol en la comunidad de Madrid.  el cruce entre, por una parte, el objetivo de proteger a los ciudadanos que se encuentran en situaci\u00f3n de exclusi\u00f3n social (que es el de la rmi), por otra, los dispositivos que se generan para alcanzarlo y, por \u00faltimo, las concepciones de la etnicidad, la pobreza y la exclusi\u00f3n socia l que se manejan en el dise\u00f1o, aplicaci\u00f3n y evaluaci\u00f3n de las pol\u00edticas p\u00fablicas orientadas a ese objetivo sirve de escenario para reflexionar acerca de c\u00f3mo se plantean las cuestiones de ciudadan\u00eda (por ejemplo, a qui\u00e9nes se considera ciudadanos a l a hora de redistribuir los recursos y sobre la base de qu\u00e9 requisitos), de reconocimiento de los derechos sociales por parte del estado (a qui\u00e9nes se tiene por sujetos de derecho y en qu\u00e9 situaciones) y de justicia social (cu\u00e1ndo y en qu\u00e9 condiciones  se justifica ideol\u00f3gica, pol\u00edtica y socialmente que se apliquen medidas de discriminaci\u00f3n positiva para ciertos ciudadanos que se catalogan como excluidos).   se dedica especial atenci\u00f3n, igualmente, a la forma en que los beneficiarios gitanos de la  rmi se relacionan con los profesionales y organizaciones que gestionan la mencionada pol\u00edtica, y a las distintas interpretaciones que \u00e9stos hacen de la ley, de sus derechos en relaci\u00f3n a ella y de la noci\u00f3n de ciudadan\u00eda que van desarrollando en la medida en que tienen contacto con la red de intervenci\u00f3n social madrile\u00f1a.<\/p>\n<p>&nbsp;<\/p>\n<h3>Datos acad\u00e9micos de la tesis doctoral \u00ab<strong>Las pol\u00edticas sociales en perspectiva socio-antropol\u00f3gica: estudio de la gesti\u00f3n y aplicaci\u00f3n de la renta m\u00ednima de inserci\u00f3n de la comunidad de Madrid con el colectivo gitano.<\/strong>\u00ab<\/h3>\n<ul>\n<li><strong>T\u00edtulo de la tesis:<\/strong>\u00a0 Las pol\u00edticas sociales en perspectiva socio-antropol\u00f3gica: estudio de la gesti\u00f3n y aplicaci\u00f3n de la renta m\u00ednima de inserci\u00f3n de la comunidad de Madrid con el colectivo gitano. <\/li>\n<li><strong>Autor:<\/strong>\u00a0 Ariadna Ayala Rubio <\/li>\n<li><strong>Universidad:<\/strong>\u00a0 Complutense de Madrid<\/li>\n<li><strong>Fecha de lectura de la tesis:<\/strong>\u00a0 13\/07\/2012<\/li>\n<\/ul>\n<p>&nbsp;<\/p>\n<h3>Direcci\u00f3n y tribunal<\/h3>\n<ul>\n<li><strong>Director de la tesis<\/strong>\n<ul>\n<li>Isabel Jociles Rubio<\/li>\n<\/ul>\n<\/li>\n<li><strong>Tribunal<\/strong>\n<ul>\n<li>Presidente del tribunal: Ana Mar\u00eda Rivas rivas <\/li>\n<li>Miguel Laparra navarro (vocal)<\/li>\n<li>Ana Gim\u00e9nez adelantado (vocal)<\/li>\n<li>isabelle Astier (vocal)<\/li>\n<\/ul>\n<\/li>\n<\/ul>\n<p>&nbsp;<\/p>\n","protected":false},"excerpt":{"rendered":"<p>Tesis doctoral de Ariadna Ayala Rubio La minor\u00eda gitana es la minor\u00eda \u00e9tnico-nacional m\u00e1s numerosa de espa\u00f1a, siendo tambi\u00e9n una [&hellip;]<\/p>\n","protected":false},"author":1,"featured_media":0,"comment_status":"open","ping_status":"open","sticky":false,"template":"","format":"standard","meta":{"site-sidebar-layout":"default","site-content-layout":"","ast-site-content-layout":"","site-content-style":"default","site-sidebar-style":"default","ast-global-header-display":"","ast-banner-title-visibility":"","ast-main-header-display":"","ast-hfb-above-header-display":"","ast-hfb-below-header-display":"","ast-hfb-mobile-header-display":"","site-post-title":"","ast-breadcrumbs-content":"","ast-featured-img":"","footer-sml-layout":"","theme-transparent-header-meta":"","adv-header-id-meta":"","stick-header-meta":"","header-above-stick-meta":"","header-main-stick-meta":"","header-below-stick-meta":"","astra-migrate-meta-layouts":"default","ast-page-background-enabled":"default","ast-page-background-meta":{"desktop":{"background-color":"var(--ast-global-color-4)","background-image":"","background-repeat":"repeat","background-position":"center center","background-size":"auto","background-attachment":"scroll","background-type":"","background-media":"","overlay-type":"","overlay-color":"","overlay-gradient":""},"tablet":{"background-color":"","background-image":"","background-repeat":"repeat","background-position":"center center","background-size":"auto","background-attachment":"scroll","background-type":"","background-media":"","overlay-type":"","overlay-color":"","overlay-gradient":""},"mobile":{"background-color":"","background-image":"","background-repeat":"repeat","background-position":"center center","background-size":"auto","background-attachment":"scroll","background-type":"","background-media":"","overlay-type":"","overlay-color":"","overlay-gradient":""}},"ast-content-background-meta":{"desktop":{"background-color":"var(--ast-global-color-5)","background-image":"","background-repeat":"repeat","background-position":"center center","background-size":"auto","background-attachment":"scroll","background-type":"","background-media":"","overlay-type":"","overlay-color":"","overlay-gradient":""},"tablet":{"background-color":"var(--ast-global-color-5)","background-image":"","background-repeat":"repeat","background-position":"center center","background-size":"auto","background-attachment":"scroll","background-type":"","background-media":"","overlay-type":"","overlay-color":"","overlay-gradient":""},"mobile":{"background-color":"var(--ast-global-color-5)","background-image":"","background-repeat":"repeat","background-position":"center center","background-size":"auto","background-attachment":"scroll","background-type":"","background-media":"","overlay-type":"","overlay-color":"","overlay-gradient":""}},"footnotes":""},"categories":[681,986],"tags":[6027,209861,224618,224563,224619,46149],"class_list":["post-113021","post","type-post","status-publish","format-standard","hentry","category-antropologia","category-complutense-de-madrid","tag-ana-gimenez-adelantado","tag-ana-maria-rivas-rivas","tag-ariadna-ayala-rubio","tag-isabel-jociles-rubio","tag-isabelle-astier","tag-miguel-laparra-navarro"],"_links":{"self":[{"href":"https:\/\/www.deberes.net\/tesis\/wp-json\/wp\/v2\/posts\/113021","targetHints":{"allow":["GET"]}}],"collection":[{"href":"https:\/\/www.deberes.net\/tesis\/wp-json\/wp\/v2\/posts"}],"about":[{"href":"https:\/\/www.deberes.net\/tesis\/wp-json\/wp\/v2\/types\/post"}],"author":[{"embeddable":true,"href":"https:\/\/www.deberes.net\/tesis\/wp-json\/wp\/v2\/users\/1"}],"replies":[{"embeddable":true,"href":"https:\/\/www.deberes.net\/tesis\/wp-json\/wp\/v2\/comments?post=113021"}],"version-history":[{"count":0,"href":"https:\/\/www.deberes.net\/tesis\/wp-json\/wp\/v2\/posts\/113021\/revisions"}],"wp:attachment":[{"href":"https:\/\/www.deberes.net\/tesis\/wp-json\/wp\/v2\/media?parent=113021"}],"wp:term":[{"taxonomy":"category","embeddable":true,"href":"https:\/\/www.deberes.net\/tesis\/wp-json\/wp\/v2\/categories?post=113021"},{"taxonomy":"post_tag","embeddable":true,"href":"https:\/\/www.deberes.net\/tesis\/wp-json\/wp\/v2\/tags?post=113021"}],"curies":[{"name":"wp","href":"https:\/\/api.w.org\/{rel}","templated":true}]}}