{"id":113132,"date":"2012-04-09T00:00:00","date_gmt":"2012-04-09T00:00:00","guid":{"rendered":"https:\/\/www.deberes.net\/tesis\/sin-categoria\/la-digitalizacion-de-los-soportes-sonoros-en-archivos-de-radio-adaptacion-de-las-normativas-internacionales-a-la-recuperacion-de-patrimonio-cultural-de-caracter-local\/"},"modified":"2012-04-09T00:00:00","modified_gmt":"2012-04-09T00:00:00","slug":"la-digitalizacion-de-los-soportes-sonoros-en-archivos-de-radio-adaptacion-de-las-normativas-internacionales-a-la-recuperacion-de-patrimonio-cultural-de-caracter-local","status":"publish","type":"post","link":"https:\/\/www.deberes.net\/tesis\/musica-y-musicologia\/la-digitalizacion-de-los-soportes-sonoros-en-archivos-de-radio-adaptacion-de-las-normativas-internacionales-a-la-recuperacion-de-patrimonio-cultural-de-caracter-local\/","title":{"rendered":"La digitalizaci\u00f3n de los soportes sonoros en archivos de radio: adaptaci\u00f3n de las normativas internacionales a la recuperaci\u00f3n de patrimonio cultural de car\u00e1cter local"},"content":{"rendered":"<h2>Tesis doctoral de <strong> Miguel D\u00edaz-emparanza Almoguera <\/strong><\/h2>\n<p>Esta tesis se fundamenta en la puesta en valor de los documentos sonoros que permanecen en archivos, bibliotecas, centros de documentaci\u00f3n, y especialmente de los registros de producci\u00f3n propia generados en radios locales, que recogen valiosas informaciones desde el punto de vista documental para su uso no s\u00f3lo en el mundo musical, sino en otras m\u00faltiples disciplinas de la investigaci\u00f3n acad\u00e9mica. El caso de estudio particular ha consistido en el archivo musical de la sede territorial de rne en valladolid, concretamente de su magnetoteca de cintas de carrete abierto.<\/p>\n<p>&nbsp;<\/p>\n<h3>Datos acad\u00e9micos de la tesis doctoral \u00ab<strong>La digitalizaci\u00f3n de los soportes sonoros en archivos de radio: adaptaci\u00f3n de las normativas internacionales a la recuperaci\u00f3n de patrimonio cultural de car\u00e1cter local<\/strong>\u00ab<\/h3>\n<ul>\n<li><strong>T\u00edtulo de la tesis:<\/strong>\u00a0 La digitalizaci\u00f3n de los soportes sonoros en archivos de radio: adaptaci\u00f3n de las normativas internacionales a la recuperaci\u00f3n de patrimonio cultural de car\u00e1cter local <\/li>\n<li><strong>Autor:<\/strong>\u00a0 Miguel D\u00edaz-emparanza Almoguera <\/li>\n<li><strong>Universidad:<\/strong>\u00a0 Valladolid<\/li>\n<li><strong>Fecha de lectura de la tesis:<\/strong>\u00a0 04\/09\/2012<\/li>\n<\/ul>\n<p>&nbsp;<\/p>\n<h3>Direcci\u00f3n y tribunal<\/h3>\n<ul>\n<li><strong>Director de la tesis<\/strong>\n<ul>\n<li>Enrique Camara De Landa<\/li>\n<\/ul>\n<\/li>\n<li><strong>Tribunal<\/strong>\n<ul>\n<li>Presidente del tribunal: Mar\u00eda antonia Virgili blanquet <\/li>\n<li>annibale enrico Cetrangolo (vocal)<\/li>\n<li>Miguel angel Ferrer ballester (vocal)<\/li>\n<li>edson Zamprohna (vocal)<\/li>\n<\/ul>\n<\/li>\n<\/ul>\n<p>&nbsp;<\/p>\n","protected":false},"excerpt":{"rendered":"<p>Tesis doctoral de Miguel D\u00edaz-emparanza Almoguera Esta tesis se fundamenta en la puesta en valor de los documentos sonoros que [&hellip;]<\/p>\n","protected":false},"author":1,"featured_media":0,"comment_status":"open","ping_status":"open","sticky":false,"template":"","format":"standard","meta":{"site-sidebar-layout":"default","site-content-layout":"","ast-site-content-layout":"","site-content-style":"default","site-sidebar-style":"default","ast-global-header-display":"","ast-banner-title-visibility":"","ast-main-header-display":"","ast-hfb-above-header-display":"","ast-hfb-below-header-display":"","ast-hfb-mobile-header-display":"","site-post-title":"","ast-breadcrumbs-content":"","ast-featured-img":"","footer-sml-layout":"","theme-transparent-header-meta":"","adv-header-id-meta":"","stick-header-meta":"","header-above-stick-meta":"","header-main-stick-meta":"","header-below-stick-meta":"","astra-migrate-meta-layouts":"default","ast-page-background-enabled":"default","ast-page-background-meta":{"desktop":{"background-color":"var(--ast-global-color-4)","background-image":"","background-repeat":"repeat","background-position":"center center","background-size":"auto","background-attachment":"scroll","background-type":"","background-media":"","overlay-type":"","overlay-color":"","overlay-gradient":""},"tablet":{"background-color":"","background-image":"","background-repeat":"repeat","background-position":"center center","background-size":"auto","background-attachment":"scroll","background-type":"","background-media":"","overlay-type":"","overlay-color":"","overlay-gradient":""},"mobile":{"background-color":"","background-image":"","background-repeat":"repeat","background-position":"center center","background-size":"auto","background-attachment":"scroll","background-type":"","background-media":"","overlay-type":"","overlay-color":"","overlay-gradient":""}},"ast-content-background-meta":{"desktop":{"background-color":"var(--ast-global-color-5)","background-image":"","background-repeat":"repeat","background-position":"center center","background-size":"auto","background-attachment":"scroll","background-type":"","background-media":"","overlay-type":"","overlay-color":"","overlay-gradient":""},"tablet":{"background-color":"var(--ast-global-color-5)","background-image":"","background-repeat":"repeat","background-position":"center center","background-size":"auto","background-attachment":"scroll","background-type":"","background-media":"","overlay-type":"","overlay-color":"","overlay-gradient":""},"mobile":{"background-color":"var(--ast-global-color-5)","background-image":"","background-repeat":"repeat","background-position":"center center","background-size":"auto","background-attachment":"scroll","background-type":"","background-media":"","overlay-type":"","overlay-color":"","overlay-gradient":""}},"footnotes":""},"categories":[9132,12451],"tags":[207866,224797,12535,9723,16214,224796],"class_list":["post-113132","post","type-post","status-publish","format-standard","hentry","category-musica-y-musicologia","category-valladolid","tag-annibale-enrico-cetrangolo","tag-edson-zamprohna","tag-enrique-camara-de-landa","tag-maria-antonia-virgili-blanquet","tag-miguel-angel-ferrer-ballester","tag-miguel-diaz-emparanza-almoguera"],"_links":{"self":[{"href":"https:\/\/www.deberes.net\/tesis\/wp-json\/wp\/v2\/posts\/113132","targetHints":{"allow":["GET"]}}],"collection":[{"href":"https:\/\/www.deberes.net\/tesis\/wp-json\/wp\/v2\/posts"}],"about":[{"href":"https:\/\/www.deberes.net\/tesis\/wp-json\/wp\/v2\/types\/post"}],"author":[{"embeddable":true,"href":"https:\/\/www.deberes.net\/tesis\/wp-json\/wp\/v2\/users\/1"}],"replies":[{"embeddable":true,"href":"https:\/\/www.deberes.net\/tesis\/wp-json\/wp\/v2\/comments?post=113132"}],"version-history":[{"count":0,"href":"https:\/\/www.deberes.net\/tesis\/wp-json\/wp\/v2\/posts\/113132\/revisions"}],"wp:attachment":[{"href":"https:\/\/www.deberes.net\/tesis\/wp-json\/wp\/v2\/media?parent=113132"}],"wp:term":[{"taxonomy":"category","embeddable":true,"href":"https:\/\/www.deberes.net\/tesis\/wp-json\/wp\/v2\/categories?post=113132"},{"taxonomy":"post_tag","embeddable":true,"href":"https:\/\/www.deberes.net\/tesis\/wp-json\/wp\/v2\/tags?post=113132"}],"curies":[{"name":"wp","href":"https:\/\/api.w.org\/{rel}","templated":true}]}}