{"id":113148,"date":"2012-10-09T00:00:00","date_gmt":"2012-10-09T00:00:00","guid":{"rendered":"https:\/\/www.deberes.net\/tesis\/sin-categoria\/el-contexto-familiar-como-apoyo-a-la-autodeterminacion-de-las-personas-con-discapacidad-intelectual-estudio-sobre-sus-cualidades-segun-un-enfoque-centrado-en-la-familia\/"},"modified":"2012-10-09T00:00:00","modified_gmt":"2012-10-09T00:00:00","slug":"el-contexto-familiar-como-apoyo-a-la-autodeterminacion-de-las-personas-con-discapacidad-intelectual-estudio-sobre-sus-cualidades-segun-un-enfoque-centrado-en-la-familia","status":"publish","type":"post","link":"https:\/\/www.deberes.net\/tesis\/pedagogia\/el-contexto-familiar-como-apoyo-a-la-autodeterminacion-de-las-personas-con-discapacidad-intelectual-estudio-sobre-sus-cualidades-segun-un-enfoque-centrado-en-la-familia\/","title":{"rendered":"\u00abel contexto familiar como apoyo a la autodeterminaci\u00f3n de las personas con discapacidad intelectual. estudio sobre sus cualidades seg\u00fan un enfoque centrado en la familia\u00bb."},"content":{"rendered":"<h2>Tesis doctoral de <strong> Araceli Arellano Torres <\/strong><\/h2>\n<p>Contexto. La autodeterminaci\u00f3n es, desde finales de los a\u00f1os 90, objetivo educativo prioritario, dimensi\u00f3n de calidad de vida, derecho b\u00e1sico y eje de las organizaciones dedicadas a la discapacidad intelectual. Dada su importancia, son grandes los esfuerzos que investigadores y profesionales han realizado para formar a las personas con necesidades de apoyo para que sean ellas quienes vivan sus vidas, sin interferencias externas innecesarias. Sin embargo, a pesar de la importancia del rol de la familia como contexto de apoyo natural, es necesario un mayor cuerpo de investigaci\u00f3n que analice las percepciones, experiencias y preocupaciones de los padres acerca de la autodeterminaci\u00f3n de sus hijos.  objetivos. (1) ofrecer una visi\u00f3n de las nuevas pr\u00e1cticas profesionales centradas en la familia, como una herramienta para la formaci\u00f3n; (2) analizar el desarrollo de la autodeterminaci\u00f3n en el contexto familiar (3) realizar un estudio de campo para ofrecer un perfil de las familias, en cuanto a sus necesidades y fortalezas respecto al apoyo a sus hijos con discapacidad. resultados. Los resultados muestran que los padres est\u00e1n poco familiarizados con el concepto de autodeterminaci\u00f3n. Asimismo, encuentran dificultades para promover este tipo de h\u00e1bitos en su vida diaria, por razones como: la falta de tiempo, la necesidad de atender a otras tareas, el cansancio f\u00edsico y psicol\u00f3gico\u00c2\u00bf variables como \u00e9stas, relativas al contexto, influyen en el grado de conducta autodeterminada de sus hijos (condicionada, adem\u00e1s, por la edad y el nivel de discapacidad). Los participantes en este estudio muestran rasgos de resiliencia que deber\u00edan ser tomados como puntos de apoyo en la intervenci\u00f3n psicoeducativa.<\/p>\n<p>&nbsp;<\/p>\n<h3>Datos acad\u00e9micos de la tesis doctoral \u00ab<strong>\u00abel contexto familiar como apoyo a la autodeterminaci\u00f3n de las personas con discapacidad intelectual. estudio sobre sus cualidades seg\u00fan un enfoque centrado en la familia\u00bb.<\/strong>\u00ab<\/h3>\n<ul>\n<li><strong>T\u00edtulo de la tesis:<\/strong>\u00a0 \u00abel contexto familiar como apoyo a la autodeterminaci\u00f3n de las personas con discapacidad intelectual. estudio sobre sus cualidades seg\u00fan un enfoque centrado en la familia\u00bb. <\/li>\n<li><strong>Autor:<\/strong>\u00a0 Araceli Arellano Torres <\/li>\n<li><strong>Universidad:<\/strong>\u00a0 Navarra<\/li>\n<li><strong>Fecha de lectura de la tesis:<\/strong>\u00a0 10\/09\/2012<\/li>\n<\/ul>\n<p>&nbsp;<\/p>\n<h3>Direcci\u00f3n y tribunal<\/h3>\n<ul>\n<li><strong>Director de la tesis<\/strong>\n<ul>\n<li>Mar\u00eda Felisa Peralta L\u00f3pez<\/li>\n<\/ul>\n<\/li>\n<li><strong>Tribunal<\/strong>\n<ul>\n<li>Presidente del tribunal: Jes\u00fas nicasio Garcia sanchez <\/li>\n<li>aurora Bernal Martinez de soria (vocal)<\/li>\n<li>Marta Liesa or\u00fas (vocal)<\/li>\n<li>olga Lizasoain rumeu (vocal)<\/li>\n<\/ul>\n<\/li>\n<\/ul>\n<p>&nbsp;<\/p>\n","protected":false},"excerpt":{"rendered":"<p>Tesis doctoral de Araceli Arellano Torres Contexto. La autodeterminaci\u00f3n es, desde finales de los a\u00f1os 90, objetivo educativo prioritario, dimensi\u00f3n [&hellip;]<\/p>\n","protected":false},"author":1,"featured_media":0,"comment_status":"open","ping_status":"open","sticky":false,"template":"","format":"standard","meta":{"site-sidebar-layout":"default","site-content-layout":"","ast-site-content-layout":"","site-content-style":"default","site-sidebar-style":"default","ast-global-header-display":"","ast-banner-title-visibility":"","ast-main-header-display":"","ast-hfb-above-header-display":"","ast-hfb-below-header-display":"","ast-hfb-mobile-header-display":"","site-post-title":"","ast-breadcrumbs-content":"","ast-featured-img":"","footer-sml-layout":"","theme-transparent-header-meta":"","adv-header-id-meta":"","stick-header-meta":"","header-above-stick-meta":"","header-main-stick-meta":"","header-below-stick-meta":"","astra-migrate-meta-layouts":"default","ast-page-background-enabled":"default","ast-page-background-meta":{"desktop":{"background-color":"var(--ast-global-color-4)","background-image":"","background-repeat":"repeat","background-position":"center center","background-size":"auto","background-attachment":"scroll","background-type":"","background-media":"","overlay-type":"","overlay-color":"","overlay-gradient":""},"tablet":{"background-color":"","background-image":"","background-repeat":"repeat","background-position":"center center","background-size":"auto","background-attachment":"scroll","background-type":"","background-media":"","overlay-type":"","overlay-color":"","overlay-gradient":""},"mobile":{"background-color":"","background-image":"","background-repeat":"repeat","background-position":"center center","background-size":"auto","background-attachment":"scroll","background-type":"","background-media":"","overlay-type":"","overlay-color":"","overlay-gradient":""}},"ast-content-background-meta":{"desktop":{"background-color":"var(--ast-global-color-5)","background-image":"","background-repeat":"repeat","background-position":"center center","background-size":"auto","background-attachment":"scroll","background-type":"","background-media":"","overlay-type":"","overlay-color":"","overlay-gradient":""},"tablet":{"background-color":"var(--ast-global-color-5)","background-image":"","background-repeat":"repeat","background-position":"center center","background-size":"auto","background-attachment":"scroll","background-type":"","background-media":"","overlay-type":"","overlay-color":"","overlay-gradient":""},"mobile":{"background-color":"var(--ast-global-color-5)","background-image":"","background-repeat":"repeat","background-position":"center center","background-size":"auto","background-attachment":"scroll","background-type":"","background-media":"","overlay-type":"","overlay-color":"","overlay-gradient":""}},"footnotes":""},"categories":[6222,5173,17749,1141,6920],"tags":[224818,17850,5399,166904,56078,166905],"class_list":["post-113148","post","type-post","status-publish","format-standard","hentry","category-educacion-especial","category-metodos-educativos","category-navarra","category-pedagogia","category-problemas-de-aprendizaje","tag-araceli-arellano-torres","tag-aurora-bernal-Martinez-de-soria","tag-jesus-nicasio-garcia-sanchez","tag-maria-felisa-peralta-lopez","tag-marta-liesa-orus","tag-olga-lizasoain-rumeu"],"_links":{"self":[{"href":"https:\/\/www.deberes.net\/tesis\/wp-json\/wp\/v2\/posts\/113148","targetHints":{"allow":["GET"]}}],"collection":[{"href":"https:\/\/www.deberes.net\/tesis\/wp-json\/wp\/v2\/posts"}],"about":[{"href":"https:\/\/www.deberes.net\/tesis\/wp-json\/wp\/v2\/types\/post"}],"author":[{"embeddable":true,"href":"https:\/\/www.deberes.net\/tesis\/wp-json\/wp\/v2\/users\/1"}],"replies":[{"embeddable":true,"href":"https:\/\/www.deberes.net\/tesis\/wp-json\/wp\/v2\/comments?post=113148"}],"version-history":[{"count":0,"href":"https:\/\/www.deberes.net\/tesis\/wp-json\/wp\/v2\/posts\/113148\/revisions"}],"wp:attachment":[{"href":"https:\/\/www.deberes.net\/tesis\/wp-json\/wp\/v2\/media?parent=113148"}],"wp:term":[{"taxonomy":"category","embeddable":true,"href":"https:\/\/www.deberes.net\/tesis\/wp-json\/wp\/v2\/categories?post=113148"},{"taxonomy":"post_tag","embeddable":true,"href":"https:\/\/www.deberes.net\/tesis\/wp-json\/wp\/v2\/tags?post=113148"}],"curies":[{"name":"wp","href":"https:\/\/api.w.org\/{rel}","templated":true}]}}