{"id":113182,"date":"2018-03-11T10:40:29","date_gmt":"2018-03-11T10:40:29","guid":{"rendered":"https:\/\/www.deberes.net\/tesis\/sin-categoria\/los-teatros-del-desierto-produccion-del-espacio-durante-el-ciclo-del-salitre-chile-1830-1979\/"},"modified":"2018-03-11T10:40:29","modified_gmt":"2018-03-11T10:40:29","slug":"los-teatros-del-desierto-produccion-del-espacio-durante-el-ciclo-del-salitre-chile-1830-1979","status":"publish","type":"post","link":"https:\/\/www.deberes.net\/tesis\/antropologia-cultural\/los-teatros-del-desierto-produccion-del-espacio-durante-el-ciclo-del-salitre-chile-1830-1979\/","title":{"rendered":"Los teatros del desierto. produccion del espacio durante el ciclo del salitre chile 1830-1979"},"content":{"rendered":"<h2>Tesis doctoral de <strong> Luis Alberto Prado D\u00edaz <\/strong><\/h2>\n<p>A fines del siglo xix afloraron en los puertos de iquique y pisagua, norte de chile, profundas transformaciones sociales y urbanas dando cuenta de una nueva mentalidad, moderna, liberal, marcada por la imposici\u00f3n del modelo capitalista. Eran nuevas ciudades, distintas a las de ra\u00edz colonial, sin fecha de fundaci\u00f3n ni af\u00e1n estratega militar. Surgieron, organizada por una nueva institucionalidad, formada por pol\u00edticos liberales, ilustrados hombres de negocio, y con el s\u00f3lo objeto de cumplir con el rol que la t\u00e9cnica moderna le asignaba, la de nexo comercial y servicios en la circulaci\u00f3n del producto de la explotaci\u00f3n del salitre. Es all\u00ed donde surgi\u00f3 un teatro que acogi\u00f3 las aspiraciones y convenciones de la clase dirigente. Se viv\u00eda el periodo de auge econ\u00f3mico del ciclo del salitre, donde la opulencia fue la actitud que caracteriz\u00f3 a la sociedad, amparando la edificaci\u00f3n de salas que rememoraban a los grandes teatros europeos, acogiendo el refinamiento del evento social y del espect\u00e1culo del canto l\u00edrico y dram\u00e1tico. De este modo las ciudades se integraron al itinerario de las principales compa\u00f1\u00edas de teatro en su periplo mundial, concediendo tanto a migrantes como a los nacionales que reprodujeran el mundo cultural y social europeo. Las salas de teatro quedaron as\u00ed, en sitios destacados de la ciudad, como testimonio de aquella \u00e9poca, dando cuenta del pasado portentoso que se vivi\u00f3 alrededor del auge del salitre. En forma paralela, la emergencia de la clase obrera y la crisis social marc\u00f3 el proceso social y cultural de la etapa de auge de las ciudades del salitre. Fue en este escenario donde surgi\u00f3 el fen\u00f3meno socio-espacial asociado a las transformaciones de la era industrial, el desarrollo de la clase obrera. Un proceso que se expandi\u00f3 desde europa, por las ciudades que fueron adhiriendo al proceso de industrializaci\u00f3n. La concentraci\u00f3n masiva de trabajadores fue el sustrato para el origen y expansi\u00f3n del movimiento obrero, que naci\u00f3 tras sus reivindicaciones sociales. Asimismo, fue la base para el desarrollo de la asociatividad gremial y mutualista, la que estuvo acompa\u00f1ada por movimientos ilustrados que vieron en la educaci\u00f3n y en la cultura la forma de superaci\u00f3n del estado de postraci\u00f3n en que se encontraban. En ella, las formas de organizaci\u00f3n y representaci\u00f3n social actuaron a trav\u00e9s del teatro que se fue masificando, con zarzuelas y sainetes, con filarm\u00f3nicas y estudiantinas. Es all\u00ed donde surgi\u00f3 un quehacer teatral interiormente transgresor, que se alej\u00f3 de los edificios convencionales y se apeg\u00f3 al de las mutuales y sociedades filantr\u00f3picas, edificando un testimonio que no se destac\u00f3 por lo material sino por sus obras. En este contexto, la crisis que marc\u00f3 el fin del ciclo del salitre se\u00f1al\u00f3 el declive del teatro burgu\u00e9s, el que desaparece con las clases dirigentes que abandonan las ciudades. No obstante, el teatro que se reinventa y emerge es el que representa a las clases media y populares, hasta ese momento, las alejadas de los escenarios. Un proceso que va a estar sostenido por el estado benefactor con el apoyo a la creaci\u00f3n de nuevos espacios de representaci\u00f3n, y por el afianzamiento de un teatro con car\u00e1cter nacional, que tomando cuerpo en la zona central del pa\u00eds, va a llegar a un punto de auge con la llamada \u00c2\u00bfetapa de oro\u00c2\u00bf del teatro chileno, y que va a irradiar hacia las regiones. La hip\u00f3tesis levantada centr\u00f3 su estudio en el imaginario de la modernidad, en su visi\u00f3n catalizadora de la superaci\u00f3n por la superaci\u00f3n. A la vez, el pensamiento moderno instauro la idea de un mundo acotado de relaciones, desconociendo la multiplicidad de procesos que la formaron. La historia del teatro en chile est\u00e1 relacionada con los procesos de ocupaci\u00f3n del espacio, inseparable, como todo proceso del tiempo, de los m\u00faltiples v\u00ednculos existentes entre procesos pol\u00edticos, econ\u00f3micos, y culturales que se expresaron en una taxonom\u00eda espacial, de acumulaci\u00f3n, producci\u00f3n, y ocupaci\u00f3n del espacio.<\/p>\n<p>&nbsp;<\/p>\n<h3>Datos acad\u00e9micos de la tesis doctoral \u00ab<strong>Los teatros del desierto. produccion del espacio durante el ciclo del salitre chile 1830-1979<\/strong>\u00ab<\/h3>\n<ul>\n<li><strong>T\u00edtulo de la tesis:<\/strong>\u00a0 Los teatros del desierto. produccion del espacio durante el ciclo del salitre chile 1830-1979 <\/li>\n<li><strong>Autor:<\/strong>\u00a0 Luis Alberto Prado D\u00edaz <\/li>\n<li><strong>Universidad:<\/strong>\u00a0 Polit\u00e9cnica de catalunya<\/li>\n<li><strong>Fecha de lectura de la tesis:<\/strong>\u00a0 19\/09\/2012<\/li>\n<\/ul>\n<p>&nbsp;<\/p>\n<h3>Direcci\u00f3n y tribunal<\/h3>\n<ul>\n<li><strong>Director de la tesis<\/strong>\n<ul>\n<li>Antoni Ramon Graells<\/li>\n<\/ul>\n<\/li>\n<li><strong>Tribunal<\/strong>\n<ul>\n<li>Presidente del tribunal: horacio Capel saez <\/li>\n<li>francesc Foguet boreu (vocal)<\/li>\n<li>  (vocal)<\/li>\n<li>  (vocal)<\/li>\n<\/ul>\n<\/li>\n<\/ul>\n<p>&nbsp;<\/p>\n","protected":false},"excerpt":{"rendered":"<p>Tesis doctoral de Luis Alberto Prado D\u00edaz A fines del siglo xix afloraron en los puertos de iquique y pisagua, [&hellip;]<\/p>\n","protected":false},"author":1,"featured_media":0,"comment_status":"open","ping_status":"open","sticky":false,"template":"","format":"standard","meta":{"site-sidebar-layout":"default","site-content-layout":"","ast-site-content-layout":"","site-content-style":"default","site-sidebar-style":"default","ast-global-header-display":"","ast-banner-title-visibility":"","ast-main-header-display":"","ast-hfb-above-header-display":"","ast-hfb-below-header-display":"","ast-hfb-mobile-header-display":"","site-post-title":"","ast-breadcrumbs-content":"","ast-featured-img":"","footer-sml-layout":"","theme-transparent-header-meta":"","adv-header-id-meta":"","stick-header-meta":"","header-above-stick-meta":"","header-main-stick-meta":"","header-below-stick-meta":"","astra-migrate-meta-layouts":"default","ast-page-background-enabled":"default","ast-page-background-meta":{"desktop":{"background-color":"var(--ast-global-color-4)","background-image":"","background-repeat":"repeat","background-position":"center center","background-size":"auto","background-attachment":"scroll","background-type":"","background-media":"","overlay-type":"","overlay-color":"","overlay-gradient":""},"tablet":{"background-color":"","background-image":"","background-repeat":"repeat","background-position":"center center","background-size":"auto","background-attachment":"scroll","background-type":"","background-media":"","overlay-type":"","overlay-color":"","overlay-gradient":""},"mobile":{"background-color":"","background-image":"","background-repeat":"repeat","background-position":"center center","background-size":"auto","background-attachment":"scroll","background-type":"","background-media":"","overlay-type":"","overlay-color":"","overlay-gradient":""}},"ast-content-background-meta":{"desktop":{"background-color":"var(--ast-global-color-5)","background-image":"","background-repeat":"repeat","background-position":"center center","background-size":"auto","background-attachment":"scroll","background-type":"","background-media":"","overlay-type":"","overlay-color":"","overlay-gradient":""},"tablet":{"background-color":"var(--ast-global-color-5)","background-image":"","background-repeat":"repeat","background-position":"center center","background-size":"auto","background-attachment":"scroll","background-type":"","background-media":"","overlay-type":"","overlay-color":"","overlay-gradient":""},"mobile":{"background-color":"var(--ast-global-color-5)","background-image":"","background-repeat":"repeat","background-position":"center center","background-size":"auto","background-attachment":"scroll","background-type":"","background-media":"","overlay-type":"","overlay-color":"","overlay-gradient":""}},"footnotes":""},"categories":[983,4509,15596,1111],"tags":[168828,45492,1404,224878],"class_list":["post-113182","post","type-post","status-publish","format-standard","hentry","category-antropologia-cultural","category-arquitectura","category-politecnica-de-catalunya","category-teoria-analisis-y-critica-de-las-bellas-artes","tag-antoni-ramon-graells","tag-francesc-foguet-boreu","tag-horacio-capel-saez","tag-luis-alberto-prado-diaz"],"_links":{"self":[{"href":"https:\/\/www.deberes.net\/tesis\/wp-json\/wp\/v2\/posts\/113182","targetHints":{"allow":["GET"]}}],"collection":[{"href":"https:\/\/www.deberes.net\/tesis\/wp-json\/wp\/v2\/posts"}],"about":[{"href":"https:\/\/www.deberes.net\/tesis\/wp-json\/wp\/v2\/types\/post"}],"author":[{"embeddable":true,"href":"https:\/\/www.deberes.net\/tesis\/wp-json\/wp\/v2\/users\/1"}],"replies":[{"embeddable":true,"href":"https:\/\/www.deberes.net\/tesis\/wp-json\/wp\/v2\/comments?post=113182"}],"version-history":[{"count":0,"href":"https:\/\/www.deberes.net\/tesis\/wp-json\/wp\/v2\/posts\/113182\/revisions"}],"wp:attachment":[{"href":"https:\/\/www.deberes.net\/tesis\/wp-json\/wp\/v2\/media?parent=113182"}],"wp:term":[{"taxonomy":"category","embeddable":true,"href":"https:\/\/www.deberes.net\/tesis\/wp-json\/wp\/v2\/categories?post=113182"},{"taxonomy":"post_tag","embeddable":true,"href":"https:\/\/www.deberes.net\/tesis\/wp-json\/wp\/v2\/tags?post=113182"}],"curies":[{"name":"wp","href":"https:\/\/api.w.org\/{rel}","templated":true}]}}