{"id":113197,"date":"2018-03-11T10:40:29","date_gmt":"2018-03-11T10:40:29","guid":{"rendered":"https:\/\/www.deberes.net\/tesis\/sin-categoria\/aportaciones-a-la-transfera%c2%a8ncia-de-tecnologia-energa%c2%a8tica-aeroespacial-cap-al-vehicle-verd-construa%c2%afble-a-catalunya\/"},"modified":"2018-03-11T10:40:29","modified_gmt":"2018-03-11T10:40:29","slug":"aportaciones-a-la-transfera%c2%a8ncia-de-tecnologia-energa%c2%a8tica-aeroespacial-cap-al-vehicle-verd-construa%c2%afble-a-catalunya","status":"publish","type":"post","link":"https:\/\/www.deberes.net\/tesis\/ingenieria-y-tecnologia-electricas\/aportaciones-a-la-transfera%c2%a8ncia-de-tecnologia-energa%c2%a8tica-aeroespacial-cap-al-vehicle-verd-construa%c2%afble-a-catalunya\/","title":{"rendered":"Aportaciones a la transfer\u00e9ncia de tecnolog\u00eda energ\u00e9tica aeroespacial cap al vehicle verd constru\u00c1\u00afble a catalunya"},"content":{"rendered":"<h2>Tesis doctoral de <strong> Oriol Gallem\u00ed Rovira <\/strong><\/h2>\n<p>This work culminates a period of research began with the observation and measurement of performance of the first modern electric vehicle market and optimization of aerospace power. This thesis collects and compiles the findings of theses and final projects directed by dr.. Richard bosch, becoming a step in the chain towards the electric vehicle which he pursued for 30 years. The study focuses on the skills within catalan territory for mobility limitations, budget and industrial contacts, analyzing skills training, techniques and industrial. During the study, experiments were performed on electric propulsion platforms in private as it maintains the confidentiality of the final product, it is not necessarily ground. The structure immediately began considering the hypothesis that it is possible and feasible the construction and deployment of an electric vehicle that applies aerospace techniques in catalonia. Subsequently breaks down the training necessary for that purpose and we conclude that there is a lack of experts in electric generation and maintenance. Then there is a touch on a mission of spatial reference in the field to introduce technologies that are deployed ev type, and then made an analysis of the hybrid-electric vehicle technologies. The work contains a brief historical review, a search of energy sources and the next chapter attacked the security issues presented and how to solve them. Chapter 7 is a technical breakdown of ve according to customer requirements and test procedures for energy efficiency. Finally we draw conclusions about the potential catalan and what contributions has been the state of the art of current technology, which finally outlines options that give continuity to the thesis and the most feasible business opportunities within the catalan territory. As a first option to continue, there are plans to prototyping to validate the whole chain of energy in the months following the thesis, since this part could not be included in the calendar for scheduling reasons and industrial incidents. This phase has the support of most manufacturers contacted and probably can count on rounds of investment funding.<\/p>\n<p>&nbsp;<\/p>\n<h3>Datos acad\u00e9micos de la tesis doctoral \u00ab<strong>Aportaciones a la transfer\u00e9ncia de tecnolog\u00eda energ\u00e9tica aeroespacial cap al vehicle verd constru\u00c1\u00afble a catalunya<\/strong>\u00ab<\/h3>\n<ul>\n<li><strong>T\u00edtulo de la tesis:<\/strong>\u00a0 Aportaciones a la transfer\u00e9ncia de tecnolog\u00eda energ\u00e9tica aeroespacial cap al vehicle verd constru\u00c1\u00afble a catalunya <\/li>\n<li><strong>Autor:<\/strong>\u00a0 Oriol Gallem\u00ed Rovira <\/li>\n<li><strong>Universidad:<\/strong>\u00a0 Polit\u00e9cnica de catalunya<\/li>\n<li><strong>Fecha de lectura de la tesis:<\/strong>\u00a0 21\/09\/2012<\/li>\n<\/ul>\n<p>&nbsp;<\/p>\n<h3>Direcci\u00f3n y tribunal<\/h3>\n<ul>\n<li><strong>Director de la tesis<\/strong>\n<ul>\n<li>Ricardo Bosch Tous<\/li>\n<\/ul>\n<\/li>\n<li><strong>Tribunal<\/strong>\n<ul>\n<li>Presidente del tribunal: Juan  Carlos Garcia prada <\/li>\n<li>alfredo Alvarez garcia (vocal)<\/li>\n<li>  (vocal)<\/li>\n<li>  (vocal)<\/li>\n<\/ul>\n<\/li>\n<\/ul>\n<p>&nbsp;<\/p>\n","protected":false},"excerpt":{"rendered":"<p>Tesis doctoral de Oriol Gallem\u00ed Rovira This work culminates a period of research began with the observation and measurement of [&hellip;]<\/p>\n","protected":false},"author":1,"featured_media":0,"comment_status":"open","ping_status":"open","sticky":false,"template":"","format":"standard","meta":{"site-sidebar-layout":"default","site-content-layout":"","ast-site-content-layout":"","site-content-style":"default","site-sidebar-style":"default","ast-global-header-display":"","ast-banner-title-visibility":"","ast-main-header-display":"","ast-hfb-above-header-display":"","ast-hfb-below-header-display":"","ast-hfb-mobile-header-display":"","site-post-title":"","ast-breadcrumbs-content":"","ast-featured-img":"","footer-sml-layout":"","theme-transparent-header-meta":"","adv-header-id-meta":"","stick-header-meta":"","header-above-stick-meta":"","header-main-stick-meta":"","header-below-stick-meta":"","astra-migrate-meta-layouts":"default","ast-page-background-enabled":"default","ast-page-background-meta":{"desktop":{"background-color":"var(--ast-global-color-4)","background-image":"","background-repeat":"repeat","background-position":"center center","background-size":"auto","background-attachment":"scroll","background-type":"","background-media":"","overlay-type":"","overlay-color":"","overlay-gradient":""},"tablet":{"background-color":"","background-image":"","background-repeat":"repeat","background-position":"center center","background-size":"auto","background-attachment":"scroll","background-type":"","background-media":"","overlay-type":"","overlay-color":"","overlay-gradient":""},"mobile":{"background-color":"","background-image":"","background-repeat":"repeat","background-position":"center center","background-size":"auto","background-attachment":"scroll","background-type":"","background-media":"","overlay-type":"","overlay-color":"","overlay-gradient":""}},"ast-content-background-meta":{"desktop":{"background-color":"var(--ast-global-color-5)","background-image":"","background-repeat":"repeat","background-position":"center center","background-size":"auto","background-attachment":"scroll","background-type":"","background-media":"","overlay-type":"","overlay-color":"","overlay-gradient":""},"tablet":{"background-color":"var(--ast-global-color-5)","background-image":"","background-repeat":"repeat","background-position":"center center","background-size":"auto","background-attachment":"scroll","background-type":"","background-media":"","overlay-type":"","overlay-color":"","overlay-gradient":""},"mobile":{"background-color":"var(--ast-global-color-5)","background-image":"","background-repeat":"repeat","background-position":"center center","background-size":"auto","background-attachment":"scroll","background-type":"","background-media":"","overlay-type":"","overlay-color":"","overlay-gradient":""}},"footnotes":""},"categories":[30814,8096,38362,10835,15596],"tags":[41118,132467,224904,15811],"class_list":["post-113197","post","type-post","status-publish","format-standard","hentry","category-estabilidad-y-control-de-aeronaves","category-ingenieria-y-tecnologia-electricas","category-maquinaria-electrica-rotatoria","category-motores-electricos","category-politecnica-de-catalunya","tag-alfredo-alvarez-garcia","tag-juan-carlos-garcia-prada","tag-oriol-gallemi-rovira","tag-ricardo-bosch-tous"],"_links":{"self":[{"href":"https:\/\/www.deberes.net\/tesis\/wp-json\/wp\/v2\/posts\/113197","targetHints":{"allow":["GET"]}}],"collection":[{"href":"https:\/\/www.deberes.net\/tesis\/wp-json\/wp\/v2\/posts"}],"about":[{"href":"https:\/\/www.deberes.net\/tesis\/wp-json\/wp\/v2\/types\/post"}],"author":[{"embeddable":true,"href":"https:\/\/www.deberes.net\/tesis\/wp-json\/wp\/v2\/users\/1"}],"replies":[{"embeddable":true,"href":"https:\/\/www.deberes.net\/tesis\/wp-json\/wp\/v2\/comments?post=113197"}],"version-history":[{"count":0,"href":"https:\/\/www.deberes.net\/tesis\/wp-json\/wp\/v2\/posts\/113197\/revisions"}],"wp:attachment":[{"href":"https:\/\/www.deberes.net\/tesis\/wp-json\/wp\/v2\/media?parent=113197"}],"wp:term":[{"taxonomy":"category","embeddable":true,"href":"https:\/\/www.deberes.net\/tesis\/wp-json\/wp\/v2\/categories?post=113197"},{"taxonomy":"post_tag","embeddable":true,"href":"https:\/\/www.deberes.net\/tesis\/wp-json\/wp\/v2\/tags?post=113197"}],"curies":[{"name":"wp","href":"https:\/\/api.w.org\/{rel}","templated":true}]}}