{"id":113264,"date":"2012-01-10T00:00:00","date_gmt":"2012-01-10T00:00:00","guid":{"rendered":""},"modified":"2012-01-10T00:00:00","modified_gmt":"2012-01-10T00:00:00","slug":"tratamiento-del-sindrome-de-apnea-obstructiva-del-sueno-saos-asociadoa-sa%c2%adndrome-de-hipoventilacion-obesidad-sho-presion-positiva-continua-cpap-versus-ventilacion-con-presion-positiva-bi-n","status":"publish","type":"post","link":"https:\/\/www.deberes.net\/tesis\/ciencias-medicas\/tratamiento-del-sindrome-de-apnea-obstructiva-del-sueno-saos-asociadoa-sa%c2%adndrome-de-hipoventilacion-obesidad-sho-presion-positiva-continua-cpap-versus-ventilacion-con-presion-positiva-bi-n\/","title":{"rendered":"Tratamiento del sindrome de apnea obstructiva del sue\u00f1o (saos) asociadoa s\u00edndrome de hipoventilaci\u00f3n obesidad (sho). presi\u00f3n positiva continua (cpap) versus ventilaci\u00f3n con presi\u00f3n positiva bi-nivel (bipap)"},"content":{"rendered":"<h2>Tesis doctoral de <strong> Julio Hernandez Vazquez <\/strong><\/h2>\n<p>\u00c2\u00bftratamiento del s\u00edndrome de apnea obstructiva del sue\u00f1o (saos) asociado a s\u00edndrome de hipoventilaci\u00f3n-obesidad (sho): presi\u00f3n positiva continua (cpap) versus ventilaci\u00f3n con presi\u00f3n positiva bi-nivel (bipap)\u00c2\u00bf objetivos el objetivo principal es valor ar la eficacia del tratamiento con bipap en comparaci\u00f3n con cpap sobre la disminuci\u00f3n de la pco2 en pacientes con saos y sho, a los 3 y 12 meses del inicio de su aplicaci\u00f3n. Los objetivos secundarios son comparar la evoluci\u00f3n de los pacientes tratado s con bipap con la de los tratados con cpap en t\u00e9rminos de mejor\u00eda de la po2 diurna, cambios en la pruebas de funci\u00f3n respiratoria (fev1 y fvc), control de la somnolencia que conlleva el saos medida mediante el test de epworth (te) y cambios en la ca lidad de vida, medida mediante el cuestionario de los resultados funcionales del sue\u00f1o (fosq). material y m\u00e9todos los enfermos diagnosticados de saos mediante poligraf\u00eda respiratoria nocturna que cumpl\u00edan los criterios de inclusi\u00f3n fueron valorados a dem\u00e1s mediante un estudio funcional respiratorio (gasometr\u00eda arterial basal y espirometr\u00eda) en situaci\u00f3n basal. Adem\u00e1s cada paciente realiz\u00f3 el te y el fosq. Estos estudios se efectuaron antes de la instauraci\u00f3n de cualquier medida terap\u00e9utica. En un a segunda fase, los pacientes que seg\u00fan criterios cl\u00ednicos y poligr\u00e1ficos precisaban tratamiento espec\u00edfico fueron randomizados a recibir cpap o bipap, realizando una titulaci\u00f3n posterior para confirmar la desaparici\u00f3n de los eventos nocturnos. Ambos  grupos de enfermos fueron evaluados de nuevo a los 3 y a los 12 meses, repiti\u00e9ndose el mismo estudio funcional respiratorio (espirometr\u00eda y gasometr\u00eda arterial basal), y los cuestionarios (te y fosq). El programa estad\u00edstico utilizado fue pasw stati stics versi\u00f3n 19.0 (ibm-spss inc., Ee.Uu.) Y epidat 3.1. (Conseller\u00eda de sanidade, xunta de galicia, espa\u00f1a). resultados se incluyeron 26 pacientes diagnosticados de saos y sho. Todos los pacientes ten\u00edan un \u00edndice de masa corporal (imc) mayor que 30  kg\/m2, un \u00edndice de apnea hipopnea (iah) mayor que 10 eventos\/hora y una insuficiencia respiratoria global con una pco2 diurna y\/o nocturna mayor que 45 mmhg. No se apreciaron diferencias entre grupos al comienzo del estudio. A los 3 meses en el gru po cpap se apreciaron diferencias significativas respecto a la situaci\u00f3n inicial en el te y en el fosq, quedando la pco2 y la po2 pr\u00f3ximas a la significaci\u00f3n estad\u00edstica (0.055 y 0.078 respectivamente). En el grupo bipap se apreciaron diferencias en<\/p>\n<p>&nbsp;<\/p>\n<h3>Datos acad\u00e9micos de la tesis doctoral \u00ab<strong>Tratamiento del sindrome de apnea obstructiva del sue\u00f1o (saos) asociadoa s\u00edndrome de hipoventilaci\u00f3n obesidad (sho). presi\u00f3n positiva continua (cpap) versus ventilaci\u00f3n con presi\u00f3n positiva bi-nivel (bipap)<\/strong>\u00ab<\/h3>\n<ul>\n<li><strong>T\u00edtulo de la tesis:<\/strong>\u00a0 Tratamiento del sindrome de apnea obstructiva del sue\u00f1o (saos) asociadoa s\u00edndrome de hipoventilaci\u00f3n obesidad (sho). presi\u00f3n positiva continua (cpap) versus ventilaci\u00f3n con presi\u00f3n positiva bi-nivel (bipap) <\/li>\n<li><strong>Autor:<\/strong>\u00a0 Julio Hernandez Vazquez <\/li>\n<li><strong>Universidad:<\/strong>\u00a0 Complutense de Madrid<\/li>\n<li><strong>Fecha de lectura de la tesis:<\/strong>\u00a0 01\/10\/2012<\/li>\n<\/ul>\n<p>&nbsp;<\/p>\n<h3>Direcci\u00f3n y tribunal<\/h3>\n<ul>\n<li><strong>Director de la tesis<\/strong>\n<ul>\n<li>Javier De Miguel Diez<\/li>\n<\/ul>\n<\/li>\n<li><strong>Tribunal<\/strong>\n<ul>\n<li>Presidente del tribunal: Jos\u00e9 Luis Alvarez sala walther <\/li>\n<li>rodrigo Jim\u00e9nez Garc\u00eda (vocal)<\/li>\n<li>Manuel Rodriguez zapata (vocal)<\/li>\n<li>rodolfo Alvarez-sala walther (vocal)<\/li>\n<\/ul>\n<\/li>\n<\/ul>\n<p>&nbsp;<\/p>\n","protected":false},"excerpt":{"rendered":"<p>Tesis doctoral de Julio Hernandez Vazquez \u00c2\u00bftratamiento del s\u00edndrome de apnea obstructiva del sue\u00f1o (saos) asociado a s\u00edndrome de hipoventilaci\u00f3n-obesidad [&hellip;]<\/p>\n","protected":false},"author":1,"featured_media":0,"comment_status":"open","ping_status":"open","sticky":false,"template":"","format":"standard","meta":{"site-sidebar-layout":"default","site-content-layout":"","ast-site-content-layout":"","site-content-style":"default","site-sidebar-style":"default","ast-global-header-display":"","ast-banner-title-visibility":"","ast-main-header-display":"","ast-hfb-above-header-display":"","ast-hfb-below-header-display":"","ast-hfb-mobile-header-display":"","site-post-title":"","ast-breadcrumbs-content":"","ast-featured-img":"","footer-sml-layout":"","theme-transparent-header-meta":"","adv-header-id-meta":"","stick-header-meta":"","header-above-stick-meta":"","header-main-stick-meta":"","header-below-stick-meta":"","astra-migrate-meta-layouts":"default","ast-page-background-enabled":"default","ast-page-background-meta":{"desktop":{"background-color":"var(--ast-global-color-4)","background-image":"","background-repeat":"repeat","background-position":"center center","background-size":"auto","background-attachment":"scroll","background-type":"","background-media":"","overlay-type":"","overlay-color":"","overlay-gradient":""},"tablet":{"background-color":"","background-image":"","background-repeat":"repeat","background-position":"center center","background-size":"auto","background-attachment":"scroll","background-type":"","background-media":"","overlay-type":"","overlay-color":"","overlay-gradient":""},"mobile":{"background-color":"","background-image":"","background-repeat":"repeat","background-position":"center center","background-size":"auto","background-attachment":"scroll","background-type":"","background-media":"","overlay-type":"","overlay-color":"","overlay-gradient":""}},"ast-content-background-meta":{"desktop":{"background-color":"var(--ast-global-color-5)","background-image":"","background-repeat":"repeat","background-position":"center center","background-size":"auto","background-attachment":"scroll","background-type":"","background-media":"","overlay-type":"","overlay-color":"","overlay-gradient":""},"tablet":{"background-color":"var(--ast-global-color-5)","background-image":"","background-repeat":"repeat","background-position":"center center","background-size":"auto","background-attachment":"scroll","background-type":"","background-media":"","overlay-type":"","overlay-color":"","overlay-gradient":""},"mobile":{"background-color":"var(--ast-global-color-5)","background-image":"","background-repeat":"repeat","background-position":"center center","background-size":"auto","background-attachment":"scroll","background-type":"","background-media":"","overlay-type":"","overlay-color":"","overlay-gradient":""}},"footnotes":""},"categories":[9,986],"tags":[142256,6075,225013,17588,3296,60803],"class_list":["post-113264","post","type-post","status-publish","format-standard","hentry","category-ciencias-medicas","category-complutense-de-madrid","tag-javier-de-miguel-diez","tag-jose-luis-alvarez-sala-walther","tag-julio-hernandez-vazquez","tag-manuel-rodriguez-zapata","tag-rodolfo-alvarez-sala-walther","tag-rodrigo-jimenez-garcia"],"_links":{"self":[{"href":"https:\/\/www.deberes.net\/tesis\/wp-json\/wp\/v2\/posts\/113264","targetHints":{"allow":["GET"]}}],"collection":[{"href":"https:\/\/www.deberes.net\/tesis\/wp-json\/wp\/v2\/posts"}],"about":[{"href":"https:\/\/www.deberes.net\/tesis\/wp-json\/wp\/v2\/types\/post"}],"author":[{"embeddable":true,"href":"https:\/\/www.deberes.net\/tesis\/wp-json\/wp\/v2\/users\/1"}],"replies":[{"embeddable":true,"href":"https:\/\/www.deberes.net\/tesis\/wp-json\/wp\/v2\/comments?post=113264"}],"version-history":[{"count":0,"href":"https:\/\/www.deberes.net\/tesis\/wp-json\/wp\/v2\/posts\/113264\/revisions"}],"wp:attachment":[{"href":"https:\/\/www.deberes.net\/tesis\/wp-json\/wp\/v2\/media?parent=113264"}],"wp:term":[{"taxonomy":"category","embeddable":true,"href":"https:\/\/www.deberes.net\/tesis\/wp-json\/wp\/v2\/categories?post=113264"},{"taxonomy":"post_tag","embeddable":true,"href":"https:\/\/www.deberes.net\/tesis\/wp-json\/wp\/v2\/tags?post=113264"}],"curies":[{"name":"wp","href":"https:\/\/api.w.org\/{rel}","templated":true}]}}