{"id":113271,"date":"2012-04-10T00:00:00","date_gmt":"2012-04-10T00:00:00","guid":{"rendered":"https:\/\/www.deberes.net\/tesis\/sin-categoria\/espacio-y-recorrido-en-alvar-aalto\/"},"modified":"2012-04-10T00:00:00","modified_gmt":"2012-04-10T00:00:00","slug":"espacio-y-recorrido-en-alvar-aalto","status":"publish","type":"post","link":"https:\/\/www.deberes.net\/tesis\/arquitectura\/espacio-y-recorrido-en-alvar-aalto\/","title":{"rendered":"Espacio y recorrido en alvar aalto"},"content":{"rendered":"<h2>Tesis doctoral de <strong> Daniel Garcia Escudero <\/strong><\/h2>\n<p>Esta tesis doctoral parte, como cualquier investigaci\u00f3n, de una intuici\u00f3n que se transforma en hip\u00f3tesis y, por tanto, en veh\u00edculo que gobierna el desarrollo de toda una argumentaci\u00f3n. En este caso, las intuiciones iniciales tienen su origen en un viaje por tierras n\u00f3rdicas donde por primera vez visito algunas obras del arquitecto fin\u00e9s alvar aalto. A ra\u00edz del viaje, en verano de 2004, comienzo a investigar su arquitectura y la experiencia emp\u00edrica inicial da paso a un acercamiento intelectual a trav\u00e9s de los planos y los documentos que se generaron para producir parte de su legado arquitect\u00f3nico.  Esos primeros acercamientos f\u00edsicos e intelectuales me sirvieron para comenzar a intuir que uno de los aspectos b\u00e1sicos de su arquitectura es la manera en la que se produce, controla y regula el recorrido de los usuarios. La estrat\u00e9gica disposici\u00f3n de los cuerpos en sus conjuntos responde, en muchas ocasiones, a disposiciones que marcan y potencian los itinerarios hacia y a trav\u00e9s de ellos. De la misma manera, los sinuosos y generosos vest\u00edbulos, y las tendidas y ergon\u00f3micas escaleras tienen como objetivo modelar, como si de un material blando se tratase, el movimiento de los usuarios al atravesar sus espacios y \u00c2\u00bfacariciar\u00c2\u00bf todos aquellos elementos y materiales que los articulan, como pavimentos, barandillas y pomos. Uno se mueve y se orienta con naturalidad entre las diferentes edificaciones que componen, por ejemplo, los conjuntos universitarios de otaniami y jyv\u00ed\u00a4skyl\u00ed\u00a4. En ellos podemos encontrar vest\u00edbulos que atraviesan las plantas bajas y potencian la circulaci\u00f3n no s\u00f3lo interior, sino tambi\u00e9n entre los \u00e1mbitos exteriores definidos por los propios vol\u00famenes. Tambi\u00e9n es f\u00e1cil adivinar la importancia de las \u00e1reas de circulaci\u00f3n en la definici\u00f3n de los espacios interiores de edificios p\u00fablicos como el museo de aalborg o la \u00f3pera de essen. Las \u00e1reas de recepci\u00f3n y movimiento acaban estructur\u00e1ndolos hasta el punto que compiten en superficie con los usos muse\u00edsticos y de representaci\u00f3n, respectivamente.  Esta primera hip\u00f3tesis da lugar, de manera inmediata, a una segunda conjetura, tambi\u00e9n relevante. Si el recorrido es un tema fundamental en su arquitectura, \u00c2\u00bfexiste alguna estructura formal u organizaci\u00f3n que potencie dichos recorridos?, \u00c2\u00bfes posible encontrar alguna disposici\u00f3n u orden recurrente que junto con los itinerarios establezcan una maniera aaltiana? Aunque la respuesta no implica la existencia de una soluci\u00f3n general y absoluta, s\u00ed invita a analizar los proyectos intentando subrayar aquello que permanece y persiste por encima de los encargos particulares.  Desde dicho punto de vista, no es dif\u00edcil percatarse de que cuando nos movemos por las obras de aalto lo solemos hacer en torno a un espacio central, cubierto o descubierto, respecto al cual se generan tangencialmente tanto nuestros movimientos como los diferentes vol\u00famenes que los acogen. Este tipo de orden, en muchas ocasiones formalizado a trav\u00e9s del arquetipo del patio o del hall, nos conduce a la disposici\u00f3n de planta central y su transgresi\u00f3n como estrategia tipol\u00f3gica recurrente.  Vista as\u00ed su arquitectura, el patio central del pabell\u00f3n fin\u00e9s en la exposici\u00f3n de par\u00eds de 1937 o el del ayuntamiento de s\u00ed\u00a4yn\u00ed\u00a4tsalo, la sala de estar de las viviendas de la hansaviertel, o el escenario de la \u00f3pera de essen, con independencia de su dimensi\u00f3n y uso, son entendidos a trav\u00e9s de un mismo orden que reconoce un centro como gozne compositivo y espacial. Un gozne que, dicho sea de paso, tambi\u00e9n sirve de referencia para movernos y desplazarnos, en general de una manera perimetral y envolvente.<\/p>\n<p>&nbsp;<\/p>\n<h3>Datos acad\u00e9micos de la tesis doctoral \u00ab<strong>Espacio y recorrido en alvar aalto<\/strong>\u00ab<\/h3>\n<ul>\n<li><strong>T\u00edtulo de la tesis:<\/strong>\u00a0 Espacio y recorrido en alvar aalto <\/li>\n<li><strong>Autor:<\/strong>\u00a0 Daniel Garcia Escudero <\/li>\n<li><strong>Universidad:<\/strong>\u00a0 Polit\u00e9cnica de catalunya<\/li>\n<li><strong>Fecha de lectura de la tesis:<\/strong>\u00a0 04\/10\/2012<\/li>\n<\/ul>\n<p>&nbsp;<\/p>\n<h3>Direcci\u00f3n y tribunal<\/h3>\n<ul>\n<li><strong>Director de la tesis<\/strong>\n<ul>\n<li>Victor Brosa Real<\/li>\n<\/ul>\n<\/li>\n<li><strong>Tribunal<\/strong>\n<ul>\n<li>Presidente del tribunal: f\u00e9lix Solaguren-beascoa de corral <\/li>\n<li>Mar\u00eda  paloma Gil gim\u00e9nez (vocal)<\/li>\n<li>lu\u00eds Mart\u00ednez santa- Mar\u00eda (vocal)<\/li>\n<li>Jorge Torres cueco (vocal)<\/li>\n<\/ul>\n<\/li>\n<\/ul>\n<p>&nbsp;<\/p>\n","protected":false},"excerpt":{"rendered":"<p>Tesis doctoral de Daniel Garcia Escudero Esta tesis doctoral parte, como cualquier investigaci\u00f3n, de una intuici\u00f3n que se transforma en [&hellip;]<\/p>\n","protected":false},"author":1,"featured_media":0,"comment_status":"open","ping_status":"open","sticky":false,"template":"","format":"standard","meta":{"site-sidebar-layout":"default","site-content-layout":"","ast-site-content-layout":"","site-content-style":"default","site-sidebar-style":"default","ast-global-header-display":"","ast-banner-title-visibility":"","ast-main-header-display":"","ast-hfb-above-header-display":"","ast-hfb-below-header-display":"","ast-hfb-mobile-header-display":"","site-post-title":"","ast-breadcrumbs-content":"","ast-featured-img":"","footer-sml-layout":"","theme-transparent-header-meta":"","adv-header-id-meta":"","stick-header-meta":"","header-above-stick-meta":"","header-main-stick-meta":"","header-below-stick-meta":"","astra-migrate-meta-layouts":"default","ast-page-background-enabled":"default","ast-page-background-meta":{"desktop":{"background-color":"var(--ast-global-color-4)","background-image":"","background-repeat":"repeat","background-position":"center center","background-size":"auto","background-attachment":"scroll","background-type":"","background-media":"","overlay-type":"","overlay-color":"","overlay-gradient":""},"tablet":{"background-color":"","background-image":"","background-repeat":"repeat","background-position":"center center","background-size":"auto","background-attachment":"scroll","background-type":"","background-media":"","overlay-type":"","overlay-color":"","overlay-gradient":""},"mobile":{"background-color":"","background-image":"","background-repeat":"repeat","background-position":"center center","background-size":"auto","background-attachment":"scroll","background-type":"","background-media":"","overlay-type":"","overlay-color":"","overlay-gradient":""}},"ast-content-background-meta":{"desktop":{"background-color":"var(--ast-global-color-5)","background-image":"","background-repeat":"repeat","background-position":"center center","background-size":"auto","background-attachment":"scroll","background-type":"","background-media":"","overlay-type":"","overlay-color":"","overlay-gradient":""},"tablet":{"background-color":"var(--ast-global-color-5)","background-image":"","background-repeat":"repeat","background-position":"center center","background-size":"auto","background-attachment":"scroll","background-type":"","background-media":"","overlay-type":"","overlay-color":"","overlay-gradient":""},"mobile":{"background-color":"var(--ast-global-color-5)","background-image":"","background-repeat":"repeat","background-position":"center center","background-size":"auto","background-attachment":"scroll","background-type":"","background-media":"","overlay-type":"","overlay-color":"","overlay-gradient":""}},"footnotes":""},"categories":[4509,15596],"tags":[225023,130463,149729,85199,158770,225024],"class_list":["post-113271","post","type-post","status-publish","format-standard","hentry","category-arquitectura","category-politecnica-de-catalunya","tag-daniel-garcia-escudero","tag-felix-solaguren-beascoa-de-corral","tag-jorge-torres-cueco","tag-luis-Martinez-santa-maria","tag-maria-paloma-gil-gimenez","tag-victor-brosa-real"],"_links":{"self":[{"href":"https:\/\/www.deberes.net\/tesis\/wp-json\/wp\/v2\/posts\/113271","targetHints":{"allow":["GET"]}}],"collection":[{"href":"https:\/\/www.deberes.net\/tesis\/wp-json\/wp\/v2\/posts"}],"about":[{"href":"https:\/\/www.deberes.net\/tesis\/wp-json\/wp\/v2\/types\/post"}],"author":[{"embeddable":true,"href":"https:\/\/www.deberes.net\/tesis\/wp-json\/wp\/v2\/users\/1"}],"replies":[{"embeddable":true,"href":"https:\/\/www.deberes.net\/tesis\/wp-json\/wp\/v2\/comments?post=113271"}],"version-history":[{"count":0,"href":"https:\/\/www.deberes.net\/tesis\/wp-json\/wp\/v2\/posts\/113271\/revisions"}],"wp:attachment":[{"href":"https:\/\/www.deberes.net\/tesis\/wp-json\/wp\/v2\/media?parent=113271"}],"wp:term":[{"taxonomy":"category","embeddable":true,"href":"https:\/\/www.deberes.net\/tesis\/wp-json\/wp\/v2\/categories?post=113271"},{"taxonomy":"post_tag","embeddable":true,"href":"https:\/\/www.deberes.net\/tesis\/wp-json\/wp\/v2\/tags?post=113271"}],"curies":[{"name":"wp","href":"https:\/\/api.w.org\/{rel}","templated":true}]}}