{"id":113288,"date":"2012-08-10T00:00:00","date_gmt":"2012-08-10T00:00:00","guid":{"rendered":"https:\/\/www.deberes.net\/tesis\/sin-categoria\/iglesia-poder-y-reformismo-en-la-habana-el-episcopado-de-juan-jose-diaz-de-espada-1802-1832\/"},"modified":"2012-08-10T00:00:00","modified_gmt":"2012-08-10T00:00:00","slug":"iglesia-poder-y-reformismo-en-la-habana-el-episcopado-de-juan-jose-diaz-de-espada-1802-1832","status":"publish","type":"post","link":"https:\/\/www.deberes.net\/tesis\/historia-contemporanea\/iglesia-poder-y-reformismo-en-la-habana-el-episcopado-de-juan-jose-diaz-de-espada-1802-1832\/","title":{"rendered":"Iglesia, poder y reformismo en la habana: el episcopado de juan jose diaz de espada (1802-1832)"},"content":{"rendered":"<h2>Tesis doctoral de <strong> Consolacion Fernandez Mellen <\/strong><\/h2>\n<p>El episcopado de juan jos\u00e9 d\u00edaz de espada (1802-1832) ha recibido una atenci\u00f3n preferente por parte de la historiograf\u00eda cubana, que ha destacado la actividad reformista de este obispo a favor de la salud p\u00fablica y como promotor de las ciencias y de la educaci\u00f3n. Particularmente, se ha incidido en el impulso que el obispo dio a la renovaci\u00f3n de las ense\u00f1anzas en el colegio seminario de la habana, donde se formaron y ense\u00f1aron destacadas figuras del pensamiento cubano decimon\u00f3nico, como el presb\u00edtero f\u00e9lix varela y jos\u00e9 antonio saco, bajo la protecci\u00f3n de este obispo.El inter\u00e9s sobre estas cuestiones ha ensombrecido otros aspectos de su gobierno eclesi\u00e1stico que resultan fundamentales para comprender el papel de la iglesia habanera en unas d\u00e9cadas en que se consolid\u00f3 el modelo econ\u00f3mico y social sobre el que cuba asent\u00f3 su desarrollo a lo largo del siglo xix. Dentro de la tendencia general de reforma de la iglesia que impuls\u00f3 la monarqu\u00eda borb\u00f3nica y que continu\u00f3 la l\u00ednea de la pol\u00edtica eclesi\u00e1stica de carlos iii, las reformas eclesi\u00e1sticas de d\u00edaz de espada fueron encaminadas a conseguir un mayor acercamiento de la instituci\u00f3n eclesial a una poblaci\u00f3n creciente y a establecer un modelo de iglesia al servicio de los intereses de la corona, de quien el obispo fue el mejor representante.<\/p>\n<p>&nbsp;<\/p>\n<h3>Datos acad\u00e9micos de la tesis doctoral \u00ab<strong>Iglesia, poder y reformismo en la habana: el episcopado de juan jose diaz de espada (1802-1832)<\/strong>\u00ab<\/h3>\n<ul>\n<li><strong>T\u00edtulo de la tesis:<\/strong>\u00a0 Iglesia, poder y reformismo en la habana: el episcopado de juan jose diaz de espada (1802-1832) <\/li>\n<li><strong>Autor:<\/strong>\u00a0 Consolacion Fernandez Mellen <\/li>\n<li><strong>Universidad:<\/strong>\u00a0 Pa\u00eds vasco\/euskal herriko unibertsitatea<\/li>\n<li><strong>Fecha de lectura de la tesis:<\/strong>\u00a0 08\/10\/2012<\/li>\n<\/ul>\n<p>&nbsp;<\/p>\n<h3>Direcci\u00f3n y tribunal<\/h3>\n<ul>\n<li><strong>Director de la tesis<\/strong>\n<ul>\n<li>Juan  Bosco Amores Carredano<\/li>\n<\/ul>\n<\/li>\n<li><strong>Tribunal<\/strong>\n<ul>\n<li>Presidente del tribunal: Luis Navarro garcia <\/li>\n<li>Jos\u00e9 Antonio Armillas vicente (vocal)<\/li>\n<li>Antonio Santamar\u00eda (vocal)<\/li>\n<li>josef Opatrn\u00ed\u00bd (vocal)<\/li>\n<\/ul>\n<\/li>\n<\/ul>\n<p>&nbsp;<\/p>\n","protected":false},"excerpt":{"rendered":"<p>Tesis doctoral de Consolacion Fernandez Mellen El episcopado de juan jos\u00e9 d\u00edaz de espada (1802-1832) ha recibido una atenci\u00f3n preferente [&hellip;]<\/p>\n","protected":false},"author":1,"featured_media":0,"comment_status":"open","ping_status":"open","sticky":false,"template":"","format":"standard","meta":{"site-sidebar-layout":"default","site-content-layout":"","ast-site-content-layout":"","site-content-style":"default","site-sidebar-style":"default","ast-global-header-display":"","ast-banner-title-visibility":"","ast-main-header-display":"","ast-hfb-above-header-display":"","ast-hfb-below-header-display":"","ast-hfb-mobile-header-display":"","site-post-title":"","ast-breadcrumbs-content":"","ast-featured-img":"","footer-sml-layout":"","theme-transparent-header-meta":"","adv-header-id-meta":"","stick-header-meta":"","header-above-stick-meta":"","header-main-stick-meta":"","header-below-stick-meta":"","astra-migrate-meta-layouts":"default","ast-page-background-enabled":"default","ast-page-background-meta":{"desktop":{"background-color":"var(--ast-global-color-4)","background-image":"","background-repeat":"repeat","background-position":"center center","background-size":"auto","background-attachment":"scroll","background-type":"","background-media":"","overlay-type":"","overlay-color":"","overlay-gradient":""},"tablet":{"background-color":"","background-image":"","background-repeat":"repeat","background-position":"center center","background-size":"auto","background-attachment":"scroll","background-type":"","background-media":"","overlay-type":"","overlay-color":"","overlay-gradient":""},"mobile":{"background-color":"","background-image":"","background-repeat":"repeat","background-position":"center center","background-size":"auto","background-attachment":"scroll","background-type":"","background-media":"","overlay-type":"","overlay-color":"","overlay-gradient":""}},"ast-content-background-meta":{"desktop":{"background-color":"var(--ast-global-color-5)","background-image":"","background-repeat":"repeat","background-position":"center center","background-size":"auto","background-attachment":"scroll","background-type":"","background-media":"","overlay-type":"","overlay-color":"","overlay-gradient":""},"tablet":{"background-color":"var(--ast-global-color-5)","background-image":"","background-repeat":"repeat","background-position":"center center","background-size":"auto","background-attachment":"scroll","background-type":"","background-media":"","overlay-type":"","overlay-color":"","overlay-gradient":""},"mobile":{"background-color":"var(--ast-global-color-5)","background-image":"","background-repeat":"repeat","background-position":"center center","background-size":"auto","background-attachment":"scroll","background-type":"","background-media":"","overlay-type":"","overlay-color":"","overlay-gradient":""}},"footnotes":""},"categories":[1816,12909],"tags":[153803,225045,4941,207155,59217,10745],"class_list":["post-113288","post","type-post","status-publish","format-standard","hentry","category-historia-contemporanea","category-pais-vasco-euskal-herriko-unibertsitatea","tag-antonio-santamaria","tag-consolacion-fernandez-mellen","tag-jose-antonio-armillas-vicente","tag-josef-opatrni","tag-juan-bosco-amores-carredano","tag-luis-navarro-garcia"],"_links":{"self":[{"href":"https:\/\/www.deberes.net\/tesis\/wp-json\/wp\/v2\/posts\/113288","targetHints":{"allow":["GET"]}}],"collection":[{"href":"https:\/\/www.deberes.net\/tesis\/wp-json\/wp\/v2\/posts"}],"about":[{"href":"https:\/\/www.deberes.net\/tesis\/wp-json\/wp\/v2\/types\/post"}],"author":[{"embeddable":true,"href":"https:\/\/www.deberes.net\/tesis\/wp-json\/wp\/v2\/users\/1"}],"replies":[{"embeddable":true,"href":"https:\/\/www.deberes.net\/tesis\/wp-json\/wp\/v2\/comments?post=113288"}],"version-history":[{"count":0,"href":"https:\/\/www.deberes.net\/tesis\/wp-json\/wp\/v2\/posts\/113288\/revisions"}],"wp:attachment":[{"href":"https:\/\/www.deberes.net\/tesis\/wp-json\/wp\/v2\/media?parent=113288"}],"wp:term":[{"taxonomy":"category","embeddable":true,"href":"https:\/\/www.deberes.net\/tesis\/wp-json\/wp\/v2\/categories?post=113288"},{"taxonomy":"post_tag","embeddable":true,"href":"https:\/\/www.deberes.net\/tesis\/wp-json\/wp\/v2\/tags?post=113288"}],"curies":[{"name":"wp","href":"https:\/\/api.w.org\/{rel}","templated":true}]}}