{"id":113294,"date":"2012-10-10T00:00:00","date_gmt":"2012-10-10T00:00:00","guid":{"rendered":"https:\/\/www.deberes.net\/tesis\/sin-categoria\/enrique-pinana-segado-vida-y-obra-poetica\/"},"modified":"2012-10-10T00:00:00","modified_gmt":"2012-10-10T00:00:00","slug":"enrique-pinana-segado-vida-y-obra-poetica","status":"publish","type":"post","link":"https:\/\/www.deberes.net\/tesis\/lengua-y-literatura\/enrique-pinana-segado-vida-y-obra-poetica\/","title":{"rendered":"Enrique pi\u00f1ana segado: vida y obra po\u00e9tica"},"content":{"rendered":"<h2>Tesis doctoral de <strong> Mar\u00eda  Belen Pi\u00f1ana Diaz <\/strong><\/h2>\n<p>Esta tesis doctoral se centra en el estudio de un escritor cuya vida ha sufrido profundos cambios que inciden en su obra literaria. Enrique pi\u00f1ana segado (1909-1979), maestro vocacional, ha escogido el g\u00e9nero po\u00e9tico como medio para expresar sus sentimientos y los sucesos acontecidos a lo largo de los a\u00f1os de su existencia.   la investigaci\u00f3n se estructura en varias partes: la biograf\u00eda abre paso a un estudio cronol\u00f3gico de su producci\u00f3n literaria, dividida esta en tres per\u00edodos: la poes\u00eda escrita antes de 1936; la comprendida entre 1936-1939 y la poes\u00eda de posguerra hasta casi sus \u00faltimos a\u00f1os de vida.  los influjos de distintas \u00e9pocas y autores se deslizan por el g\u00e9nero po\u00e9tico; los temas, las estrofas y las formas m\u00e9tricas empleadas plasman en todo lo momento lo que quiere transmitir, a la vez, en muchas ocasiones sirven como muestras hist\u00f3ricas de la espa\u00f1a del momento.   la estancia en prisi\u00f3n y la defensa, escrita por el mismo autor con una excelente prosa,  revelan la aptitud del poeta ante la literatura al mismo tiempo que suministra datos hist\u00f3ricos concretos.   the aim of this work is the study of the life of an author whose literary work has been influenced by deep changes in his life. Enrique pi\u00f1ana segado (1909-1979), vocational teacher, has chosen the poetic genre as a mean of expression of his feelings and the past events that he lived along his existence.   this research is organized as follows: the author&apos;s biography is the beginning of a chronological study of his literary output, which can be divided into three different periods: the poetry written before 1936, the one written between 1936-1939 and that corresponding to the postwar period until the last years of his life.  some influences of different epochs and authors can be observed in his poetry; the developed topics, verses and metrical forms always show what he wants to transmit and, in the most of the cases, they can be understood as historical examples of the spain of those years.   both, his stay in prison and the defense speech which had been written by himself with an excellent prose, depict the aptitude of the author for the literature and, at the same time, they provide some concrete data bout history.   palabras clave:  maestro hu\u00e9rfano guerra civil poes\u00eda posguerra magisterio prisi\u00f3n de san ant\u00f3n poes\u00eda popular defensa cartagena romancero  keys words  teacher orfhan civil war poetry postwar magister san anton&apos;s prison popular poetry legal assistance cartagena romancero<\/p>\n<p>&nbsp;<\/p>\n<h3>Datos acad\u00e9micos de la tesis doctoral \u00ab<strong>Enrique pi\u00f1ana segado: vida y obra po\u00e9tica<\/strong>\u00ab<\/h3>\n<ul>\n<li><strong>T\u00edtulo de la tesis:<\/strong>\u00a0 Enrique pi\u00f1ana segado: vida y obra po\u00e9tica <\/li>\n<li><strong>Autor:<\/strong>\u00a0 Mar\u00eda  Belen Pi\u00f1ana Diaz <\/li>\n<li><strong>Universidad:<\/strong>\u00a0 Murcia<\/li>\n<li><strong>Fecha de lectura de la tesis:<\/strong>\u00a0 10\/10\/2012<\/li>\n<\/ul>\n<p>&nbsp;<\/p>\n<h3>Direcci\u00f3n y tribunal<\/h3>\n<ul>\n<li><strong>Director de la tesis<\/strong>\n<ul>\n<li>Joaquin Hernandez Serna<\/li>\n<\/ul>\n<\/li>\n<li><strong>Tribunal<\/strong>\n<ul>\n<li>Presidente del tribunal: Jos\u00e9 ram\u00f3n Fern\u00e1ndez gonz\u00e1lez <\/li>\n<li>Antonio  vespertino Rodr\u00edguez rodr\u00edguez (vocal)<\/li>\n<li>estanislao Ram\u00f3n trives (vocal)<\/li>\n<li>inmaculada Brito de la nuez (vocal)<\/li>\n<\/ul>\n<\/li>\n<\/ul>\n<p>&nbsp;<\/p>\n","protected":false},"excerpt":{"rendered":"<p>Tesis doctoral de Mar\u00eda Belen Pi\u00f1ana Diaz Esta tesis doctoral se centra en el estudio de un escritor cuya vida [&hellip;]<\/p>\n","protected":false},"author":1,"featured_media":0,"comment_status":"open","ping_status":"open","sticky":false,"template":"","format":"standard","meta":{"site-sidebar-layout":"default","site-content-layout":"","ast-site-content-layout":"","site-content-style":"default","site-sidebar-style":"default","ast-global-header-display":"","ast-banner-title-visibility":"","ast-main-header-display":"","ast-hfb-above-header-display":"","ast-hfb-below-header-display":"","ast-hfb-mobile-header-display":"","site-post-title":"","ast-breadcrumbs-content":"","ast-featured-img":"","footer-sml-layout":"","theme-transparent-header-meta":"","adv-header-id-meta":"","stick-header-meta":"","header-above-stick-meta":"","header-main-stick-meta":"","header-below-stick-meta":"","astra-migrate-meta-layouts":"default","ast-page-background-enabled":"default","ast-page-background-meta":{"desktop":{"background-color":"var(--ast-global-color-4)","background-image":"","background-repeat":"repeat","background-position":"center center","background-size":"auto","background-attachment":"scroll","background-type":"","background-media":"","overlay-type":"","overlay-color":"","overlay-gradient":""},"tablet":{"background-color":"","background-image":"","background-repeat":"repeat","background-position":"center center","background-size":"auto","background-attachment":"scroll","background-type":"","background-media":"","overlay-type":"","overlay-color":"","overlay-gradient":""},"mobile":{"background-color":"","background-image":"","background-repeat":"repeat","background-position":"center center","background-size":"auto","background-attachment":"scroll","background-type":"","background-media":"","overlay-type":"","overlay-color":"","overlay-gradient":""}},"ast-content-background-meta":{"desktop":{"background-color":"var(--ast-global-color-5)","background-image":"","background-repeat":"repeat","background-position":"center center","background-size":"auto","background-attachment":"scroll","background-type":"","background-media":"","overlay-type":"","overlay-color":"","overlay-gradient":""},"tablet":{"background-color":"var(--ast-global-color-5)","background-image":"","background-repeat":"repeat","background-position":"center center","background-size":"auto","background-attachment":"scroll","background-type":"","background-media":"","overlay-type":"","overlay-color":"","overlay-gradient":""},"mobile":{"background-color":"var(--ast-global-color-5)","background-image":"","background-repeat":"repeat","background-position":"center center","background-size":"auto","background-attachment":"scroll","background-type":"","background-media":"","overlay-type":"","overlay-color":"","overlay-gradient":""}},"footnotes":""},"categories":[2142,13411,1867,636,8235],"tags":[143781,16716,129204,46685,225056,225055],"class_list":["post-113294","post","type-post","status-publish","format-standard","hentry","category-filologia","category-filologia-espanola","category-historia-de-la-literatura-espanola","category-lengua-y-literatura","category-murcia","tag-antonio-vespertino-rodriguez-rodriguez","tag-estanislao-ramon-trives","tag-inmaculada-brito-de-la-nuez","tag-joaquin-hernandez-serna","tag-jose-ramon-fernandez-gonzalez","tag-maria-belen-pinana-diaz"],"_links":{"self":[{"href":"https:\/\/www.deberes.net\/tesis\/wp-json\/wp\/v2\/posts\/113294","targetHints":{"allow":["GET"]}}],"collection":[{"href":"https:\/\/www.deberes.net\/tesis\/wp-json\/wp\/v2\/posts"}],"about":[{"href":"https:\/\/www.deberes.net\/tesis\/wp-json\/wp\/v2\/types\/post"}],"author":[{"embeddable":true,"href":"https:\/\/www.deberes.net\/tesis\/wp-json\/wp\/v2\/users\/1"}],"replies":[{"embeddable":true,"href":"https:\/\/www.deberes.net\/tesis\/wp-json\/wp\/v2\/comments?post=113294"}],"version-history":[{"count":0,"href":"https:\/\/www.deberes.net\/tesis\/wp-json\/wp\/v2\/posts\/113294\/revisions"}],"wp:attachment":[{"href":"https:\/\/www.deberes.net\/tesis\/wp-json\/wp\/v2\/media?parent=113294"}],"wp:term":[{"taxonomy":"category","embeddable":true,"href":"https:\/\/www.deberes.net\/tesis\/wp-json\/wp\/v2\/categories?post=113294"},{"taxonomy":"post_tag","embeddable":true,"href":"https:\/\/www.deberes.net\/tesis\/wp-json\/wp\/v2\/tags?post=113294"}],"curies":[{"name":"wp","href":"https:\/\/api.w.org\/{rel}","templated":true}]}}