{"id":113312,"date":"2018-03-11T10:40:40","date_gmt":"2018-03-11T10:40:40","guid":{"rendered":"https:\/\/www.deberes.net\/tesis\/sin-categoria\/morfogenesis-de-la-vena-de-serres-en-humanos\/"},"modified":"2018-03-11T10:40:40","modified_gmt":"2018-03-11T10:40:40","slug":"morfogenesis-de-la-vena-de-serres-en-humanos","status":"publish","type":"post","link":"https:\/\/www.deberes.net\/tesis\/ciencias-de-la-vida\/morfogenesis-de-la-vena-de-serres-en-humanos\/","title":{"rendered":"Morfog\u00e9nesis de la vena de serres en humanos."},"content":{"rendered":"<h2>Tesis doctoral de <strong> Jaime Jimenez Garcia <\/strong><\/h2>\n<p>Morfog\u00e9nesis de la vena de serres en humanos  sobre el desarrollo de la mand\u00edbula, se han realizado numerosos estudios, la mayor\u00eda de ellos relacionados con su osificaci\u00f3n.  Por otro lado, aunque los conductos vasculares y la vascularizaci\u00f3n de este hueso han sido referidos en adultos (demster y enlow, 1959; hamparian, 1973; scheffer y jansen, 1987; kingsmil y cols., 2007), sin embargo no han sido estudiados durante el per\u00edodo fetal. Tampoco han sido se\u00f1aladas en los textos cl\u00e1sicos de embriolog \u00eda algunas caracter\u00edsticas morfol\u00f3gicas de la mand\u00edbula durante el periodo fetal. Este ser\u00eda el caso de la vena y conducto de serres (1817). En nuestra  tesis doctoral hemos analizado el desarrollo de la vena de serres y la relaci\u00f3n que tiene con la osificaci\u00f3n de los cart\u00edlagos de meckel. Se ha subrayado la importancia que tiene la vascularizaci\u00f3n y la vena de serres en la osificaci\u00f3n de la mand\u00edbula, ya que hasta ahora no se hab\u00eda establecido ning\u00fan tipo de relaci\u00f3n entre ambos procesos. para la elaboraci\u00f3n del presente trabajo de investigaci\u00f3n se han analizado 66 embriones y fetos humanos pertenecientes al instituto de embriolog\u00eda de la universidad complutense de Madrid. Los especimenes estaban  comprendidos entre los 14.5 mm y 137 mm. D e longitud v\u00e9rtex-c\u00f3ccix (vc), de 41 d\u00edas (estadio 17) a 16 semanas de edad gestacional, seg\u00fan los estadios de la carnegie. en nuestro estudio se estableci\u00f3 una correlaci\u00f3n morfog\u00e9nica entre los cambios que se producen en el cart\u00edlago de meckel y el desarrollo de la regi\u00f3n anterior del  cuerpo mandibular, con la formaci\u00f3n de la vena de serres. Vena de serres que fue observada constantemente desde el momento de su constituci\u00f3n a las nueve semanas de desarrollo. para nosotros, la vena de serres no  es un afluente de la vena alveolar inferior, sino que es independiente. As\u00ed, en contraste con la vena alveolar inferior que ser\u00eda el principal drenaje de los g\u00e9rmenes dentarios, la vena de serres ser\u00eda la v\u00eda de drenaje principal de gran parte de la  mand\u00edbula. por tanto,  creemos que la mand\u00edbula, especialmente la regi\u00f3n de la s\u00ednfisis, corresponde a un modelo de osteog\u00e9nesis-destrucci\u00f3n. La osteog\u00e9nesis -destrucci\u00f3n aumenta la angiog\u00e9nesis (fang y cols., 2005; zheng y cols., 2009). Siendo esta  una de las razones del porqu\u00e9 la vena de serres tiene su origen de la osificaci\u00f3n endocondral del cart\u00edlago de meckel. Por otro lado, el desarrollo de la parte alveolar de la mand\u00edbula se drenar\u00eda por la vena alveolar inferior. Por tanto, confirmamo<\/p>\n<p>&nbsp;<\/p>\n<h3>Datos acad\u00e9micos de la tesis doctoral \u00ab<strong>Morfog\u00e9nesis de la vena de serres en humanos.<\/strong>\u00ab<\/h3>\n<ul>\n<li><strong>T\u00edtulo de la tesis:<\/strong>\u00a0 Morfog\u00e9nesis de la vena de serres en humanos. <\/li>\n<li><strong>Autor:<\/strong>\u00a0 Jaime Jimenez Garcia <\/li>\n<li><strong>Universidad:<\/strong>\u00a0 Complutense de Madrid<\/li>\n<li><strong>Fecha de lectura de la tesis:<\/strong>\u00a0 19\/10\/2012<\/li>\n<\/ul>\n<p>&nbsp;<\/p>\n<h3>Direcci\u00f3n y tribunal<\/h3>\n<ul>\n<li><strong>Director de la tesis<\/strong>\n<ul>\n<li>Samuel Verdugo L\u00f3pez<\/li>\n<\/ul>\n<\/li>\n<li><strong>Tribunal<\/strong>\n<ul>\n<li>Presidente del tribunal: Jos\u00e9 Francisco L\u00f3pez lozano <\/li>\n<li>Manuel Rosety plaza (vocal)<\/li>\n<li>Jos\u00e9 m. Botella p\u00e9rez (vocal)<\/li>\n<li>Juan Jim\u00e9nez collado (vocal)<\/li>\n<\/ul>\n<\/li>\n<\/ul>\n<p>&nbsp;<\/p>\n","protected":false},"excerpt":{"rendered":"<p>Tesis doctoral de Jaime Jimenez Garcia Morfog\u00e9nesis de la vena de serres en humanos sobre el desarrollo de la mand\u00edbula, [&hellip;]<\/p>\n","protected":false},"author":1,"featured_media":0,"comment_status":"open","ping_status":"open","sticky":false,"template":"","format":"standard","meta":{"site-sidebar-layout":"default","site-content-layout":"","ast-site-content-layout":"","site-content-style":"default","site-sidebar-style":"default","ast-global-header-display":"","ast-banner-title-visibility":"","ast-main-header-display":"","ast-hfb-above-header-display":"","ast-hfb-below-header-display":"","ast-hfb-mobile-header-display":"","site-post-title":"","ast-breadcrumbs-content":"","ast-featured-img":"","footer-sml-layout":"","theme-transparent-header-meta":"","adv-header-id-meta":"","stick-header-meta":"","header-above-stick-meta":"","header-main-stick-meta":"","header-below-stick-meta":"","astra-migrate-meta-layouts":"default","ast-page-background-enabled":"default","ast-page-background-meta":{"desktop":{"background-color":"var(--ast-global-color-4)","background-image":"","background-repeat":"repeat","background-position":"center center","background-size":"auto","background-attachment":"scroll","background-type":"","background-media":"","overlay-type":"","overlay-color":"","overlay-gradient":""},"tablet":{"background-color":"","background-image":"","background-repeat":"repeat","background-position":"center center","background-size":"auto","background-attachment":"scroll","background-type":"","background-media":"","overlay-type":"","overlay-color":"","overlay-gradient":""},"mobile":{"background-color":"","background-image":"","background-repeat":"repeat","background-position":"center center","background-size":"auto","background-attachment":"scroll","background-type":"","background-media":"","overlay-type":"","overlay-color":"","overlay-gradient":""}},"ast-content-background-meta":{"desktop":{"background-color":"var(--ast-global-color-5)","background-image":"","background-repeat":"repeat","background-position":"center center","background-size":"auto","background-attachment":"scroll","background-type":"","background-media":"","overlay-type":"","overlay-color":"","overlay-gradient":""},"tablet":{"background-color":"var(--ast-global-color-5)","background-image":"","background-repeat":"repeat","background-position":"center center","background-size":"auto","background-attachment":"scroll","background-type":"","background-media":"","overlay-type":"","overlay-color":"","overlay-gradient":""},"mobile":{"background-color":"var(--ast-global-color-5)","background-image":"","background-repeat":"repeat","background-position":"center center","background-size":"auto","background-attachment":"scroll","background-type":"","background-media":"","overlay-type":"","overlay-color":"","overlay-gradient":""}},"footnotes":""},"categories":[35,986],"tags":[225088,22934,77372,1786,1553,134050],"class_list":["post-113312","post","type-post","status-publish","format-standard","hentry","category-ciencias-de-la-vida","category-complutense-de-madrid","tag-jaime-jimenez-garcia","tag-jose-francisco-lopez-lozano","tag-jose-m-botella-perez","tag-juan-jimenez-collado","tag-manuel-rosety-plaza","tag-samuel-verdugo-lopez"],"_links":{"self":[{"href":"https:\/\/www.deberes.net\/tesis\/wp-json\/wp\/v2\/posts\/113312","targetHints":{"allow":["GET"]}}],"collection":[{"href":"https:\/\/www.deberes.net\/tesis\/wp-json\/wp\/v2\/posts"}],"about":[{"href":"https:\/\/www.deberes.net\/tesis\/wp-json\/wp\/v2\/types\/post"}],"author":[{"embeddable":true,"href":"https:\/\/www.deberes.net\/tesis\/wp-json\/wp\/v2\/users\/1"}],"replies":[{"embeddable":true,"href":"https:\/\/www.deberes.net\/tesis\/wp-json\/wp\/v2\/comments?post=113312"}],"version-history":[{"count":0,"href":"https:\/\/www.deberes.net\/tesis\/wp-json\/wp\/v2\/posts\/113312\/revisions"}],"wp:attachment":[{"href":"https:\/\/www.deberes.net\/tesis\/wp-json\/wp\/v2\/media?parent=113312"}],"wp:term":[{"taxonomy":"category","embeddable":true,"href":"https:\/\/www.deberes.net\/tesis\/wp-json\/wp\/v2\/categories?post=113312"},{"taxonomy":"post_tag","embeddable":true,"href":"https:\/\/www.deberes.net\/tesis\/wp-json\/wp\/v2\/tags?post=113312"}],"curies":[{"name":"wp","href":"https:\/\/api.w.org\/{rel}","templated":true}]}}