{"id":113322,"date":"2018-03-11T10:40:46","date_gmt":"2018-03-11T10:40:46","guid":{"rendered":"https:\/\/www.deberes.net\/tesis\/sin-categoria\/medida-de-la-respuesta-acomodativa-con-un-sistema-de-doble-paso-aplicacion-al-estudio-de-la-acomodacion-en-funcion-de-la-edad\/"},"modified":"2018-03-11T10:40:46","modified_gmt":"2018-03-11T10:40:46","slug":"medida-de-la-respuesta-acomodativa-con-un-sistema-de-doble-paso-aplicacion-al-estudio-de-la-acomodacion-en-funcion-de-la-edad","status":"publish","type":"post","link":"https:\/\/www.deberes.net\/tesis\/optica\/medida-de-la-respuesta-acomodativa-con-un-sistema-de-doble-paso-aplicacion-al-estudio-de-la-acomodacion-en-funcion-de-la-edad\/","title":{"rendered":"Medida de la respuesta acomodativa con un sistema de doble paso. aplicaci\u00f3n al estudio de la acomodaci\u00f3n en funci\u00f3n de la edad."},"content":{"rendered":"<h2>Tesis doctoral de <strong> Mikel Aldaba Arevalo <\/strong><\/h2>\n<p>La acomodaci\u00f3n, cambio di\u00f3ptrico del ojo, permite una visi\u00f3n n\u00edtida a diferentes distancias. El inter\u00e9s que despierta su estudio es grande debido a diferentes factores: la progresiva p\u00e9rdida de acomodaci\u00f3n con la edad, la restauraci\u00f3n de la acomodaci\u00f3n en pacientes pseudf\u00e1quicos, su posible relaci\u00f3n con el desarrollo de la miop\u00eda y las patolog\u00edas asociadas a la acomodaci\u00f3n. Aunque las t\u00e9cnicas m\u00e1s habituales para la medida de la acomodaci\u00f3n son las t\u00e9cnicas subjetivas, presentan el problema de sobrevalorar la amplitud de acomodaci\u00f3n debido a la pseudoacomodaci\u00f3n, rango en el que sin cambio di\u00f3ptrico del cristalino se ve n\u00edtidamente gracias a la profundidad de foco. Entre las objetivas se han propuesto diversas t\u00e9cnicas como la retinoscop\u00eda, autorrefract\u00f3metros o aberr\u00f3metros. En los \u00faltimos a\u00f1os se ha sugerido que una correcta medida de la acomodaci\u00f3n no s\u00f3lo deber\u00eda tener en cuenta el desenfoque si no el global de las aberraciones que afectan a la calidad de la imagen retiniana.   El objetivo de esta tesis ha sido desarrollar un nuevo m\u00e9todo para la medida de la respuesta acomodativa basado en la t\u00e9cnica de doble paso y su aplicaci\u00f3n al estudio de la acomodaci\u00f3n con la edad. La t\u00e9cnica de doble paso consiste en proyectar una fuente puntual de luz en la retina y registrar la imagen formada tras su reflexi\u00f3n en la retina y doble paso por los medios oculares. Esta t\u00e9cnica da informaci\u00f3n acerca de la calidad \u00f3ptica del ojo y tiene en cuenta los dos factores que afectan b\u00e1sicamente a la calidad de la imagen retiniana: aberraciones y difusi\u00f3n intraocular, lo que la convierte en una candidata ideal para su aplicaci\u00f3n en la medida de la respuesta acomodativa.  En la primera parte de la tesis se ha desarrollado un m\u00e9todo y un montaje para la medida de la respuesta acomodativa con un sistema de doble paso y se ha validado mediante comparaci\u00f3n con medidas realizadas con un aberr\u00f3metro de hartmann-shack. El montaje experimental desarrollado combina ambas t\u00e9cnicas, doble paso y hartmann-shack, y adem\u00e1s est\u00e1 optimizado para la medida de la respuesta acomodativa con un test de fijaci\u00f3n de campo abierto que permite una estimulaci\u00f3n de la acomodaci\u00f3n m\u00e1s natural que los test internos. El m\u00e9todo desarrollado se basa en hallar la vergencia de la luz que maximiza la calidad de la imagen de doble paso. Para ello se registran diversas im\u00e1genes de doble paso correspondientes a diferentes vergencias de la luz y la de mayor calidad se relaciona con la respuesta acomodativa. Las medidas realizadas con el sistema de doble paso se han comparado con medidas simult\u00e1neas realizadas con un aberr\u00f3metro de hartmann-shack, obteniendo resultados similares con ambas t\u00e9cnicas.  Una vez validado el m\u00e9todo para la medida de la respuesta acomodativa con el sistema de doble paso, se ha aplicado al estudio de los cambios en la acomodaci\u00f3n con la edad  realizando medidas en una poblaci\u00f3n extensa con un rango amplio de edad. La respuesta acomodativa medida en los pacientes j\u00f3venes es mayor que en otros trabajos, b\u00e1sicamente debido a que la t\u00e9cnica empleada est\u00e1 basada en la calidad de la imagen retiniana y no en el desenfoque como sucede en los otros estudios. Mientras que en pacientes mayores, los resultados concuerdan con los de otros estudios. La curva de est\u00edmulo-respuesta acomodativa y su pendiente muestran un empeoramiento con la edad, observ\u00e1ndose que la edad que marca los cambios m\u00e1s notables est\u00e1 en torno a los 35-40 a\u00f1os.     El trabajo realizado durante el desarrollo de la tesis ha dado lugar a publicaciones en revistas y diversas contribuciones a congresos, as\u00ed como una patente actualmente explotada comercialmente.<\/p>\n<p>&nbsp;<\/p>\n<h3>Datos acad\u00e9micos de la tesis doctoral \u00ab<strong>Medida de la respuesta acomodativa con un sistema de doble paso. aplicaci\u00f3n al estudio de la acomodaci\u00f3n en funci\u00f3n de la edad.<\/strong>\u00ab<\/h3>\n<ul>\n<li><strong>T\u00edtulo de la tesis:<\/strong>\u00a0 Medida de la respuesta acomodativa con un sistema de doble paso. aplicaci\u00f3n al estudio de la acomodaci\u00f3n en funci\u00f3n de la edad. <\/li>\n<li><strong>Autor:<\/strong>\u00a0 Mikel Aldaba Arevalo <\/li>\n<li><strong>Universidad:<\/strong>\u00a0 Polit\u00e9cnica de catalunya<\/li>\n<li><strong>Fecha de lectura de la tesis:<\/strong>\u00a0 22\/10\/2012<\/li>\n<\/ul>\n<p>&nbsp;<\/p>\n<h3>Direcci\u00f3n y tribunal<\/h3>\n<ul>\n<li><strong>Director de la tesis<\/strong>\n<ul>\n<li>Jaume Pujol Ramo<\/li>\n<\/ul>\n<\/li>\n<li><strong>Tribunal<\/strong>\n<ul>\n<li>Presidente del tribunal: Santiago Mar sarda\u00f1a <\/li>\n<li>pablo Artal soriano (vocal)<\/li>\n<li>  (vocal)<\/li>\n<li>  (vocal)<\/li>\n<\/ul>\n<\/li>\n<\/ul>\n<p>&nbsp;<\/p>\n","protected":false},"excerpt":{"rendered":"<p>Tesis doctoral de Mikel Aldaba Arevalo La acomodaci\u00f3n, cambio di\u00f3ptrico del ojo, permite una visi\u00f3n n\u00edtida a diferentes distancias. El [&hellip;]<\/p>\n","protected":false},"author":1,"featured_media":0,"comment_status":"open","ping_status":"open","sticky":false,"template":"","format":"standard","meta":{"site-sidebar-layout":"default","site-content-layout":"","ast-site-content-layout":"","site-content-style":"default","site-sidebar-style":"default","ast-global-header-display":"","ast-banner-title-visibility":"","ast-main-header-display":"","ast-hfb-above-header-display":"","ast-hfb-below-header-display":"","ast-hfb-mobile-header-display":"","site-post-title":"","ast-breadcrumbs-content":"","ast-featured-img":"","footer-sml-layout":"","theme-transparent-header-meta":"","adv-header-id-meta":"","stick-header-meta":"","header-above-stick-meta":"","header-main-stick-meta":"","header-below-stick-meta":"","astra-migrate-meta-layouts":"default","ast-page-background-enabled":"default","ast-page-background-meta":{"desktop":{"background-color":"var(--ast-global-color-4)","background-image":"","background-repeat":"repeat","background-position":"center center","background-size":"auto","background-attachment":"scroll","background-type":"","background-media":"","overlay-type":"","overlay-color":"","overlay-gradient":""},"tablet":{"background-color":"","background-image":"","background-repeat":"repeat","background-position":"center center","background-size":"auto","background-attachment":"scroll","background-type":"","background-media":"","overlay-type":"","overlay-color":"","overlay-gradient":""},"mobile":{"background-color":"","background-image":"","background-repeat":"repeat","background-position":"center center","background-size":"auto","background-attachment":"scroll","background-type":"","background-media":"","overlay-type":"","overlay-color":"","overlay-gradient":""}},"ast-content-background-meta":{"desktop":{"background-color":"var(--ast-global-color-5)","background-image":"","background-repeat":"repeat","background-position":"center center","background-size":"auto","background-attachment":"scroll","background-type":"","background-media":"","overlay-type":"","overlay-color":"","overlay-gradient":""},"tablet":{"background-color":"var(--ast-global-color-5)","background-image":"","background-repeat":"repeat","background-position":"center center","background-size":"auto","background-attachment":"scroll","background-type":"","background-media":"","overlay-type":"","overlay-color":"","overlay-gradient":""},"mobile":{"background-color":"var(--ast-global-color-5)","background-image":"","background-repeat":"repeat","background-position":"center center","background-size":"auto","background-attachment":"scroll","background-type":"","background-media":"","overlay-type":"","overlay-color":"","overlay-gradient":""}},"footnotes":""},"categories":[17467,1525,4401,15596,50168],"tags":[45245,225102,86058,10846],"class_list":["post-113322","post","type-post","status-publish","format-standard","hentry","category-fisiologia-de-la-vision","category-optica","category-optometria","category-politecnica-de-catalunya","category-radiacion-visible","tag-jaume-pujol-ramo","tag-mikel-aldaba-arevalo","tag-pablo-artal-soriano","tag-santiago-mar-sardana"],"_links":{"self":[{"href":"https:\/\/www.deberes.net\/tesis\/wp-json\/wp\/v2\/posts\/113322","targetHints":{"allow":["GET"]}}],"collection":[{"href":"https:\/\/www.deberes.net\/tesis\/wp-json\/wp\/v2\/posts"}],"about":[{"href":"https:\/\/www.deberes.net\/tesis\/wp-json\/wp\/v2\/types\/post"}],"author":[{"embeddable":true,"href":"https:\/\/www.deberes.net\/tesis\/wp-json\/wp\/v2\/users\/1"}],"replies":[{"embeddable":true,"href":"https:\/\/www.deberes.net\/tesis\/wp-json\/wp\/v2\/comments?post=113322"}],"version-history":[{"count":0,"href":"https:\/\/www.deberes.net\/tesis\/wp-json\/wp\/v2\/posts\/113322\/revisions"}],"wp:attachment":[{"href":"https:\/\/www.deberes.net\/tesis\/wp-json\/wp\/v2\/media?parent=113322"}],"wp:term":[{"taxonomy":"category","embeddable":true,"href":"https:\/\/www.deberes.net\/tesis\/wp-json\/wp\/v2\/categories?post=113322"},{"taxonomy":"post_tag","embeddable":true,"href":"https:\/\/www.deberes.net\/tesis\/wp-json\/wp\/v2\/tags?post=113322"}],"curies":[{"name":"wp","href":"https:\/\/api.w.org\/{rel}","templated":true}]}}