{"id":11338,"date":"2018-03-09T08:56:37","date_gmt":"2018-03-09T08:56:37","guid":{"rendered":"https:\/\/www.deberes.net\/tesis\/sin-categoria\/contenido-sustancial-y-consecuencias-procesales-de-la-regulacion-del-ejercicio-del-derecho-de-rectificacion-en-la-ley-organica-2-84-de-26-de-marzo\/"},"modified":"2018-03-09T08:56:37","modified_gmt":"2018-03-09T08:56:37","slug":"contenido-sustancial-y-consecuencias-procesales-de-la-regulacion-del-ejercicio-del-derecho-de-rectificacion-en-la-ley-organica-2-84-de-26-de-marzo","status":"publish","type":"post","link":"https:\/\/www.deberes.net\/tesis\/ciencias-juridicas-y-derecho\/contenido-sustancial-y-consecuencias-procesales-de-la-regulacion-del-ejercicio-del-derecho-de-rectificacion-en-la-ley-organica-2-84-de-26-de-marzo\/","title":{"rendered":"Contenido sustancial y consecuencias procesales de la regulaci\u00f3n del ejercicio del derecho de rectificaci\u00f3n en la ley organica 2\/84 de 26 de marzo."},"content":{"rendered":"<h2>Tesis doctoral de <strong> Luis Gutierrez Go\u00f1i <\/strong><\/h2>\n<p>La lo 2\/84 de 26 de marzo configura y desarrolla el derecho fundamental a recibir informaci\u00f3n veraz del art. 20.1.D ce, a trav\u00e9s de la regulaci\u00f3n del ejercicio de un derecho subjetivo instrumental denominado derecho de rectificacion, cuya funci\u00f3n principal es la garant\u00eda de la veracidad informativa, adem\u00e1s de cumplir la funci\u00f3n institucional de formaci\u00f3n de una opini\u00f3n p\u00fablica libre y la funci\u00f3n preventiva sobre el perjuicio de otros derechos, y que difere de anteriores regulaciones.  su vinculaci\u00f3n constitucional, las condiciones previas y causas tasadas de ejercicio de la acci\u00f3n y  las especialidades procesales reguladas, configuran un proceso especial, exclusivo e incardinado en el art. 53.2 ce, cuyo objeto es la publicaci\u00f3n de la rectificaci\u00f3n con base en dichas causas, entre las que puede estar la veracidad, y cuyo fallo y sus causas tienen efectos de cosa juzgada material, siendo prejudiciales en posteriores procesos al amparo de la lo 1\/82, lo que, a trav\u00e9s del papel de la veracidad, colabora a un mayor equilibrio en la praxis actual de los conflictos entre el art. 18.1 ce y el art. 20.1.D ce.<\/p>\n<p>&nbsp;<\/p>\n<h3>Datos acad\u00e9micos de la tesis doctoral \u00ab<strong>Contenido sustancial y consecuencias procesales de la regulaci\u00f3n del ejercicio del derecho de rectificaci\u00f3n en la ley organica 2\/84 de 26 de marzo.<\/strong>\u00ab<\/h3>\n<ul>\n<li><strong>T\u00edtulo de la tesis:<\/strong>\u00a0 Contenido sustancial y consecuencias procesales de la regulaci\u00f3n del ejercicio del derecho de rectificaci\u00f3n en la ley organica 2\/84 de 26 de marzo. <\/li>\n<li><strong>Autor:<\/strong>\u00a0 Luis Gutierrez Go\u00f1i <\/li>\n<li><strong>Universidad:<\/strong>\u00a0 Navarra<\/li>\n<li><strong>Fecha de lectura de la tesis:<\/strong>\u00a0 15\/06\/2001<\/li>\n<\/ul>\n<p>&nbsp;<\/p>\n<h3>Direcci\u00f3n y tribunal<\/h3>\n<ul>\n<li><strong>Director de la tesis<\/strong>\n<ul>\n<li>Julio Muerza Esparza<\/li>\n<\/ul>\n<\/li>\n<li><strong>Tribunal<\/strong>\n<ul>\n<li>Presidente del tribunal: Jos\u00e9 Antonio Doral garcia de pazos <\/li>\n<li>Juan  Andr\u00e9s Mu\u00f1oz arnau (vocal)<\/li>\n<li>faustino Cord\u00f3n moreno (vocal)<\/li>\n<li>pedro m. Garciand\u00eda gonz\u00e1lez (vocal)<\/li>\n<\/ul>\n<\/li>\n<\/ul>\n<p>&nbsp;<\/p>\n","protected":false},"excerpt":{"rendered":"<p>Tesis doctoral de Luis Gutierrez Go\u00f1i La lo 2\/84 de 26 de marzo configura y desarrolla el derecho fundamental a [&hellip;]<\/p>\n","protected":false},"author":1,"featured_media":0,"comment_status":"open","ping_status":"open","sticky":false,"template":"","format":"standard","meta":{"site-sidebar-layout":"default","site-content-layout":"","ast-site-content-layout":"","site-content-style":"default","site-sidebar-style":"default","ast-global-header-display":"","ast-banner-title-visibility":"","ast-main-header-display":"","ast-hfb-above-header-display":"","ast-hfb-below-header-display":"","ast-hfb-mobile-header-display":"","site-post-title":"","ast-breadcrumbs-content":"","ast-featured-img":"","footer-sml-layout":"","theme-transparent-header-meta":"","adv-header-id-meta":"","stick-header-meta":"","header-above-stick-meta":"","header-main-stick-meta":"","header-below-stick-meta":"","astra-migrate-meta-layouts":"default","ast-page-background-enabled":"default","ast-page-background-meta":{"desktop":{"background-color":"var(--ast-global-color-4)","background-image":"","background-repeat":"repeat","background-position":"center center","background-size":"auto","background-attachment":"scroll","background-type":"","background-media":"","overlay-type":"","overlay-color":"","overlay-gradient":""},"tablet":{"background-color":"","background-image":"","background-repeat":"repeat","background-position":"center center","background-size":"auto","background-attachment":"scroll","background-type":"","background-media":"","overlay-type":"","overlay-color":"","overlay-gradient":""},"mobile":{"background-color":"","background-image":"","background-repeat":"repeat","background-position":"center center","background-size":"auto","background-attachment":"scroll","background-type":"","background-media":"","overlay-type":"","overlay-color":"","overlay-gradient":""}},"ast-content-background-meta":{"desktop":{"background-color":"var(--ast-global-color-5)","background-image":"","background-repeat":"repeat","background-position":"center center","background-size":"auto","background-attachment":"scroll","background-type":"","background-media":"","overlay-type":"","overlay-color":"","overlay-gradient":""},"tablet":{"background-color":"var(--ast-global-color-5)","background-image":"","background-repeat":"repeat","background-position":"center center","background-size":"auto","background-attachment":"scroll","background-type":"","background-media":"","overlay-type":"","overlay-color":"","overlay-gradient":""},"mobile":{"background-color":"var(--ast-global-color-5)","background-image":"","background-repeat":"repeat","background-position":"center center","background-size":"auto","background-attachment":"scroll","background-type":"","background-media":"","overlay-type":"","overlay-color":"","overlay-gradient":""}},"footnotes":""},"categories":[612,3620,17749,3621],"tags":[17754,17913,17396,17755,37266,37267],"class_list":["post-11338","post","type-post","status-publish","format-standard","hentry","category-ciencias-juridicas-y-derecho","category-derecho-procesal","category-navarra","category-organizacion-juridica","tag-faustino-cordon-moreno","tag-jose-antonio-doral-garcia-de-pazos","tag-juan-andres-munoz-arnau","tag-julio-muerza-esparza","tag-luis-gutierrez-goni","tag-pedro-m-garciandia-gonzalez"],"_links":{"self":[{"href":"https:\/\/www.deberes.net\/tesis\/wp-json\/wp\/v2\/posts\/11338","targetHints":{"allow":["GET"]}}],"collection":[{"href":"https:\/\/www.deberes.net\/tesis\/wp-json\/wp\/v2\/posts"}],"about":[{"href":"https:\/\/www.deberes.net\/tesis\/wp-json\/wp\/v2\/types\/post"}],"author":[{"embeddable":true,"href":"https:\/\/www.deberes.net\/tesis\/wp-json\/wp\/v2\/users\/1"}],"replies":[{"embeddable":true,"href":"https:\/\/www.deberes.net\/tesis\/wp-json\/wp\/v2\/comments?post=11338"}],"version-history":[{"count":0,"href":"https:\/\/www.deberes.net\/tesis\/wp-json\/wp\/v2\/posts\/11338\/revisions"}],"wp:attachment":[{"href":"https:\/\/www.deberes.net\/tesis\/wp-json\/wp\/v2\/media?parent=11338"}],"wp:term":[{"taxonomy":"category","embeddable":true,"href":"https:\/\/www.deberes.net\/tesis\/wp-json\/wp\/v2\/categories?post=11338"},{"taxonomy":"post_tag","embeddable":true,"href":"https:\/\/www.deberes.net\/tesis\/wp-json\/wp\/v2\/tags?post=11338"}],"curies":[{"name":"wp","href":"https:\/\/api.w.org\/{rel}","templated":true}]}}