{"id":113384,"date":"2012-06-11T00:00:00","date_gmt":"2012-06-11T00:00:00","guid":{"rendered":"https:\/\/www.deberes.net\/tesis\/sin-categoria\/la-posibilidad-de-una-racionalidad-etico-pola%c2%adtica-sustentada-sobre-la-base-de-una-teoria-del-discurso-senso-comunista\/"},"modified":"2012-06-11T00:00:00","modified_gmt":"2012-06-11T00:00:00","slug":"la-posibilidad-de-una-racionalidad-etico-pola%c2%adtica-sustentada-sobre-la-base-de-una-teoria-del-discurso-senso-comunista","status":"publish","type":"post","link":"https:\/\/www.deberes.net\/tesis\/ciencias-juridicas-y-derecho\/la-posibilidad-de-una-racionalidad-etico-pola%c2%adtica-sustentada-sobre-la-base-de-una-teoria-del-discurso-senso-comunista\/","title":{"rendered":"La posibilidad de una racionalidad \u00e9tico-pol\u00edtica sustentada sobre la base de una teor\u00eda del discurso senso-comunista"},"content":{"rendered":"<h2>Tesis doctoral de <strong> Miguel \u00e1ngel Rosales Alvarado <\/strong><\/h2>\n<p>Resumen de la tesis.  la posibilidad de una racionalidad \u00e9tico-pol\u00edtica sustentada sobre la base de una teor\u00eda del discurso senso-comunista. (Sentido com\u00fan, ret\u00f3rica y \u00e9tica en la organizaci\u00f3n social democr\u00e1tica.)  la gran tarea de la filosof\u00eda pol\u00edtica del siglo xxi es aportar soluciones ante el reto de rescatar del desprestigio a la acci\u00f3n directiva de la cosa p\u00fablica.  En el mundo contempor\u00e1neo, las sociedades occidentales manifiestan una profunda desconfianza hacia la imagen y la actividad pol\u00edtica debido a una aguda desarticulaci\u00f3n de la base \u00e9tica en la organizaci\u00f3n de los sistemas dispuestos a resolver los problemas cotidianos del hombre a fin de conducir al pleno  desarrollo y progreso de la vida en comunidad.  sin embargo, a pesar de la desilusi\u00f3n hacia los pol\u00edticos por la fractura de sus acciones con los valores, a pesar que la pol\u00edtica misma se encuentre profundamente denostada, hoy m\u00e1s que nunca, se muestra la urgencia de reconstituir al ejercicio p\u00fablico como una de las actividades m\u00e1s nobles del ser humano para incrementar, perfeccionar, dar orden y grado de civilidad entre los diversos grupos sociales que componen a una aldea global cada vez m\u00e1s integrada y relacionada.  precisamente,  el mayor riesgo para el sistema de organizaci\u00f3n democr\u00e1tico es el escepticismo, el relativismo y el nihilismo que carcomen los fundamentos antropol\u00f3gicos de la pol\u00edtica como lo son el discurso, la moral y el sentido com\u00fan.  Desde esta \u00f3ptica se aborda una revisi\u00f3n hist\u00f3rica a la racionalidad pr\u00e1ctica enmarcada en la investigaci\u00f3n discursiva de la ret\u00f3rica como una teor\u00eda de la argumentaci\u00f3n coherente con una postura reconstructiva de la acci\u00f3n prudencial en el contexto de la administraci\u00f3n p\u00fablica, la sociedad civil, o la misma empresa.  No basta saber argumentar, dialogar, consensuar, negociar,  es indispensable que el discurso deliberativo conlleve una evaluaci\u00f3n juiciosa y conveniente al bien com\u00fan, a la felicidad personal como colectiva.  as\u00ed,  la posibilidad de reintegrar la a\u00f1eja y olvidada unidad entre \u00e9tica, pol\u00edtica y ret\u00f3rica de acuerdo a una aproximaci\u00f3n senso-comunista representa una valiosa oportunidad para centrar las capacidades organizacionales del hombre seg\u00fan una justa armon\u00eda entre los \u00e1mbitos del pensamiento, la palabra y la acci\u00f3n.   por ello, la propuesta de una teor\u00eda del discurso senso-comunista  sintetiza y hace viable una respuesta para democratizar las habilidades discursivas del ciudadano com\u00fan mediante un entendimiento acerca de la educaci\u00f3n dirigida a la formaci\u00f3n de los patrones  culturales que aseguran a trav\u00e9s del discurso, la deliberaci\u00f3n y  el dialogo aquellos consensos y acuerdos necesarios para una continua optimizaci\u00f3n de las instituciones de gobierno republicanas.  en consecuencia, la posibilidad de recobrar la confianza en la pol\u00edtica se halla en la reforma a la comprensi\u00f3n pr\u00e1ctica de la opini\u00f3n y los juicios de valor seg\u00fan una l\u00f3gica de la decisi\u00f3n  fundamentada sobre la argumentaci\u00f3n de un criterio de sensatez que discurre y act\u00faa conforme a los postulados que persuaden, convencen acerca de la viabilidad de la acci\u00f3n pol\u00edtica que asegura la justicia, la paz y el bienestar del hombre en sociedad.<\/p>\n<p>&nbsp;<\/p>\n<h3>Datos acad\u00e9micos de la tesis doctoral \u00ab<strong>La posibilidad de una racionalidad \u00e9tico-pol\u00edtica sustentada sobre la base de una teor\u00eda del discurso senso-comunista<\/strong>\u00ab<\/h3>\n<ul>\n<li><strong>T\u00edtulo de la tesis:<\/strong>\u00a0 La posibilidad de una racionalidad \u00e9tico-pol\u00edtica sustentada sobre la base de una teor\u00eda del discurso senso-comunista <\/li>\n<li><strong>Autor:<\/strong>\u00a0 Miguel \u00e1ngel Rosales Alvarado <\/li>\n<li><strong>Universidad:<\/strong>\u00a0 Navarra<\/li>\n<li><strong>Fecha de lectura de la tesis:<\/strong>\u00a0 06\/11\/2012<\/li>\n<\/ul>\n<p>&nbsp;<\/p>\n<h3>Direcci\u00f3n y tribunal<\/h3>\n<ul>\n<li><strong>Director de la tesis<\/strong>\n<ul>\n<li>Rafael Alvira Dominguez<\/li>\n<\/ul>\n<\/li>\n<li><strong>Tribunal<\/strong>\n<ul>\n<li>Presidente del tribunal: Luis Antonio N\u00fa\u00f1ez ladeveze <\/li>\n<li>jeronimo Molina cano (vocal)<\/li>\n<li>Mar\u00eda  montserrat Herrero lopez (vocal)<\/li>\n<li>alfonso Garcia marques (vocal)<\/li>\n<\/ul>\n<\/li>\n<\/ul>\n<p>&nbsp;<\/p>\n","protected":false},"excerpt":{"rendered":"<p>Tesis doctoral de Miguel \u00e1ngel Rosales Alvarado Resumen de la tesis. la posibilidad de una racionalidad \u00e9tico-pol\u00edtica sustentada sobre la [&hellip;]<\/p>\n","protected":false},"author":1,"featured_media":0,"comment_status":"open","ping_status":"open","sticky":false,"template":"","format":"standard","meta":{"site-sidebar-layout":"default","site-content-layout":"","ast-site-content-layout":"","site-content-style":"default","site-sidebar-style":"default","ast-global-header-display":"","ast-banner-title-visibility":"","ast-main-header-display":"","ast-hfb-above-header-display":"","ast-hfb-below-header-display":"","ast-hfb-mobile-header-display":"","site-post-title":"","ast-breadcrumbs-content":"","ast-featured-img":"","footer-sml-layout":"","theme-transparent-header-meta":"","adv-header-id-meta":"","stick-header-meta":"","header-above-stick-meta":"","header-main-stick-meta":"","header-below-stick-meta":"","astra-migrate-meta-layouts":"default","ast-page-background-enabled":"default","ast-page-background-meta":{"desktop":{"background-color":"var(--ast-global-color-4)","background-image":"","background-repeat":"repeat","background-position":"center center","background-size":"auto","background-attachment":"scroll","background-type":"","background-media":"","overlay-type":"","overlay-color":"","overlay-gradient":""},"tablet":{"background-color":"","background-image":"","background-repeat":"repeat","background-position":"center center","background-size":"auto","background-attachment":"scroll","background-type":"","background-media":"","overlay-type":"","overlay-color":"","overlay-gradient":""},"mobile":{"background-color":"","background-image":"","background-repeat":"repeat","background-position":"center center","background-size":"auto","background-attachment":"scroll","background-type":"","background-media":"","overlay-type":"","overlay-color":"","overlay-gradient":""}},"ast-content-background-meta":{"desktop":{"background-color":"var(--ast-global-color-5)","background-image":"","background-repeat":"repeat","background-position":"center center","background-size":"auto","background-attachment":"scroll","background-type":"","background-media":"","overlay-type":"","overlay-color":"","overlay-gradient":""},"tablet":{"background-color":"var(--ast-global-color-5)","background-image":"","background-repeat":"repeat","background-position":"center center","background-size":"auto","background-attachment":"scroll","background-type":"","background-media":"","overlay-type":"","overlay-color":"","overlay-gradient":""},"mobile":{"background-color":"var(--ast-global-color-5)","background-image":"","background-repeat":"repeat","background-position":"center center","background-size":"auto","background-attachment":"scroll","background-type":"","background-media":"","overlay-type":"","overlay-color":"","overlay-gradient":""}},"footnotes":""},"categories":[612,726,6008,17749,3016],"tags":[25211,51450,187828,58270,225185,17980],"class_list":["post-113384","post","type-post","status-publish","format-standard","hentry","category-ciencias-juridicas-y-derecho","category-etnografia-y-etnologia","category-filosofia-politica","category-navarra","category-teoria-linguistica","tag-alfonso-garcia-marques","tag-jeronimo-molina-cano","tag-luis-antonio-nunez-ladeveze","tag-maria-montserrat-herrero-lopez","tag-miguel-angel-rosales-alvarado","tag-rafael-alvira-dominguez"],"_links":{"self":[{"href":"https:\/\/www.deberes.net\/tesis\/wp-json\/wp\/v2\/posts\/113384","targetHints":{"allow":["GET"]}}],"collection":[{"href":"https:\/\/www.deberes.net\/tesis\/wp-json\/wp\/v2\/posts"}],"about":[{"href":"https:\/\/www.deberes.net\/tesis\/wp-json\/wp\/v2\/types\/post"}],"author":[{"embeddable":true,"href":"https:\/\/www.deberes.net\/tesis\/wp-json\/wp\/v2\/users\/1"}],"replies":[{"embeddable":true,"href":"https:\/\/www.deberes.net\/tesis\/wp-json\/wp\/v2\/comments?post=113384"}],"version-history":[{"count":0,"href":"https:\/\/www.deberes.net\/tesis\/wp-json\/wp\/v2\/posts\/113384\/revisions"}],"wp:attachment":[{"href":"https:\/\/www.deberes.net\/tesis\/wp-json\/wp\/v2\/media?parent=113384"}],"wp:term":[{"taxonomy":"category","embeddable":true,"href":"https:\/\/www.deberes.net\/tesis\/wp-json\/wp\/v2\/categories?post=113384"},{"taxonomy":"post_tag","embeddable":true,"href":"https:\/\/www.deberes.net\/tesis\/wp-json\/wp\/v2\/tags?post=113384"}],"curies":[{"name":"wp","href":"https:\/\/api.w.org\/{rel}","templated":true}]}}