{"id":113385,"date":"2012-06-11T00:00:00","date_gmt":"2012-06-11T00:00:00","guid":{"rendered":"https:\/\/www.deberes.net\/tesis\/sin-categoria\/valor-predictivo-de-la-18-fdg-pet-tc-en-la-respuesta-a-la-quimioterapia-neoadyuvante-en-el-cancer-de-mama-localmente-avanzado\/"},"modified":"2012-06-11T00:00:00","modified_gmt":"2012-06-11T00:00:00","slug":"valor-predictivo-de-la-18-fdg-pet-tc-en-la-respuesta-a-la-quimioterapia-neoadyuvante-en-el-cancer-de-mama-localmente-avanzado","status":"publish","type":"post","link":"https:\/\/www.deberes.net\/tesis\/ciencias-medicas\/valor-predictivo-de-la-18-fdg-pet-tc-en-la-respuesta-a-la-quimioterapia-neoadyuvante-en-el-cancer-de-mama-localmente-avanzado\/","title":{"rendered":"Valor predictivo de la 18-fdg pet-tc en la respuesta a la quimioterapia neoadyuvante en el c\u00e1ncer de mama localmente avanzado"},"content":{"rendered":"<h2>Tesis doctoral de <strong> Marta Ana Garcia Garcia Esquinas <\/strong><\/h2>\n<p>Tesis doctoral: valor predictivo de la 18f-fdg pet-tc en la respuesta a la quimioterapia neoadyuvante en el c\u00e1ncer de mama localmente avanzado objetivos:  \u00c2\u00bf\tevaluar el papel de la 18f-fdg pet-tac para predecir la respuesta patol\u00f3gica en el tumor y en  los ganglios axilares en las pacientes con c\u00e1ncer de mama en estadios ii y iii que recibieron quimioterapia neoadyuvante.  \u00c2\u00bf\tdeterminar la relaci\u00f3n entre el suvmax basal y el porcentaje de variaci\u00f3n del suvmax del tumor, de los ganglios axilares y e l calculado de forma conjunta para la enfermedad locorregional (tumor y adenopat\u00edas) con los factores pron\u00f3sticos cl\u00e1sicos: estadio cl\u00ednico, estado menop\u00e1usico,  fenotipo molecular, grado y tipo histol\u00f3gico del tumor. material y m\u00e9todo:  estudio long itudinal y prospectivo de evaluaci\u00f3n de la respuesta al tratamiento neoadyuvante en 43 pacientes con c\u00e1ncer de mama en estadio ii y iii. Se realizaron dos estudios 18f-fdg pet-tac a todas las pacientes, antes y despu\u00e9s del tratamiento neoadyuvante. L as pacientes recibieron 4 -6 ciclos de quimioterapia con docetaxel 100 mg\/m2 cada 21 d\u00edas (se a\u00f1adi\u00f3 trastuzumab en los tumores her2 ). Tras el tratamiento neoadyuvante se realiz\u00f3 cirug\u00eda oncol\u00f3gica, seguido de radioterapia con o sin tratamiento adyu vante seg\u00fan criterio oncol\u00f3gico.  se evalu\u00f3 la  respuesta locorregional de forma global (tumor y adenopat\u00edas), a partir de la diferencia del suvmax de la lesi\u00f3n (tumor o adenopat\u00edas) con mayor captaci\u00f3n en el estudio pretratamiento, con el suvmax de la lesi\u00f3n con mayor captaci\u00f3n en el estudio prostratamiento seg\u00fan criterios percist. se clasific\u00f3 cada uno de los tumores en funci\u00f3n del fenotipo molecular: luminal a, luminal b, her-2 positivo y triple negativo. Se estudi\u00f3 la relaci\u00f3n entre variable s continuas asim\u00e9tricas y factores pron\u00f3sticos mediante el test de kruskal-wallis cuando los grupos eran mayor a dos, y mediante el test de u de mann-whitney cuando la variable era dicot\u00f3mica. resultados:  la media del suvmax de las lesiones con mayo r metabolismo en el estudio pretratamiento fue de 12,8  \/-7. En el estudio postratamiento fue de 3,2  \/- 4,8. La media de la tasa del descenso del suvmax calculada para la enfermedad locorregional fue del 76,2  \/-24,3 . Con  descenso de la captaci\u00f3n de 18f-fdg del 91,1  se predijo la rcp con una sensibilidad del 90,91 , una especificidad del 90,63  y una precisi\u00f3n del 90,7 . se identific\u00f3 asociaci\u00f3n entre el suvmax basal de la enfermedad locorregional y el fenotipo molecular (p\u00ed\u00a70,018). Se observ<\/p>\n<p>&nbsp;<\/p>\n<h3>Datos acad\u00e9micos de la tesis doctoral \u00ab<strong>Valor predictivo de la 18-fdg pet-tc en la respuesta a la quimioterapia neoadyuvante en el c\u00e1ncer de mama localmente avanzado<\/strong>\u00ab<\/h3>\n<ul>\n<li><strong>T\u00edtulo de la tesis:<\/strong>\u00a0 Valor predictivo de la 18-fdg pet-tc en la respuesta a la quimioterapia neoadyuvante en el c\u00e1ncer de mama localmente avanzado <\/li>\n<li><strong>Autor:<\/strong>\u00a0 Marta Ana Garcia Garcia Esquinas <\/li>\n<li><strong>Universidad:<\/strong>\u00a0 Complutense de Madrid<\/li>\n<li><strong>Fecha de lectura de la tesis:<\/strong>\u00a0 06\/11\/2012<\/li>\n<\/ul>\n<p>&nbsp;<\/p>\n<h3>Direcci\u00f3n y tribunal<\/h3>\n<ul>\n<li><strong>Director de la tesis<\/strong>\n<ul>\n<li>Jos\u00e9 Luis Carreras Delgado<\/li>\n<\/ul>\n<\/li>\n<li><strong>Tribunal<\/strong>\n<ul>\n<li>Presidente del tribunal: eduardo D\u00edaz-rubio Garc\u00eda <\/li>\n<li>alfredo Carrato mena (vocal)<\/li>\n<li>Jorge Mucientes rasilla (vocal)<\/li>\n<li>cristina Mir\u00f3 guill\u00e9n (vocal)<\/li>\n<\/ul>\n<\/li>\n<\/ul>\n<p>&nbsp;<\/p>\n","protected":false},"excerpt":{"rendered":"<p>Tesis doctoral de Marta Ana Garcia Garcia Esquinas Tesis doctoral: valor predictivo de la 18f-fdg pet-tc en la respuesta a [&hellip;]<\/p>\n","protected":false},"author":1,"featured_media":0,"comment_status":"open","ping_status":"open","sticky":false,"template":"","format":"standard","meta":{"site-sidebar-layout":"default","site-content-layout":"","ast-site-content-layout":"","site-content-style":"default","site-sidebar-style":"default","ast-global-header-display":"","ast-banner-title-visibility":"","ast-main-header-display":"","ast-hfb-above-header-display":"","ast-hfb-below-header-display":"","ast-hfb-mobile-header-display":"","site-post-title":"","ast-breadcrumbs-content":"","ast-featured-img":"","footer-sml-layout":"","theme-transparent-header-meta":"","adv-header-id-meta":"","stick-header-meta":"","header-above-stick-meta":"","header-main-stick-meta":"","header-below-stick-meta":"","astra-migrate-meta-layouts":"default","ast-page-background-enabled":"default","ast-page-background-meta":{"desktop":{"background-color":"var(--ast-global-color-4)","background-image":"","background-repeat":"repeat","background-position":"center center","background-size":"auto","background-attachment":"scroll","background-type":"","background-media":"","overlay-type":"","overlay-color":"","overlay-gradient":""},"tablet":{"background-color":"","background-image":"","background-repeat":"repeat","background-position":"center center","background-size":"auto","background-attachment":"scroll","background-type":"","background-media":"","overlay-type":"","overlay-color":"","overlay-gradient":""},"mobile":{"background-color":"","background-image":"","background-repeat":"repeat","background-position":"center center","background-size":"auto","background-attachment":"scroll","background-type":"","background-media":"","overlay-type":"","overlay-color":"","overlay-gradient":""}},"ast-content-background-meta":{"desktop":{"background-color":"var(--ast-global-color-5)","background-image":"","background-repeat":"repeat","background-position":"center center","background-size":"auto","background-attachment":"scroll","background-type":"","background-media":"","overlay-type":"","overlay-color":"","overlay-gradient":""},"tablet":{"background-color":"var(--ast-global-color-5)","background-image":"","background-repeat":"repeat","background-position":"center center","background-size":"auto","background-attachment":"scroll","background-type":"","background-media":"","overlay-type":"","overlay-color":"","overlay-gradient":""},"mobile":{"background-color":"var(--ast-global-color-5)","background-image":"","background-repeat":"repeat","background-position":"center center","background-size":"auto","background-attachment":"scroll","background-type":"","background-media":"","overlay-type":"","overlay-color":"","overlay-gradient":""}},"footnotes":""},"categories":[9,986],"tags":[12099,30014,20991,200031,1812,225186],"class_list":["post-113385","post","type-post","status-publish","format-standard","hentry","category-ciencias-medicas","category-complutense-de-madrid","tag-alfredo-carrato-mena","tag-cristina-miro-guillen","tag-eduardo-diaz-rubio-garcia","tag-jorge-mucientes-rasilla","tag-jose-luis-carreras-delgado","tag-marta-ana-garcia-garcia-esquinas"],"_links":{"self":[{"href":"https:\/\/www.deberes.net\/tesis\/wp-json\/wp\/v2\/posts\/113385","targetHints":{"allow":["GET"]}}],"collection":[{"href":"https:\/\/www.deberes.net\/tesis\/wp-json\/wp\/v2\/posts"}],"about":[{"href":"https:\/\/www.deberes.net\/tesis\/wp-json\/wp\/v2\/types\/post"}],"author":[{"embeddable":true,"href":"https:\/\/www.deberes.net\/tesis\/wp-json\/wp\/v2\/users\/1"}],"replies":[{"embeddable":true,"href":"https:\/\/www.deberes.net\/tesis\/wp-json\/wp\/v2\/comments?post=113385"}],"version-history":[{"count":0,"href":"https:\/\/www.deberes.net\/tesis\/wp-json\/wp\/v2\/posts\/113385\/revisions"}],"wp:attachment":[{"href":"https:\/\/www.deberes.net\/tesis\/wp-json\/wp\/v2\/media?parent=113385"}],"wp:term":[{"taxonomy":"category","embeddable":true,"href":"https:\/\/www.deberes.net\/tesis\/wp-json\/wp\/v2\/categories?post=113385"},{"taxonomy":"post_tag","embeddable":true,"href":"https:\/\/www.deberes.net\/tesis\/wp-json\/wp\/v2\/tags?post=113385"}],"curies":[{"name":"wp","href":"https:\/\/api.w.org\/{rel}","templated":true}]}}