{"id":113386,"date":"2012-07-11T00:00:00","date_gmt":"2012-07-11T00:00:00","guid":{"rendered":"https:\/\/www.deberes.net\/tesis\/sin-categoria\/teatros-anatomicos-padua-barcelona-y-para%c2%ads-la-conciencia-del-cuerpo-en-la-arquitectura\/"},"modified":"2012-07-11T00:00:00","modified_gmt":"2012-07-11T00:00:00","slug":"teatros-anatomicos-padua-barcelona-y-para%c2%ads-la-conciencia-del-cuerpo-en-la-arquitectura","status":"publish","type":"post","link":"https:\/\/www.deberes.net\/tesis\/historia-de-la-medicina\/teatros-anatomicos-padua-barcelona-y-para%c2%ads-la-conciencia-del-cuerpo-en-la-arquitectura\/","title":{"rendered":"Teatros anat\u00f3micos: padua, barcelona y par\u00eds: la conciencia del cuerpo en la arquitectura"},"content":{"rendered":"<h2>Tesis doctoral de <strong> Claudio Galeno Ibaceta <\/strong><\/h2>\n<p>La historia de la conciencia del cuerpo en la arquitectura y las artes, desde los asclepeiones griegos hasta los hospitales modernos, fue consolidada por la investigaci\u00f3n anat\u00f3mica y desarrollada con mayor precisi\u00f3n en arquitecturas destinadas al saber del cuerpo: los teatros anat\u00f3micos. Estos espacios fueron organizados entorno a la disecci\u00f3n anat\u00f3mica, centralizados en el cad\u00e1ver, y oscilaron entre el ocultamiento y la p\u00fablica escenificaci\u00f3n de la performance anat\u00f3mica, cobijando desde el hombre renacentista hasta el higienista hombre ilustrado. Esas arquitecturas reflejaban las ambiciones de los anatomistas o cirujanos que las gestaron, pero adem\u00e1s reflejan el esp\u00edritu del tiempo en cuanto a su dise\u00f1o. Mediante tres obras de arquitectura situadas entre los siglos xvi y xviii, se puede comprender el medio donde se desarrollaron estas escenas de producci\u00f3n en torno a la conciencia del cuerpo y de su espacio: en padua, con el anfiteatro gestionado por girolamo fabrici d\u00c2\u00bfacquapendente y atribuido a dario varotari; en barcelona, ejecutado por pere virgili y ventura rodr\u00edguez; y en par\u00eds, erguido gracias a germain pichault de la martini\u00e9re y jacques gondoin.<\/p>\n<p>&nbsp;<\/p>\n<h3>Datos acad\u00e9micos de la tesis doctoral \u00ab<strong>Teatros anat\u00f3micos: padua, barcelona y par\u00eds: la conciencia del cuerpo en la arquitectura<\/strong>\u00ab<\/h3>\n<ul>\n<li><strong>T\u00edtulo de la tesis:<\/strong>\u00a0 Teatros anat\u00f3micos: padua, barcelona y par\u00eds: la conciencia del cuerpo en la arquitectura <\/li>\n<li><strong>Autor:<\/strong>\u00a0 Claudio Galeno Ibaceta <\/li>\n<li><strong>Universidad:<\/strong>\u00a0 Polit\u00e9cnica de catalunya<\/li>\n<li><strong>Fecha de lectura de la tesis:<\/strong>\u00a0 07\/11\/2012<\/li>\n<\/ul>\n<p>&nbsp;<\/p>\n<h3>Direcci\u00f3n y tribunal<\/h3>\n<ul>\n<li><strong>Director de la tesis<\/strong>\n<ul>\n<li>Marta Llorente D\u00edaz<\/li>\n<\/ul>\n<\/li>\n<li><strong>Tribunal<\/strong>\n<ul>\n<li>Presidente del tribunal: Juan Calatrava escobar <\/li>\n<li>\u00c1lvaro Martinez vidal (vocal)<\/li>\n<li>pau Pedragosa bofarull (vocal)<\/li>\n<li>Mar\u00eda  teresa Tapada bertelli (vocal)<\/li>\n<\/ul>\n<\/li>\n<\/ul>\n<p>&nbsp;<\/p>\n","protected":false},"excerpt":{"rendered":"<p>Tesis doctoral de Claudio Galeno Ibaceta La historia de la conciencia del cuerpo en la arquitectura y las artes, desde [&hellip;]<\/p>\n","protected":false},"author":1,"featured_media":0,"comment_status":"open","ping_status":"open","sticky":false,"template":"","format":"standard","meta":{"site-sidebar-layout":"default","site-content-layout":"","ast-site-content-layout":"","site-content-style":"default","site-sidebar-style":"default","ast-global-header-display":"","ast-banner-title-visibility":"","ast-main-header-display":"","ast-hfb-above-header-display":"","ast-hfb-below-header-display":"","ast-hfb-mobile-header-display":"","site-post-title":"","ast-breadcrumbs-content":"","ast-featured-img":"","footer-sml-layout":"","theme-transparent-header-meta":"","adv-header-id-meta":"","stick-header-meta":"","header-above-stick-meta":"","header-main-stick-meta":"","header-below-stick-meta":"","astra-migrate-meta-layouts":"default","ast-page-background-enabled":"default","ast-page-background-meta":{"desktop":{"background-color":"var(--ast-global-color-4)","background-image":"","background-repeat":"repeat","background-position":"center center","background-size":"auto","background-attachment":"scroll","background-type":"","background-media":"","overlay-type":"","overlay-color":"","overlay-gradient":""},"tablet":{"background-color":"","background-image":"","background-repeat":"repeat","background-position":"center center","background-size":"auto","background-attachment":"scroll","background-type":"","background-media":"","overlay-type":"","overlay-color":"","overlay-gradient":""},"mobile":{"background-color":"","background-image":"","background-repeat":"repeat","background-position":"center center","background-size":"auto","background-attachment":"scroll","background-type":"","background-media":"","overlay-type":"","overlay-color":"","overlay-gradient":""}},"ast-content-background-meta":{"desktop":{"background-color":"var(--ast-global-color-5)","background-image":"","background-repeat":"repeat","background-position":"center center","background-size":"auto","background-attachment":"scroll","background-type":"","background-media":"","overlay-type":"","overlay-color":"","overlay-gradient":""},"tablet":{"background-color":"var(--ast-global-color-5)","background-image":"","background-repeat":"repeat","background-position":"center center","background-size":"auto","background-attachment":"scroll","background-type":"","background-media":"","overlay-type":"","overlay-color":"","overlay-gradient":""},"mobile":{"background-color":"var(--ast-global-color-5)","background-image":"","background-repeat":"repeat","background-position":"center center","background-size":"auto","background-attachment":"scroll","background-type":"","background-media":"","overlay-type":"","overlay-color":"","overlay-gradient":""}},"footnotes":""},"categories":[1745,5324,221,15596,1111],"tags":[76667,225187,121142,68041,30484,206542],"class_list":["post-113386","post","type-post","status-publish","format-standard","hentry","category-historia-de-la-arquitectura","category-historia-de-la-ciencia","category-historia-de-la-medicina","category-politecnica-de-catalunya","category-teoria-analisis-y-critica-de-las-bellas-artes","tag-alvaro-Martinez-vidal","tag-claudio-galeno-ibaceta","tag-juan-calatrava-escobar","tag-maria-teresa-tapada-bertelli","tag-marta-llorente-diaz","tag-pau-pedragosa-bofarull"],"_links":{"self":[{"href":"https:\/\/www.deberes.net\/tesis\/wp-json\/wp\/v2\/posts\/113386","targetHints":{"allow":["GET"]}}],"collection":[{"href":"https:\/\/www.deberes.net\/tesis\/wp-json\/wp\/v2\/posts"}],"about":[{"href":"https:\/\/www.deberes.net\/tesis\/wp-json\/wp\/v2\/types\/post"}],"author":[{"embeddable":true,"href":"https:\/\/www.deberes.net\/tesis\/wp-json\/wp\/v2\/users\/1"}],"replies":[{"embeddable":true,"href":"https:\/\/www.deberes.net\/tesis\/wp-json\/wp\/v2\/comments?post=113386"}],"version-history":[{"count":0,"href":"https:\/\/www.deberes.net\/tesis\/wp-json\/wp\/v2\/posts\/113386\/revisions"}],"wp:attachment":[{"href":"https:\/\/www.deberes.net\/tesis\/wp-json\/wp\/v2\/media?parent=113386"}],"wp:term":[{"taxonomy":"category","embeddable":true,"href":"https:\/\/www.deberes.net\/tesis\/wp-json\/wp\/v2\/categories?post=113386"},{"taxonomy":"post_tag","embeddable":true,"href":"https:\/\/www.deberes.net\/tesis\/wp-json\/wp\/v2\/tags?post=113386"}],"curies":[{"name":"wp","href":"https:\/\/api.w.org\/{rel}","templated":true}]}}