{"id":113408,"date":"2012-09-11T00:00:00","date_gmt":"2012-09-11T00:00:00","guid":{"rendered":"https:\/\/www.deberes.net\/tesis\/sin-categoria\/causa-pulsional-y-hermeneutica-del-inconsciente-lecturas-en-freud\/"},"modified":"2012-09-11T00:00:00","modified_gmt":"2012-09-11T00:00:00","slug":"causa-pulsional-y-hermeneutica-del-inconsciente-lecturas-en-freud","status":"publish","type":"post","link":"https:\/\/www.deberes.net\/tesis\/psicologia-clinica\/causa-pulsional-y-hermeneutica-del-inconsciente-lecturas-en-freud\/","title":{"rendered":"Causa pulsional y hermen\u00e9utica del inconsciente. lecturas en freud"},"content":{"rendered":"<h2>Tesis doctoral de <strong> Carlos Veiga Martinez <\/strong><\/h2>\n<p>En la presente tesis se aborda la dial\u00e9ctica entre la causa y el sentido, de los fen\u00f3menos cl\u00ednicos y la relaci\u00f3n temporal existente entre ambas, tal y como la aportaci\u00f3n de freud y el discurso psicoanal\u00edtico permiten analizar.Esto nos lleva a lo que llamamos la paradoja de freud, seg\u00fan la cual para situar una inscripci\u00f3n ps\u00edquica en el lugar de la causa, es necesario elaborar primero el sentido que supuestamente es consecuencia de la inscripci\u00f3n primera.Esta paradoja se ubica en el contexto de la influencia de la ciencia coet\u00e1nea a freud en la obra del inventor del psicoan\u00e1lisis, analizando su relaci\u00f3n con la aportaci\u00f3n fundamental del psicoan\u00e1lisis a la cl\u00ednica, a partir del descubrimiento del inconsciente.Se contrasta este postulado de la paradoja de freud en un recorrido por la cl\u00ednica, haciendo una reinterpretaci\u00f3n de la causalidad inconsciente en el trauma, tanto la que se muestra en los historiales cl\u00e1sicos escritos por freud, como en la cl\u00ednica descrita en los manuales contempor\u00e1neos de referencia como el cie-10 y dsm-iv.Para ello se analizan los fen\u00f3menos ps\u00edquicos estructurales que fundan la cl\u00ednica en el paradigma psicoanal\u00edtico (sue\u00f1os, pulsi\u00f3n, sexuaci\u00f3n, s\u00edntoma, trauma,&#8230;) As\u00ed como el recorrido hist\u00f3rico de la cura anal\u00edtica y su t\u00e9cnica, desde esta perspectiva de la dial\u00e9ctica causa-sentido y su articulaci\u00f3n temporal.<\/p>\n<p>&nbsp;<\/p>\n<h3>Datos acad\u00e9micos de la tesis doctoral \u00ab<strong>Causa pulsional y hermen\u00e9utica del inconsciente. lecturas en freud<\/strong>\u00ab<\/h3>\n<ul>\n<li><strong>T\u00edtulo de la tesis:<\/strong>\u00a0 Causa pulsional y hermen\u00e9utica del inconsciente. lecturas en freud <\/li>\n<li><strong>Autor:<\/strong>\u00a0 Carlos Veiga Martinez <\/li>\n<li><strong>Universidad:<\/strong>\u00a0 Pa\u00eds vasco\/euskal herriko unibertsitatea<\/li>\n<li><strong>Fecha de lectura de la tesis:<\/strong>\u00a0 09\/11\/2012<\/li>\n<\/ul>\n<p>&nbsp;<\/p>\n<h3>Direcci\u00f3n y tribunal<\/h3>\n<ul>\n<li><strong>Director de la tesis<\/strong>\n<ul>\n<li>Mikel Plazaola Rezola<\/li>\n<\/ul>\n<\/li>\n<li><strong>Tribunal<\/strong>\n<ul>\n<li>Presidente del tribunal: enrique Arranz freijo <\/li>\n<li>Francisco alfredo Estevez gonzalez (vocal)<\/li>\n<li>angel Luis Cagigas balcaza (vocal)<\/li>\n<li>Luis De nicolas Martinez (vocal)<\/li>\n<\/ul>\n<\/li>\n<\/ul>\n<p>&nbsp;<\/p>\n","protected":false},"excerpt":{"rendered":"<p>Tesis doctoral de Carlos Veiga Martinez En la presente tesis se aborda la dial\u00e9ctica entre la causa y el sentido, [&hellip;]<\/p>\n","protected":false},"author":1,"featured_media":0,"comment_status":"open","ping_status":"open","sticky":false,"template":"","format":"standard","meta":{"site-sidebar-layout":"default","site-content-layout":"","ast-site-content-layout":"","site-content-style":"default","site-sidebar-style":"default","ast-global-header-display":"","ast-banner-title-visibility":"","ast-main-header-display":"","ast-hfb-above-header-display":"","ast-hfb-below-header-display":"","ast-hfb-mobile-header-display":"","site-post-title":"","ast-breadcrumbs-content":"","ast-featured-img":"","footer-sml-layout":"","theme-transparent-header-meta":"","adv-header-id-meta":"","stick-header-meta":"","header-above-stick-meta":"","header-main-stick-meta":"","header-below-stick-meta":"","astra-migrate-meta-layouts":"default","ast-page-background-enabled":"default","ast-page-background-meta":{"desktop":{"background-color":"var(--ast-global-color-4)","background-image":"","background-repeat":"repeat","background-position":"center center","background-size":"auto","background-attachment":"scroll","background-type":"","background-media":"","overlay-type":"","overlay-color":"","overlay-gradient":""},"tablet":{"background-color":"","background-image":"","background-repeat":"repeat","background-position":"center center","background-size":"auto","background-attachment":"scroll","background-type":"","background-media":"","overlay-type":"","overlay-color":"","overlay-gradient":""},"mobile":{"background-color":"","background-image":"","background-repeat":"repeat","background-position":"center center","background-size":"auto","background-attachment":"scroll","background-type":"","background-media":"","overlay-type":"","overlay-color":"","overlay-gradient":""}},"ast-content-background-meta":{"desktop":{"background-color":"var(--ast-global-color-5)","background-image":"","background-repeat":"repeat","background-position":"center center","background-size":"auto","background-attachment":"scroll","background-type":"","background-media":"","overlay-type":"","overlay-color":"","overlay-gradient":""},"tablet":{"background-color":"var(--ast-global-color-5)","background-image":"","background-repeat":"repeat","background-position":"center center","background-size":"auto","background-attachment":"scroll","background-type":"","background-media":"","overlay-type":"","overlay-color":"","overlay-gradient":""},"mobile":{"background-color":"var(--ast-global-color-5)","background-image":"","background-repeat":"repeat","background-position":"center center","background-size":"auto","background-attachment":"scroll","background-type":"","background-media":"","overlay-type":"","overlay-color":"","overlay-gradient":""}},"footnotes":""},"categories":[12909,13026,487],"tags":[225219,225218,106341,104684,28091,95778],"class_list":["post-113408","post","type-post","status-publish","format-standard","hentry","category-pais-vasco-euskal-herriko-unibertsitatea","category-psicoanalisis","category-psicologia-clinica","tag-angel-luis-cagigas-balcaza","tag-carlos-veiga-Martinez","tag-enrique-arranz-freijo","tag-francisco-alfredo-estevez-gonzalez","tag-luis-de-nicolas-Martinez","tag-mikel-plazaola-rezola"],"_links":{"self":[{"href":"https:\/\/www.deberes.net\/tesis\/wp-json\/wp\/v2\/posts\/113408","targetHints":{"allow":["GET"]}}],"collection":[{"href":"https:\/\/www.deberes.net\/tesis\/wp-json\/wp\/v2\/posts"}],"about":[{"href":"https:\/\/www.deberes.net\/tesis\/wp-json\/wp\/v2\/types\/post"}],"author":[{"embeddable":true,"href":"https:\/\/www.deberes.net\/tesis\/wp-json\/wp\/v2\/users\/1"}],"replies":[{"embeddable":true,"href":"https:\/\/www.deberes.net\/tesis\/wp-json\/wp\/v2\/comments?post=113408"}],"version-history":[{"count":0,"href":"https:\/\/www.deberes.net\/tesis\/wp-json\/wp\/v2\/posts\/113408\/revisions"}],"wp:attachment":[{"href":"https:\/\/www.deberes.net\/tesis\/wp-json\/wp\/v2\/media?parent=113408"}],"wp:term":[{"taxonomy":"category","embeddable":true,"href":"https:\/\/www.deberes.net\/tesis\/wp-json\/wp\/v2\/categories?post=113408"},{"taxonomy":"post_tag","embeddable":true,"href":"https:\/\/www.deberes.net\/tesis\/wp-json\/wp\/v2\/tags?post=113408"}],"curies":[{"name":"wp","href":"https:\/\/api.w.org\/{rel}","templated":true}]}}