{"id":113417,"date":"2018-03-11T10:40:51","date_gmt":"2018-03-11T10:40:51","guid":{"rendered":"https:\/\/www.deberes.net\/tesis\/sin-categoria\/la-vivienda-imagen-de-una-ideologa%c2%ada-social-documentos-de-la-revista-auca-1965-1986\/"},"modified":"2018-03-11T10:40:51","modified_gmt":"2018-03-11T10:40:51","slug":"la-vivienda-imagen-de-una-ideologa%c2%ada-social-documentos-de-la-revista-auca-1965-1986","status":"publish","type":"post","link":"https:\/\/www.deberes.net\/tesis\/historia-de-la-arquitectura\/la-vivienda-imagen-de-una-ideologa%c2%ada-social-documentos-de-la-revista-auca-1965-1986\/","title":{"rendered":"La vivienda, imagen de una ideolog\u00eda social. documentos de la revista auca, 1965-1986"},"content":{"rendered":"<h2>Tesis doctoral de <strong> Rafael Andres Anguita Diaz <\/strong><\/h2>\n<p>Hacia 1960, se consolida en chile, un proceso de modernizaci\u00f3n basado en el desarrollo de las estructuras estatales. El auge de los medios de comunicaci\u00f3n y la cercan\u00eda con que se observan los hechos internacionales, contribuyen en la construcci\u00f3n de un ideario nacional reflejado en todas las esferas de la sociedad. El gobierno, a partir de sus corporaciones, acent\u00faa su labor en el plano de la vivienda y de la ciudad, generando una estrecha relaci\u00f3n entre las pol\u00edticas y la arquitectura. Esta \u00faltima, inspirada en los postulados del movimiento moderno y la ense\u00f1anza transferida de la bauhaus dessau, responde desde una matriz colaborativa y social, trasvasando el ideario moderno, al servicio del desarrollo popular. En el \u00e1mbito profesional, se propiciar\u00eda un ambiente de debate, el cual, discute estrategias para resolver los problemas urbanos y el d\u00e9ficit habitacional. Los modelos constructivos sistematizados, el crecimiento en altura, la adaptabilidad hacia el tema regional, entre otros, son inquietudes manifiestas sobre las que se desarrolla discurso y oficio, poniendo \u00e9nfasis en las soluciones de vivienda y en la planificaci\u00f3n de la ciudad. Esta atm\u00f3sfera, se desarrolla paralelamente a una politizaci\u00f3n social, que culmina con el gobierno de salvador allende, el cual enfrentar\u00e1 una marcada radicalizaci\u00f3n de posturas. Por un lado, los sectores marginados, ejercer\u00e1n presi\u00f3n a trav\u00e9s de las tomas de terreno, con el fin de conseguir una vivienda; a la vez, el sector empresarial y latifundista, ver\u00e1 con recelo las reformas que se intensifican en el \u00e1mbito estatal. En el plano habitacional, corvi y cormu se encauzaran en dar soluci\u00f3n al problema de los \u00c2\u00bfcampamentos\u00c2\u00bf, que crecen exponencialmente en las periferias. Adem\u00e1s, el gobierno impulsar\u00e1 estrategias de sensibilizaci\u00f3n internacional, a partir de encuentros y concursos, dentro de un clima altamente conflictivo al interior del pa\u00eds, que decantar\u00e1 en el fat\u00eddico desenlace del 11 septiembre de 1973, con la irrupci\u00f3n del gobierno militar. El poder de facto, establecer\u00e1 un nuevo orden econ\u00f3mico, el cual absorber\u00e1 las potestades estatales, traslad\u00e1ndolas al sector privado. Las corporaciones, ser\u00e1n reemplazadas por un solo organismo de vivienda, serviu, el cual ser\u00e1 un \u00c2\u00bfintermediario\u00c2\u00bf entre gobierno y empresariado. A nivel urbano, se tomar\u00e1n medidas vacilantes, que acentuar\u00e1n la segregaci\u00f3n social. Por tanto, la estrecha conexi\u00f3n entre arquitectura y estado, desaparecer\u00e1, junto con la obra publica al servicio de la promoci\u00f3n popular. El acontecer de estos hechos, es analizado a trav\u00e9s del relato enunciado en la revista auca, la cual, entre 1965 y 1986, difunde el desarrollo de la arquitectura nacional, sus principales obras y las posturas de sus protagonistas. La publicaci\u00f3n, desde distintas etapas editoriales, va describiendo de forma significativa las vicisitudes que enfrenta el pa\u00eds y las propuestas que intentan subsanar sus dificultades. Sus p\u00e1ginas validan una etapa hist\u00f3rica contundente, marcada por ideolog\u00edas dis\u00edmiles, lo que repercute en la construcci\u00f3n de la vivienda y de la ciudad, como fuentes modeladoras del cambio social. El objetivo de esta tesis indaga en las diferentes estrategias que se abordaron en el \u00e1rea de la vivienda promovida por el estado, reconociendo el papel de auca, como cuerpo documental y testimonio editorial; pero a la vez, como la tribuna que tuvo el medio para difundir sus inquietudes acerca de una arquitectura comprometida con el pa\u00eds y con su gente. A trav\u00e9s de un recorrido anal\u00edtico, se pretende comprender el contenido de los hechos hist\u00f3ricos, articulando una hip\u00f3tesis en torno a la pregunta: \u00c2\u00bfla vivienda, imagen de una ideolog\u00eda social?<\/p>\n<p>&nbsp;<\/p>\n<h3>Datos acad\u00e9micos de la tesis doctoral \u00ab<strong>La vivienda, imagen de una ideolog\u00eda social. documentos de la revista auca, 1965-1986<\/strong>\u00ab<\/h3>\n<ul>\n<li><strong>T\u00edtulo de la tesis:<\/strong>\u00a0 La vivienda, imagen de una ideolog\u00eda social. documentos de la revista auca, 1965-1986 <\/li>\n<li><strong>Autor:<\/strong>\u00a0 Rafael Andres Anguita Diaz <\/li>\n<li><strong>Universidad:<\/strong>\u00a0 Polit\u00e9cnica de catalunya<\/li>\n<li><strong>Fecha de lectura de la tesis:<\/strong>\u00a0 13\/11\/2012<\/li>\n<\/ul>\n<p>&nbsp;<\/p>\n<h3>Direcci\u00f3n y tribunal<\/h3>\n<ul>\n<li><strong>Director de la tesis<\/strong>\n<ul>\n<li>Joaquim Regot Marimon<\/li>\n<\/ul>\n<\/li>\n<li><strong>Tribunal<\/strong>\n<ul>\n<li>Presidente del tribunal: roberto Goycoolea prado <\/li>\n<li>pablo ramon Fuentes hernandez (vocal)<\/li>\n<li>  (vocal)<\/li>\n<li>  (vocal)<\/li>\n<\/ul>\n<\/li>\n<\/ul>\n<p>&nbsp;<\/p>\n","protected":false},"excerpt":{"rendered":"<p>Tesis doctoral de Rafael Andres Anguita Diaz Hacia 1960, se consolida en chile, un proceso de modernizaci\u00f3n basado en el [&hellip;]<\/p>\n","protected":false},"author":1,"featured_media":0,"comment_status":"open","ping_status":"open","sticky":false,"template":"","format":"standard","meta":{"site-sidebar-layout":"default","site-content-layout":"","ast-site-content-layout":"","site-content-style":"default","site-sidebar-style":"default","ast-global-header-display":"","ast-banner-title-visibility":"","ast-main-header-display":"","ast-hfb-above-header-display":"","ast-hfb-below-header-display":"","ast-hfb-mobile-header-display":"","site-post-title":"","ast-breadcrumbs-content":"","ast-featured-img":"","footer-sml-layout":"","theme-transparent-header-meta":"","adv-header-id-meta":"","stick-header-meta":"","header-above-stick-meta":"","header-main-stick-meta":"","header-below-stick-meta":"","astra-migrate-meta-layouts":"default","ast-page-background-enabled":"default","ast-page-background-meta":{"desktop":{"background-color":"var(--ast-global-color-4)","background-image":"","background-repeat":"repeat","background-position":"center center","background-size":"auto","background-attachment":"scroll","background-type":"","background-media":"","overlay-type":"","overlay-color":"","overlay-gradient":""},"tablet":{"background-color":"","background-image":"","background-repeat":"repeat","background-position":"center center","background-size":"auto","background-attachment":"scroll","background-type":"","background-media":"","overlay-type":"","overlay-color":"","overlay-gradient":""},"mobile":{"background-color":"","background-image":"","background-repeat":"repeat","background-position":"center center","background-size":"auto","background-attachment":"scroll","background-type":"","background-media":"","overlay-type":"","overlay-color":"","overlay-gradient":""}},"ast-content-background-meta":{"desktop":{"background-color":"var(--ast-global-color-5)","background-image":"","background-repeat":"repeat","background-position":"center center","background-size":"auto","background-attachment":"scroll","background-type":"","background-media":"","overlay-type":"","overlay-color":"","overlay-gradient":""},"tablet":{"background-color":"var(--ast-global-color-5)","background-image":"","background-repeat":"repeat","background-position":"center center","background-size":"auto","background-attachment":"scroll","background-type":"","background-media":"","overlay-type":"","overlay-color":"","overlay-gradient":""},"mobile":{"background-color":"var(--ast-global-color-5)","background-image":"","background-repeat":"repeat","background-position":"center center","background-size":"auto","background-attachment":"scroll","background-type":"","background-media":"","overlay-type":"","overlay-color":"","overlay-gradient":""}},"footnotes":""},"categories":[4509,12564,1745,15596],"tags":[171897,191569,225232,135840],"class_list":["post-113417","post","type-post","status-publish","format-standard","hentry","category-arquitectura","category-diseno-arquitectonico","category-historia-de-la-arquitectura","category-politecnica-de-catalunya","tag-joaquim-regot-marimon","tag-pablo-ramon-fuentes-hernandez","tag-rafael-andres-anguita-diaz","tag-roberto-goycoolea-prado"],"_links":{"self":[{"href":"https:\/\/www.deberes.net\/tesis\/wp-json\/wp\/v2\/posts\/113417","targetHints":{"allow":["GET"]}}],"collection":[{"href":"https:\/\/www.deberes.net\/tesis\/wp-json\/wp\/v2\/posts"}],"about":[{"href":"https:\/\/www.deberes.net\/tesis\/wp-json\/wp\/v2\/types\/post"}],"author":[{"embeddable":true,"href":"https:\/\/www.deberes.net\/tesis\/wp-json\/wp\/v2\/users\/1"}],"replies":[{"embeddable":true,"href":"https:\/\/www.deberes.net\/tesis\/wp-json\/wp\/v2\/comments?post=113417"}],"version-history":[{"count":0,"href":"https:\/\/www.deberes.net\/tesis\/wp-json\/wp\/v2\/posts\/113417\/revisions"}],"wp:attachment":[{"href":"https:\/\/www.deberes.net\/tesis\/wp-json\/wp\/v2\/media?parent=113417"}],"wp:term":[{"taxonomy":"category","embeddable":true,"href":"https:\/\/www.deberes.net\/tesis\/wp-json\/wp\/v2\/categories?post=113417"},{"taxonomy":"post_tag","embeddable":true,"href":"https:\/\/www.deberes.net\/tesis\/wp-json\/wp\/v2\/tags?post=113417"}],"curies":[{"name":"wp","href":"https:\/\/api.w.org\/{rel}","templated":true}]}}