{"id":113423,"date":"2018-03-11T10:40:51","date_gmt":"2018-03-11T10:40:51","guid":{"rendered":"https:\/\/www.deberes.net\/tesis\/sin-categoria\/la-irrupcion-del-movimiento-inda%c2%adgena-ecuatoriano-en-la-decada-de-los-anos-90-perfiles-pola%c2%adticos-de-los-dirigentes-de-la-conaie\/"},"modified":"2018-03-11T10:40:51","modified_gmt":"2018-03-11T10:40:51","slug":"la-irrupcion-del-movimiento-inda%c2%adgena-ecuatoriano-en-la-decada-de-los-anos-90-perfiles-pola%c2%adticos-de-los-dirigentes-de-la-conaie","status":"publish","type":"post","link":"https:\/\/www.deberes.net\/tesis\/antropologia-cultural\/la-irrupcion-del-movimiento-inda%c2%adgena-ecuatoriano-en-la-decada-de-los-anos-90-perfiles-pola%c2%adticos-de-los-dirigentes-de-la-conaie\/","title":{"rendered":"La irrupci\u00f3n del movimiento ind\u00edgena ecuatoriano en la d\u00e9cada de los a\u00f1os 90: perfiles pol\u00edticos de los dirigentes de la conaie."},"content":{"rendered":"<h2>Tesis doctoral de <strong> Luis Alfonso Alvarez Rodas <\/strong><\/h2>\n<p>El seguimiento profundo de la g\u00e9nesis, desarrollo y consolidaci\u00f3n del movimiento ind\u00edgena ecuatoriano, a trav\u00e9s  del estudio de lo \u00e9tnico, cultural pol\u00edtico, nos va a dar luces y entendimiento sobre lo que se dado en llamar la larga ruta de la comunidad al partido. Camino en el que iremos descubriendo un entramado interesante, en referencia a la etnicidad, los discursos, luchas reivindicativas, perfiles pol\u00edticos y logros m\u00e1s significativos, sin dejar de lado la importancia de la interpretaci\u00f3n de la simbolog\u00eda, que es el sustento del quehacer ind\u00edgena, hasta lograr alcanzar irrumpir en la escena pol\u00edtica del ecuador, sobre todo, a partir de la d\u00e9cada de los a\u00f1os 90, cuyas ejecutorias permitieron que se les reconozca como parte integrante de un pa\u00eds, algo que anteriormente se les hab\u00eda negado.  palabras clave: etnicidad, pueblo, naci\u00f3n, nacionalidad, ciudadan\u00eda, estado, cultura, simbolismo, pluriculturalidad, pachamama, buen vivir (sumak kawsay). \t abstract      the profound tracking of origin, development, and consolidation of ecuadorian indegenous movement through ethnic, cultural, and political study which give us knowledge and understanding about something named &quot;the long route from the community to the political party.&Quot; path in which we will discover an interesting framework in reference to the ethnology, speeches, struggles, political profiles, and more meaningful achievements without stopping the importance of symbolic interpretation which has been a mean of support of the indigenous work until to burst into the political scene from ecuador. Since 90s`decade whose performance has allowed them to be recognized as members of a country, something that had been denied to them before.    key words: ethnicity, town, country, nationality, citizenship, state, culture, symbolism, pluriculturalidad, pachamama, well live (sumak kawsay).<\/p>\n<p>&nbsp;<\/p>\n<h3>Datos acad\u00e9micos de la tesis doctoral \u00ab<strong>La irrupci\u00f3n del movimiento ind\u00edgena ecuatoriano en la d\u00e9cada de los a\u00f1os 90: perfiles pol\u00edticos de los dirigentes de la conaie.<\/strong>\u00ab<\/h3>\n<ul>\n<li><strong>T\u00edtulo de la tesis:<\/strong>\u00a0 La irrupci\u00f3n del movimiento ind\u00edgena ecuatoriano en la d\u00e9cada de los a\u00f1os 90: perfiles pol\u00edticos de los dirigentes de la conaie. <\/li>\n<li><strong>Autor:<\/strong>\u00a0 Luis Alfonso Alvarez Rodas <\/li>\n<li><strong>Universidad:<\/strong>\u00a0 Murcia<\/li>\n<li><strong>Fecha de lectura de la tesis:<\/strong>\u00a0 15\/11\/2012<\/li>\n<\/ul>\n<p>&nbsp;<\/p>\n<h3>Direcci\u00f3n y tribunal<\/h3>\n<ul>\n<li><strong>Director de la tesis<\/strong>\n<ul>\n<li>Angel Montes Del Castillo<\/li>\n<\/ul>\n<\/li>\n<li><strong>Tribunal<\/strong>\n<ul>\n<li>Presidente del tribunal: honorio manuel Velasco ma\u00edllo <\/li>\n<li>Francisco Javier Garc\u00eda casta\u00f1o (vocal)<\/li>\n<li>josefa Martinez Martinez (vocal)<\/li>\n<li>antolin Granados Martinez (vocal)<\/li>\n<\/ul>\n<\/li>\n<\/ul>\n<p>&nbsp;<\/p>\n","protected":false},"excerpt":{"rendered":"<p>Tesis doctoral de Luis Alfonso Alvarez Rodas El seguimiento profundo de la g\u00e9nesis, desarrollo y consolidaci\u00f3n del movimiento ind\u00edgena ecuatoriano, [&hellip;]<\/p>\n","protected":false},"author":1,"featured_media":0,"comment_status":"open","ping_status":"open","sticky":false,"template":"","format":"standard","meta":{"site-sidebar-layout":"default","site-content-layout":"","ast-site-content-layout":"","site-content-style":"default","site-sidebar-style":"default","ast-global-header-display":"","ast-banner-title-visibility":"","ast-main-header-display":"","ast-hfb-above-header-display":"","ast-hfb-below-header-display":"","ast-hfb-mobile-header-display":"","site-post-title":"","ast-breadcrumbs-content":"","ast-featured-img":"","footer-sml-layout":"","theme-transparent-header-meta":"","adv-header-id-meta":"","stick-header-meta":"","header-above-stick-meta":"","header-main-stick-meta":"","header-below-stick-meta":"","astra-migrate-meta-layouts":"default","ast-page-background-enabled":"default","ast-page-background-meta":{"desktop":{"background-color":"var(--ast-global-color-4)","background-image":"","background-repeat":"repeat","background-position":"center center","background-size":"auto","background-attachment":"scroll","background-type":"","background-media":"","overlay-type":"","overlay-color":"","overlay-gradient":""},"tablet":{"background-color":"","background-image":"","background-repeat":"repeat","background-position":"center center","background-size":"auto","background-attachment":"scroll","background-type":"","background-media":"","overlay-type":"","overlay-color":"","overlay-gradient":""},"mobile":{"background-color":"","background-image":"","background-repeat":"repeat","background-position":"center center","background-size":"auto","background-attachment":"scroll","background-type":"","background-media":"","overlay-type":"","overlay-color":"","overlay-gradient":""}},"ast-content-background-meta":{"desktop":{"background-color":"var(--ast-global-color-5)","background-image":"","background-repeat":"repeat","background-position":"center center","background-size":"auto","background-attachment":"scroll","background-type":"","background-media":"","overlay-type":"","overlay-color":"","overlay-gradient":""},"tablet":{"background-color":"var(--ast-global-color-5)","background-image":"","background-repeat":"repeat","background-position":"center center","background-size":"auto","background-attachment":"scroll","background-type":"","background-media":"","overlay-type":"","overlay-color":"","overlay-gradient":""},"mobile":{"background-color":"var(--ast-global-color-5)","background-image":"","background-repeat":"repeat","background-position":"center center","background-size":"auto","background-attachment":"scroll","background-type":"","background-media":"","overlay-type":"","overlay-color":"","overlay-gradient":""}},"footnotes":""},"categories":[983,2720,8235],"tags":[128955,74054,68254,14767,103004,225240],"class_list":["post-113423","post","type-post","status-publish","format-standard","hentry","category-antropologia-cultural","category-antropologia-social","category-murcia","tag-angel-montes-del-castillo","tag-antolin-granados-Martinez","tag-francisco-javier-garcia-castano","tag-honorio-manuel-velasco-maillo","tag-josefa-Martinez-Martinez","tag-luis-alfonso-alvarez-rodas"],"_links":{"self":[{"href":"https:\/\/www.deberes.net\/tesis\/wp-json\/wp\/v2\/posts\/113423","targetHints":{"allow":["GET"]}}],"collection":[{"href":"https:\/\/www.deberes.net\/tesis\/wp-json\/wp\/v2\/posts"}],"about":[{"href":"https:\/\/www.deberes.net\/tesis\/wp-json\/wp\/v2\/types\/post"}],"author":[{"embeddable":true,"href":"https:\/\/www.deberes.net\/tesis\/wp-json\/wp\/v2\/users\/1"}],"replies":[{"embeddable":true,"href":"https:\/\/www.deberes.net\/tesis\/wp-json\/wp\/v2\/comments?post=113423"}],"version-history":[{"count":0,"href":"https:\/\/www.deberes.net\/tesis\/wp-json\/wp\/v2\/posts\/113423\/revisions"}],"wp:attachment":[{"href":"https:\/\/www.deberes.net\/tesis\/wp-json\/wp\/v2\/media?parent=113423"}],"wp:term":[{"taxonomy":"category","embeddable":true,"href":"https:\/\/www.deberes.net\/tesis\/wp-json\/wp\/v2\/categories?post=113423"},{"taxonomy":"post_tag","embeddable":true,"href":"https:\/\/www.deberes.net\/tesis\/wp-json\/wp\/v2\/tags?post=113423"}],"curies":[{"name":"wp","href":"https:\/\/api.w.org\/{rel}","templated":true}]}}