{"id":113512,"date":"2012-04-12T00:00:00","date_gmt":"2012-04-12T00:00:00","guid":{"rendered":"https:\/\/www.deberes.net\/tesis\/sin-categoria\/variacion-de-la-actividad-fisiologica-de-la-microflora-del-suelo-en-terrenos-afectados-por-actividades-mineras\/"},"modified":"2012-04-12T00:00:00","modified_gmt":"2012-04-12T00:00:00","slug":"variacion-de-la-actividad-fisiologica-de-la-microflora-del-suelo-en-terrenos-afectados-por-actividades-mineras","status":"publish","type":"post","link":"https:\/\/www.deberes.net\/tesis\/ciencias-de-la-vida\/variacion-de-la-actividad-fisiologica-de-la-microflora-del-suelo-en-terrenos-afectados-por-actividades-mineras\/","title":{"rendered":"Variaci\u00f3n de la actividad fisiol\u00f3gica de la microflora del suelo en terrenos afectados por actividades mineras."},"content":{"rendered":"<h2>Tesis doctoral de <strong> Francisco Javier Diaz Puente <\/strong><\/h2>\n<p>El suelo es un componente fundamental de los ecosistemas terrestres. Es un sistema abierto, din\u00e1mico y complejo, pero vulnerable y susceptible de alterarse y perder su estado estacionario. Entre las actividades humanas que mayor impacto generan en el  suelo se encuentran la miner\u00eda y la metalurgia.   el trabajo realizado para la presente memoria se ha localizado en zonas donde se desarrollan o se han desarrollado actividades mineras y metal\u00fargicas. En concreto en: \u00c2\u00bf\tel distrito minero de almad\u00e9n,  afectado por la miner\u00eda y la metalurgia met\u00e1lica y con explotaciones ancestrales en una comarca donde la explotaci\u00f3n del mercurio ha convivido con actividades agro-silvo-pastorales. \u00c2\u00bf\tla cuenca carbon\u00edfera de el bierzo, exponente de la miner\u00eda del c arb\u00f3n en un \u00e1rea de monta\u00f1a templada-h\u00fameda. A pesar de que el auge de la explotaci\u00f3n de carb\u00f3n en esta zona s\u00f3lo va a cumplir un siglo, la herencia ambiental es de un profundo deterioro del paisaje que afecta especialmente a suelos y aguas de la zon a, condicionando el futuro de otros usos del territorio.  en este trabajo se identifica la perturbaci\u00f3n del medio ed\u00e1fico asociada a las actividades mineras y metal\u00fargicas desarrolladas en estos escenarios, a partir de variables bi\u00f3ticas del suelo. A s\u00ed, las variables asociadas a la actividad microbiana de los suelos (respirometr\u00eda o biomasa microbiana) se consideran buenos indicadores para caracterizar la perturbaci\u00f3n del sistema ed\u00e1fico y hasta que punto es afectado por la miner\u00eda y\/o la metalu rgia y discriminar el tipo y nivel de afectaci\u00f3n del que pueden provocar otros usos del suelo.  la idoneidad del valor indicador de alguna de las variables estudiadas, especialmente el cociente metab\u00f3lico, es controvertida, lo que ha hecho necesario reevaluar hasta que punto esas variables son relevantes para caracterizar la perturbaci\u00f3n en nuestros escenarios y buscar los factores subyacentes que condicionan los valores de las variables estudiadas.<\/p>\n<p>&nbsp;<\/p>\n<h3>Datos acad\u00e9micos de la tesis doctoral \u00ab<strong>Variaci\u00f3n de la actividad fisiol\u00f3gica de la microflora del suelo en terrenos afectados por actividades mineras.<\/strong>\u00ab<\/h3>\n<ul>\n<li><strong>T\u00edtulo de la tesis:<\/strong>\u00a0 Variaci\u00f3n de la actividad fisiol\u00f3gica de la microflora del suelo en terrenos afectados por actividades mineras. <\/li>\n<li><strong>Autor:<\/strong>\u00a0 Francisco Javier Diaz Puente <\/li>\n<li><strong>Universidad:<\/strong>\u00a0 Complutense de Madrid<\/li>\n<li><strong>Fecha de lectura de la tesis:<\/strong>\u00a0 04\/12\/2012<\/li>\n<\/ul>\n<p>&nbsp;<\/p>\n<h3>Direcci\u00f3n y tribunal<\/h3>\n<ul>\n<li><strong>Director de la tesis<\/strong>\n<ul>\n<li>Avelino Garc\u00eda \u00e1lvarez<\/li>\n<\/ul>\n<\/li>\n<li><strong>Tribunal<\/strong>\n<ul>\n<li>Presidente del tribunal: jos\u00e9 Mart\u00ednez peinado <\/li>\n<li>benjam\u00edn S\u00e1nchez gimeno (vocal)<\/li>\n<li>montserrat Diaz ravi\u00f1a (vocal)<\/li>\n<li>Mar\u00eda del carmen Lobo bedmar (vocal)<\/li>\n<\/ul>\n<\/li>\n<\/ul>\n<p>&nbsp;<\/p>\n","protected":false},"excerpt":{"rendered":"<p>Tesis doctoral de Francisco Javier Diaz Puente El suelo es un componente fundamental de los ecosistemas terrestres. Es un sistema [&hellip;]<\/p>\n","protected":false},"author":1,"featured_media":0,"comment_status":"open","ping_status":"open","sticky":false,"template":"","format":"standard","meta":{"site-sidebar-layout":"default","site-content-layout":"","ast-site-content-layout":"","site-content-style":"default","site-sidebar-style":"default","ast-global-header-display":"","ast-banner-title-visibility":"","ast-main-header-display":"","ast-hfb-above-header-display":"","ast-hfb-below-header-display":"","ast-hfb-mobile-header-display":"","site-post-title":"","ast-breadcrumbs-content":"","ast-featured-img":"","footer-sml-layout":"","theme-transparent-header-meta":"","adv-header-id-meta":"","stick-header-meta":"","header-above-stick-meta":"","header-main-stick-meta":"","header-below-stick-meta":"","astra-migrate-meta-layouts":"default","ast-page-background-enabled":"default","ast-page-background-meta":{"desktop":{"background-color":"var(--ast-global-color-4)","background-image":"","background-repeat":"repeat","background-position":"center center","background-size":"auto","background-attachment":"scroll","background-type":"","background-media":"","overlay-type":"","overlay-color":"","overlay-gradient":""},"tablet":{"background-color":"","background-image":"","background-repeat":"repeat","background-position":"center center","background-size":"auto","background-attachment":"scroll","background-type":"","background-media":"","overlay-type":"","overlay-color":"","overlay-gradient":""},"mobile":{"background-color":"","background-image":"","background-repeat":"repeat","background-position":"center center","background-size":"auto","background-attachment":"scroll","background-type":"","background-media":"","overlay-type":"","overlay-color":"","overlay-gradient":""}},"ast-content-background-meta":{"desktop":{"background-color":"var(--ast-global-color-5)","background-image":"","background-repeat":"repeat","background-position":"center center","background-size":"auto","background-attachment":"scroll","background-type":"","background-media":"","overlay-type":"","overlay-color":"","overlay-gradient":""},"tablet":{"background-color":"var(--ast-global-color-5)","background-image":"","background-repeat":"repeat","background-position":"center center","background-size":"auto","background-attachment":"scroll","background-type":"","background-media":"","overlay-type":"","overlay-color":"","overlay-gradient":""},"mobile":{"background-color":"var(--ast-global-color-5)","background-image":"","background-repeat":"repeat","background-position":"center center","background-size":"auto","background-attachment":"scroll","background-type":"","background-media":"","overlay-type":"","overlay-color":"","overlay-gradient":""}},"footnotes":""},"categories":[35,986],"tags":[55890,36720,225382,2604,142868,67660],"class_list":["post-113512","post","type-post","status-publish","format-standard","hentry","category-ciencias-de-la-vida","category-complutense-de-madrid","tag-avelino-garcia-alvarez","tag-benjamin-sanchez-gimeno","tag-francisco-javier-diaz-puente","tag-jose-Martinez-peinado","tag-maria-del-carmen-lobo-bedmar","tag-montserrat-diaz-ravina"],"_links":{"self":[{"href":"https:\/\/www.deberes.net\/tesis\/wp-json\/wp\/v2\/posts\/113512","targetHints":{"allow":["GET"]}}],"collection":[{"href":"https:\/\/www.deberes.net\/tesis\/wp-json\/wp\/v2\/posts"}],"about":[{"href":"https:\/\/www.deberes.net\/tesis\/wp-json\/wp\/v2\/types\/post"}],"author":[{"embeddable":true,"href":"https:\/\/www.deberes.net\/tesis\/wp-json\/wp\/v2\/users\/1"}],"replies":[{"embeddable":true,"href":"https:\/\/www.deberes.net\/tesis\/wp-json\/wp\/v2\/comments?post=113512"}],"version-history":[{"count":0,"href":"https:\/\/www.deberes.net\/tesis\/wp-json\/wp\/v2\/posts\/113512\/revisions"}],"wp:attachment":[{"href":"https:\/\/www.deberes.net\/tesis\/wp-json\/wp\/v2\/media?parent=113512"}],"wp:term":[{"taxonomy":"category","embeddable":true,"href":"https:\/\/www.deberes.net\/tesis\/wp-json\/wp\/v2\/categories?post=113512"},{"taxonomy":"post_tag","embeddable":true,"href":"https:\/\/www.deberes.net\/tesis\/wp-json\/wp\/v2\/tags?post=113512"}],"curies":[{"name":"wp","href":"https:\/\/api.w.org\/{rel}","templated":true}]}}