{"id":113562,"date":"2018-03-11T10:41:08","date_gmt":"2018-03-11T10:41:08","guid":{"rendered":"https:\/\/www.deberes.net\/tesis\/sin-categoria\/la-policia-judicial-de-proximidad-su-ubicacion-en-el-sistema-publico-de-seguridad\/"},"modified":"2018-03-11T10:41:08","modified_gmt":"2018-03-11T10:41:08","slug":"la-policia-judicial-de-proximidad-su-ubicacion-en-el-sistema-publico-de-seguridad","status":"publish","type":"post","link":"https:\/\/www.deberes.net\/tesis\/ciencias-juridicas-y-derecho\/la-policia-judicial-de-proximidad-su-ubicacion-en-el-sistema-publico-de-seguridad\/","title":{"rendered":"La policia judicial de proximidad (su ubicacion en el sistema publico de seguridad)"},"content":{"rendered":"<h2>Tesis doctoral de <strong> Jos\u00e9 Mar\u00eda Mainar Ene <\/strong><\/h2>\n<p>I. Lista de palabras claves relacionadas con la tesis: \tpolic\u00eda &#8211; polic\u00eda judicial &#8211; justicia de proximidad police &#8211; police court &#8211; justice of proximity ii. Resumen en castellano: el trabajo presentado tiene por objeto analizar el cambio que actualmente se est\u00e1 produciendo en la prestaci\u00f3n del servicio de la polic\u00eda judicial al incorporarse un nuevo operador, la polic\u00eda local, a las fuerzas y cuerpos de seguridad que hasta ahora lo ven\u00edan realizando. se pretende realizar un estudio sobre c\u00f3mo se va a producir la asignaci\u00f3n de las nuevas funciones a las polic\u00edas locales y las posibles consecuencias que esta incorporaci\u00f3n supondr\u00e1 en el modelo de prestaci\u00f3n del servicio de polic\u00eda judicial. esta pr\u00f3xima vinculaci\u00f3n de las polic\u00edas locales a desempe\u00f1ar funciones de polic\u00eda judicial con car\u00e1cter integral, hace que sea necesario analizar la incidencia en el mundo jur\u00eddico procesal, con especial atenci\u00f3n a la llamada justicia de proximidad, que la incorporaci\u00f3n de estos cuerpos policiales tendr\u00e1 en la realizaci\u00f3n de una tarea tradicional de la polic\u00eda pero que, para las polic\u00edas locales, va a suponer una aut\u00e9ntica novedad.  iii. Resumen en ingl\u00e9s:  summary:  the presented work is designed to analyze the changes currently taking place in the service of the judicial police to incorporate a new operator, the local police, the security forces and corps which until now had been making. it is try to realize a study on how it going to produce the assignment of new functions to the local police and the possible consequences that this incorporation will suppose in the model of service of the judicial police.  this next link of the local police to recovering functions of judicial police with integral character, makes it necessary to analyze the incident in the juridical procedural world, with special attention to the so-called proximity justice, which the incorporation of these police forces will have in the accomplishment of a traditional task of the police, but that for the local police is going to suppose an authentic innovation.<\/p>\n<p>&nbsp;<\/p>\n<h3>Datos acad\u00e9micos de la tesis doctoral \u00ab<strong>La policia judicial de proximidad (su ubicacion en el sistema publico de seguridad)<\/strong>\u00ab<\/h3>\n<ul>\n<li><strong>T\u00edtulo de la tesis:<\/strong>\u00a0 La policia judicial de proximidad (su ubicacion en el sistema publico de seguridad) <\/li>\n<li><strong>Autor:<\/strong>\u00a0 Jos\u00e9 Mar\u00eda Mainar Ene <\/li>\n<li><strong>Universidad:<\/strong>\u00a0 Murcia<\/li>\n<li><strong>Fecha de lectura de la tesis:<\/strong>\u00a0 13\/12\/2012<\/li>\n<\/ul>\n<p>&nbsp;<\/p>\n<h3>Direcci\u00f3n y tribunal<\/h3>\n<ul>\n<li><strong>Director de la tesis<\/strong>\n<ul>\n<li>Fernando Jim\u00e9nez Conde<\/li>\n<\/ul>\n<\/li>\n<li><strong>Tribunal<\/strong>\n<ul>\n<li>Presidente del tribunal: teresa Armenta deu <\/li>\n<li>monica galdana Perez morales (vocal)<\/li>\n<li>conrado joaqu\u00edn Fern\u00e1ndez justes (vocal)<\/li>\n<li>Manuel Mart\u00edn fern\u00e1ndez (vocal)<\/li>\n<\/ul>\n<\/li>\n<\/ul>\n<p>&nbsp;<\/p>\n","protected":false},"excerpt":{"rendered":"<p>Tesis doctoral de Jos\u00e9 Mar\u00eda Mainar Ene I. Lista de palabras claves relacionadas con la tesis: polic\u00eda &#8211; polic\u00eda judicial [&hellip;]<\/p>\n","protected":false},"author":1,"featured_media":0,"comment_status":"open","ping_status":"open","sticky":false,"template":"","format":"standard","meta":{"site-sidebar-layout":"default","site-content-layout":"","ast-site-content-layout":"","site-content-style":"default","site-sidebar-style":"default","ast-global-header-display":"","ast-banner-title-visibility":"","ast-main-header-display":"","ast-hfb-above-header-display":"","ast-hfb-below-header-display":"","ast-hfb-mobile-header-display":"","site-post-title":"","ast-breadcrumbs-content":"","ast-featured-img":"","footer-sml-layout":"","theme-transparent-header-meta":"","adv-header-id-meta":"","stick-header-meta":"","header-above-stick-meta":"","header-main-stick-meta":"","header-below-stick-meta":"","astra-migrate-meta-layouts":"default","ast-page-background-enabled":"default","ast-page-background-meta":{"desktop":{"background-color":"var(--ast-global-color-4)","background-image":"","background-repeat":"repeat","background-position":"center center","background-size":"auto","background-attachment":"scroll","background-type":"","background-media":"","overlay-type":"","overlay-color":"","overlay-gradient":""},"tablet":{"background-color":"","background-image":"","background-repeat":"repeat","background-position":"center center","background-size":"auto","background-attachment":"scroll","background-type":"","background-media":"","overlay-type":"","overlay-color":"","overlay-gradient":""},"mobile":{"background-color":"","background-image":"","background-repeat":"repeat","background-position":"center center","background-size":"auto","background-attachment":"scroll","background-type":"","background-media":"","overlay-type":"","overlay-color":"","overlay-gradient":""}},"ast-content-background-meta":{"desktop":{"background-color":"var(--ast-global-color-5)","background-image":"","background-repeat":"repeat","background-position":"center center","background-size":"auto","background-attachment":"scroll","background-type":"","background-media":"","overlay-type":"","overlay-color":"","overlay-gradient":""},"tablet":{"background-color":"var(--ast-global-color-5)","background-image":"","background-repeat":"repeat","background-position":"center center","background-size":"auto","background-attachment":"scroll","background-type":"","background-media":"","overlay-type":"","overlay-color":"","overlay-gradient":""},"mobile":{"background-color":"var(--ast-global-color-5)","background-image":"","background-repeat":"repeat","background-position":"center center","background-size":"auto","background-attachment":"scroll","background-type":"","background-media":"","overlay-type":"","overlay-color":"","overlay-gradient":""}},"footnotes":""},"categories":[612,8235],"tags":[47886,22770,225467,1297,41003,12326],"class_list":["post-113562","post","type-post","status-publish","format-standard","hentry","category-ciencias-juridicas-y-derecho","category-murcia","tag-conrado-joaquin-fernandez-justes","tag-fernando-jimenez-conde","tag-jose-maria-mainar-ene","tag-manuel-martin-fernandez","tag-monica-galdana-perez-morales","tag-teresa-armenta-deu"],"_links":{"self":[{"href":"https:\/\/www.deberes.net\/tesis\/wp-json\/wp\/v2\/posts\/113562","targetHints":{"allow":["GET"]}}],"collection":[{"href":"https:\/\/www.deberes.net\/tesis\/wp-json\/wp\/v2\/posts"}],"about":[{"href":"https:\/\/www.deberes.net\/tesis\/wp-json\/wp\/v2\/types\/post"}],"author":[{"embeddable":true,"href":"https:\/\/www.deberes.net\/tesis\/wp-json\/wp\/v2\/users\/1"}],"replies":[{"embeddable":true,"href":"https:\/\/www.deberes.net\/tesis\/wp-json\/wp\/v2\/comments?post=113562"}],"version-history":[{"count":0,"href":"https:\/\/www.deberes.net\/tesis\/wp-json\/wp\/v2\/posts\/113562\/revisions"}],"wp:attachment":[{"href":"https:\/\/www.deberes.net\/tesis\/wp-json\/wp\/v2\/media?parent=113562"}],"wp:term":[{"taxonomy":"category","embeddable":true,"href":"https:\/\/www.deberes.net\/tesis\/wp-json\/wp\/v2\/categories?post=113562"},{"taxonomy":"post_tag","embeddable":true,"href":"https:\/\/www.deberes.net\/tesis\/wp-json\/wp\/v2\/tags?post=113562"}],"curies":[{"name":"wp","href":"https:\/\/api.w.org\/{rel}","templated":true}]}}