{"id":113577,"date":"2018-03-11T10:41:08","date_gmt":"2018-03-11T10:41:08","guid":{"rendered":"https:\/\/www.deberes.net\/tesis\/sin-categoria\/un-modelo-explicativo-procesual-de-la-pobreza-desde-la-psicologa%c2%ada-social-comunitaria-y-el-enfoque-de-los-ddhh\/"},"modified":"2018-03-11T10:41:08","modified_gmt":"2018-03-11T10:41:08","slug":"un-modelo-explicativo-procesual-de-la-pobreza-desde-la-psicologa%c2%ada-social-comunitaria-y-el-enfoque-de-los-ddhh","status":"publish","type":"post","link":"https:\/\/www.deberes.net\/tesis\/psicologia\/un-modelo-explicativo-procesual-de-la-pobreza-desde-la-psicologa%c2%ada-social-comunitaria-y-el-enfoque-de-los-ddhh\/","title":{"rendered":"Un modelo explicativo procesual de la pobreza desde la psicolog\u00eda social comunitaria y el enfoque de los ddhh"},"content":{"rendered":"<h2>Tesis doctoral de <strong> Alfonso Perez Mu\u00f1oz <\/strong><\/h2>\n<p>La pobreza es uno de los principales problemas mundiales. Un problema no s\u00f3lo econ\u00f3mico o pol\u00edtico, sino sobre todo humano y social, porque son seres humanos quienes lo sufren y porque somos las distintas personas, grupos y comunidades las que con nu estras actitudes, valores, conductas y sistemas de organizaci\u00f3n y relaci\u00f3n social lo promovemos, justificamos y\/o mantenemos. Ante esta situaci\u00f3n, los psic\u00f3logos sociales comunitarios, y los cient\u00edficos sociales en general, tenemos una importante res ponsabilidad en su investigaci\u00f3n, an\u00e1lisis y propuesta de soluciones; especialmente cuando, adem\u00e1s de la importancia y gravedad del problema social de la pobreza, tenemos otro problema actualmente, como es el de la falta de eficacia y calidad en la e valuaci\u00f3n y la intervenci\u00f3n social en los temas de pobreza. \ten este contexto, planteamos esta investigaci\u00f3n con los siguientes objetivos: (a)identificar y definir las principales variables que forman parte del concepto, dimensiones y causas de la po breza, y (b) dise\u00f1ar y contrastar modelos conceptuales explicativos sobre la promoci\u00f3n, justificaci\u00f3n y mantenimiento de la pobreza.  \tpara lograr los objetivos del estudio, se ha realizado una investigaci\u00f3n progresiva, dividida en varias fases: revi si\u00f3n te\u00f3rica, estudio exploratorio, an\u00e1lisis psicom\u00e9trico del instrumento de medida y estudio final, al final de cada una de las cuales se presentaban las hip\u00f3tesis que se iban a contrastar en la siguiente.  \tlas principales hip\u00f3tesis que hemos contr astado en esta investigaci\u00f3n han sido una definici\u00f3n general de pobreza y un modelo explicativo procesual de la pobreza. En el estudio exploratorio, los resultados fueron coincidentes en un alto grado con nuestros planteamientos, y en el an\u00e1lisis y c ontraste del modelo se aceptaron la mayor parte de las hip\u00f3tesis, as\u00ed como el ajuste del modelo a los datos.  \testos resultados son exploratorios; pero ofrecen una buena base conceptual y metodol\u00f3gica para seguir desarrollando nuevas investigaciones que nos ayuden en un futuro a lograr nuestros objetivos y metas con la suficiente confianza, utilidad y validez.  palabras claves: pobreza, exclusi\u00f3n social, derechos humanos, problema social y psicolog\u00eda social comunitaria.<\/p>\n<p>&nbsp;<\/p>\n<h3>Datos acad\u00e9micos de la tesis doctoral \u00ab<strong>Un modelo explicativo procesual de la pobreza desde la psicolog\u00eda social comunitaria y el enfoque de los ddhh<\/strong>\u00ab<\/h3>\n<ul>\n<li><strong>T\u00edtulo de la tesis:<\/strong>\u00a0 Un modelo explicativo procesual de la pobreza desde la psicolog\u00eda social comunitaria y el enfoque de los ddhh <\/li>\n<li><strong>Autor:<\/strong>\u00a0 Alfonso Perez Mu\u00f1oz <\/li>\n<li><strong>Universidad:<\/strong>\u00a0 Complutense de Madrid<\/li>\n<li><strong>Fecha de lectura de la tesis:<\/strong>\u00a0 14\/12\/2012<\/li>\n<\/ul>\n<p>&nbsp;<\/p>\n<h3>Direcci\u00f3n y tribunal<\/h3>\n<ul>\n<li><strong>Director de la tesis<\/strong>\n<ul>\n<li>Fernando Chacon Fuertes<\/li>\n<\/ul>\n<\/li>\n<li><strong>Tribunal<\/strong>\n<ul>\n<li>Presidente del tribunal: florencio Jim\u00e9nez burillo <\/li>\n<li>M\u00aa isabel Hombrados mendieta (vocal)<\/li>\n<li>anastasio Ovejero bernal (vocal)<\/li>\n<li>amalio Blanco abarca (vocal)<\/li>\n<\/ul>\n<\/li>\n<\/ul>\n<p>&nbsp;<\/p>\n","protected":false},"excerpt":{"rendered":"<p>Tesis doctoral de Alfonso Perez Mu\u00f1oz La pobreza es uno de los principales problemas mundiales. Un problema no s\u00f3lo econ\u00f3mico [&hellip;]<\/p>\n","protected":false},"author":1,"featured_media":0,"comment_status":"open","ping_status":"open","sticky":false,"template":"","format":"standard","meta":{"site-sidebar-layout":"default","site-content-layout":"","ast-site-content-layout":"","site-content-style":"default","site-sidebar-style":"default","ast-global-header-display":"","ast-banner-title-visibility":"","ast-main-header-display":"","ast-hfb-above-header-display":"","ast-hfb-below-header-display":"","ast-hfb-mobile-header-display":"","site-post-title":"","ast-breadcrumbs-content":"","ast-featured-img":"","footer-sml-layout":"","theme-transparent-header-meta":"","adv-header-id-meta":"","stick-header-meta":"","header-above-stick-meta":"","header-main-stick-meta":"","header-below-stick-meta":"","astra-migrate-meta-layouts":"default","ast-page-background-enabled":"default","ast-page-background-meta":{"desktop":{"background-color":"var(--ast-global-color-4)","background-image":"","background-repeat":"repeat","background-position":"center center","background-size":"auto","background-attachment":"scroll","background-type":"","background-media":"","overlay-type":"","overlay-color":"","overlay-gradient":""},"tablet":{"background-color":"","background-image":"","background-repeat":"repeat","background-position":"center center","background-size":"auto","background-attachment":"scroll","background-type":"","background-media":"","overlay-type":"","overlay-color":"","overlay-gradient":""},"mobile":{"background-color":"","background-image":"","background-repeat":"repeat","background-position":"center center","background-size":"auto","background-attachment":"scroll","background-type":"","background-media":"","overlay-type":"","overlay-color":"","overlay-gradient":""}},"ast-content-background-meta":{"desktop":{"background-color":"var(--ast-global-color-5)","background-image":"","background-repeat":"repeat","background-position":"center center","background-size":"auto","background-attachment":"scroll","background-type":"","background-media":"","overlay-type":"","overlay-color":"","overlay-gradient":""},"tablet":{"background-color":"var(--ast-global-color-5)","background-image":"","background-repeat":"repeat","background-position":"center center","background-size":"auto","background-attachment":"scroll","background-type":"","background-media":"","overlay-type":"","overlay-color":"","overlay-gradient":""},"mobile":{"background-color":"var(--ast-global-color-5)","background-image":"","background-repeat":"repeat","background-position":"center center","background-size":"auto","background-attachment":"scroll","background-type":"","background-media":"","overlay-type":"","overlay-color":"","overlay-gradient":""}},"footnotes":""},"categories":[986,324],"tags":[225488,7128,2998,23717,6709,58447],"class_list":["post-113577","post","type-post","status-publish","format-standard","hentry","category-complutense-de-madrid","category-psicologia","tag-alfonso-perez-munoz","tag-amalio-blanco-abarca","tag-anastasio-ovejero-bernal","tag-fernando-chacon-fuertes","tag-florencio-jimenez-burillo","tag-ma-isabel-hombrados-mendieta"],"_links":{"self":[{"href":"https:\/\/www.deberes.net\/tesis\/wp-json\/wp\/v2\/posts\/113577","targetHints":{"allow":["GET"]}}],"collection":[{"href":"https:\/\/www.deberes.net\/tesis\/wp-json\/wp\/v2\/posts"}],"about":[{"href":"https:\/\/www.deberes.net\/tesis\/wp-json\/wp\/v2\/types\/post"}],"author":[{"embeddable":true,"href":"https:\/\/www.deberes.net\/tesis\/wp-json\/wp\/v2\/users\/1"}],"replies":[{"embeddable":true,"href":"https:\/\/www.deberes.net\/tesis\/wp-json\/wp\/v2\/comments?post=113577"}],"version-history":[{"count":0,"href":"https:\/\/www.deberes.net\/tesis\/wp-json\/wp\/v2\/posts\/113577\/revisions"}],"wp:attachment":[{"href":"https:\/\/www.deberes.net\/tesis\/wp-json\/wp\/v2\/media?parent=113577"}],"wp:term":[{"taxonomy":"category","embeddable":true,"href":"https:\/\/www.deberes.net\/tesis\/wp-json\/wp\/v2\/categories?post=113577"},{"taxonomy":"post_tag","embeddable":true,"href":"https:\/\/www.deberes.net\/tesis\/wp-json\/wp\/v2\/tags?post=113577"}],"curies":[{"name":"wp","href":"https:\/\/api.w.org\/{rel}","templated":true}]}}