{"id":113603,"date":"2018-03-11T10:41:08","date_gmt":"2018-03-11T10:41:08","guid":{"rendered":"https:\/\/www.deberes.net\/tesis\/sin-categoria\/contribucion-del-presupuesto-pluridimensional-a-la-direccion-de-la-empresa\/"},"modified":"2018-03-11T10:41:08","modified_gmt":"2018-03-11T10:41:08","slug":"contribucion-del-presupuesto-pluridimensional-a-la-direccion-de-la-empresa","status":"publish","type":"post","link":"https:\/\/www.deberes.net\/tesis\/gestion-financiera\/contribucion-del-presupuesto-pluridimensional-a-la-direccion-de-la-empresa\/","title":{"rendered":"Contribuci\u00f3n del presupuesto pluridimensional a la direcci\u00f3n de la empresa"},"content":{"rendered":"<h2>Tesis doctoral de <strong> Mar\u00eda Sol Amelia Quesada Blasco <\/strong><\/h2>\n<p>El concepto b\u00e1sico y cl\u00e1sico del presupuesto, centrado en el control a corto plazo de objetivos cuantitativos, se ampl\u00eda a una concepci\u00f3n orientada hacia el potencial de las personas, seg\u00fan su sistema de valores y dentro de la cultura empresarial, as\u00ed como a los potenciales de los recursos disponibles y su organizaci\u00f3n. Se establecen as\u00ed principios, que se concretan en un sistema de objetivos e indicadores, de tal forma que cada persona sea capaz de valorar su contribuci\u00f3n al conjunto de la empresa e, incluso, de la sociedad. Las dimensiones aqu\u00ed explicitadas pueden facilitar el aumento de la productividad, al aplicar el potencial de las personas a \u00c2\u00bflo com\u00fan\u00c2\u00bf, al desarrollo de la \u00c2\u00bfinstituci\u00f3n\u00c2\u00bf de esta forma, el aspecto econ\u00f3mico integra el financiero; el largo plazo incluye el corto plazo y el planteamiento stakeholdervalue integra el shareholdervalue. En la medida en que la alta direcci\u00f3n posea un concepto integral e interdisciplinar del presupuesto, \u00e9ste ser\u00e1 pieza clave en la toma de decisiones no solo de tipo econ\u00f3mico-financiero, sino tambi\u00e9n en la organizaci\u00f3n, en la planificaci\u00f3n y en la motivaci\u00f3n de la empresa y de la persona.<\/p>\n<p>&nbsp;<\/p>\n<h3>Datos acad\u00e9micos de la tesis doctoral \u00ab<strong>Contribuci\u00f3n del presupuesto pluridimensional a la direcci\u00f3n de la empresa<\/strong>\u00ab<\/h3>\n<ul>\n<li><strong>T\u00edtulo de la tesis:<\/strong>\u00a0 Contribuci\u00f3n del presupuesto pluridimensional a la direcci\u00f3n de la empresa <\/li>\n<li><strong>Autor:<\/strong>\u00a0 Mar\u00eda Sol Amelia Quesada Blasco <\/li>\n<li><strong>Universidad:<\/strong>\u00a0 Navarra<\/li>\n<li><strong>Fecha de lectura de la tesis:<\/strong>\u00a0 17\/12\/2012<\/li>\n<\/ul>\n<p>&nbsp;<\/p>\n<h3>Direcci\u00f3n y tribunal<\/h3>\n<ul>\n<li><strong>Director de la tesis<\/strong>\n<ul>\n<li>Rafael Alvira Dominguez<\/li>\n<\/ul>\n<\/li>\n<li><strong>Tribunal<\/strong>\n<ul>\n<li>Presidente del tribunal: sabino Ayestar\u00e1n etxebarria <\/li>\n<li>guido Stein mart\u00ednez (vocal)<\/li>\n<li>Mar\u00eda  dolores Aramburu goya (vocal)<\/li>\n<li>Mar\u00eda teresa Del val n\u00fa\u00f1ez (vocal)<\/li>\n<\/ul>\n<\/li>\n<\/ul>\n<p>&nbsp;<\/p>\n","protected":false},"excerpt":{"rendered":"<p>Tesis doctoral de Mar\u00eda Sol Amelia Quesada Blasco El concepto b\u00e1sico y cl\u00e1sico del presupuesto, centrado en el control a [&hellip;]<\/p>\n","protected":false},"author":1,"featured_media":0,"comment_status":"open","ping_status":"open","sticky":false,"template":"","format":"standard","meta":{"site-sidebar-layout":"default","site-content-layout":"","ast-site-content-layout":"","site-content-style":"default","site-sidebar-style":"default","ast-global-header-display":"","ast-banner-title-visibility":"","ast-main-header-display":"","ast-hfb-above-header-display":"","ast-hfb-below-header-display":"","ast-hfb-mobile-header-display":"","site-post-title":"","ast-breadcrumbs-content":"","ast-featured-img":"","footer-sml-layout":"","theme-transparent-header-meta":"","adv-header-id-meta":"","stick-header-meta":"","header-above-stick-meta":"","header-main-stick-meta":"","header-below-stick-meta":"","astra-migrate-meta-layouts":"default","ast-page-background-enabled":"default","ast-page-background-meta":{"desktop":{"background-color":"var(--ast-global-color-4)","background-image":"","background-repeat":"repeat","background-position":"center center","background-size":"auto","background-attachment":"scroll","background-type":"","background-media":"","overlay-type":"","overlay-color":"","overlay-gradient":""},"tablet":{"background-color":"","background-image":"","background-repeat":"repeat","background-position":"center center","background-size":"auto","background-attachment":"scroll","background-type":"","background-media":"","overlay-type":"","overlay-color":"","overlay-gradient":""},"mobile":{"background-color":"","background-image":"","background-repeat":"repeat","background-position":"center center","background-size":"auto","background-attachment":"scroll","background-type":"","background-media":"","overlay-type":"","overlay-color":"","overlay-gradient":""}},"ast-content-background-meta":{"desktop":{"background-color":"var(--ast-global-color-5)","background-image":"","background-repeat":"repeat","background-position":"center center","background-size":"auto","background-attachment":"scroll","background-type":"","background-media":"","overlay-type":"","overlay-color":"","overlay-gradient":""},"tablet":{"background-color":"var(--ast-global-color-5)","background-image":"","background-repeat":"repeat","background-position":"center center","background-size":"auto","background-attachment":"scroll","background-type":"","background-media":"","overlay-type":"","overlay-color":"","overlay-gradient":""},"mobile":{"background-color":"var(--ast-global-color-5)","background-image":"","background-repeat":"repeat","background-position":"center center","background-size":"auto","background-attachment":"scroll","background-type":"","background-media":"","overlay-type":"","overlay-color":"","overlay-gradient":""}},"footnotes":""},"categories":[26524,7570,1698,17749],"tags":[204060,163916,225524,50461,17980,26788],"class_list":["post-113603","post","type-post","status-publish","format-standard","hentry","category-contabilidad-social","category-gestion-de-recursos-humanos","category-gestion-financiera","category-navarra","tag-guido-stein-Martinez","tag-maria-dolores-aramburu-goya","tag-maria-sol-amelia-quesada-blasco","tag-maria-teresa-del-val-nunez","tag-rafael-alvira-dominguez","tag-sabino-ayestaran-etxebarria"],"_links":{"self":[{"href":"https:\/\/www.deberes.net\/tesis\/wp-json\/wp\/v2\/posts\/113603","targetHints":{"allow":["GET"]}}],"collection":[{"href":"https:\/\/www.deberes.net\/tesis\/wp-json\/wp\/v2\/posts"}],"about":[{"href":"https:\/\/www.deberes.net\/tesis\/wp-json\/wp\/v2\/types\/post"}],"author":[{"embeddable":true,"href":"https:\/\/www.deberes.net\/tesis\/wp-json\/wp\/v2\/users\/1"}],"replies":[{"embeddable":true,"href":"https:\/\/www.deberes.net\/tesis\/wp-json\/wp\/v2\/comments?post=113603"}],"version-history":[{"count":0,"href":"https:\/\/www.deberes.net\/tesis\/wp-json\/wp\/v2\/posts\/113603\/revisions"}],"wp:attachment":[{"href":"https:\/\/www.deberes.net\/tesis\/wp-json\/wp\/v2\/media?parent=113603"}],"wp:term":[{"taxonomy":"category","embeddable":true,"href":"https:\/\/www.deberes.net\/tesis\/wp-json\/wp\/v2\/categories?post=113603"},{"taxonomy":"post_tag","embeddable":true,"href":"https:\/\/www.deberes.net\/tesis\/wp-json\/wp\/v2\/tags?post=113603"}],"curies":[{"name":"wp","href":"https:\/\/api.w.org\/{rel}","templated":true}]}}