{"id":11365,"date":"2018-03-09T08:56:40","date_gmt":"2018-03-09T08:56:40","guid":{"rendered":"https:\/\/www.deberes.net\/tesis\/sin-categoria\/analisis-causal-de-los-intereses-profesionales-en-los-estudiantes-de-secundaria\/"},"modified":"2018-03-09T08:56:40","modified_gmt":"2018-03-09T08:56:40","slug":"analisis-causal-de-los-intereses-profesionales-en-los-estudiantes-de-secundaria","status":"publish","type":"post","link":"https:\/\/www.deberes.net\/tesis\/psicologia\/analisis-causal-de-los-intereses-profesionales-en-los-estudiantes-de-secundaria\/","title":{"rendered":"Analisis causal de los intereses profesionales en los estudiantes de secundaria"},"content":{"rendered":"<h2>Tesis doctoral de <strong> Vicente Hern\u00e1ndez Franco <\/strong><\/h2>\n<p>Este trabajo tiene como objetivo en el marco de la teoria cognitiva social de bandura (1986, 1987) por un lado y la teoria del autoconcepto vocacional de super (1957-1963) por otro, establecer las variables cognitivas mediadoras de los intereses profesionales de los individuos, averiguar coo se relacionan entre si y analizar sus efectos sobre la configuracion de los intereses profesionales de los estudiantes de secundaria, en dos momentos criticos para la eleccion en el marco de la logse:4\u00c2\u00ba de eso y 2\u00c2\u00ba de bachillerato; todo ello, a traves de la formulacion, analisis y validacion empirica de un modelo conceptual de relaciones causales.  como principales aportaciones, desde el punto de vista instrumental, este estudio ha validado una escala para evaluar el \u00ab\u00bbestatus socioeconomico familar\u00bb\u00bb, un \u00ab\u00bbcuestionario de evaluacion de las areas vocacionales de intereses profesionales basicos (cibap) y un \u00ab\u00bbcuestionario de cogniciones vocacionales\u00bb\u00bb(ccv) para valorar las cogniciones que intervienen en la selecci\u00f3n del area vocacional de interes preferente de los estudiantes.  la contribuci\u00f3n m\u00e1s sustantiva de este trabajo, la contituye la formulacion teorica y posterior verificaci\u00f3n empirica de un modelo conceptual de los mediadores cognitivos que afectan al proceso de delimitacion de las preferencias vocacionales de los estudiantes de secundaria. El estudio empirico realizado ha permitido mostrar tanto la relevancia de las relaciones causales conjeturadas en el modelo, como la invarianza de los coeficientes estimados entre los constructos para los distintos grupos, considerados simultaneamente para cada una de las variables de control. Donde el modelo se ha mostrado mas robusto es en la submuestra de estudiantes definidos vocacionalmente, aquellos que tienen dedicida una unica area vocacional de interes preferente.<\/p>\n<p>&nbsp;<\/p>\n<h3>Datos acad\u00e9micos de la tesis doctoral \u00ab<strong>Analisis causal de los intereses profesionales en los estudiantes de secundaria<\/strong>\u00ab<\/h3>\n<ul>\n<li><strong>T\u00edtulo de la tesis:<\/strong>\u00a0 Analisis causal de los intereses profesionales en los estudiantes de secundaria <\/li>\n<li><strong>Autor:<\/strong>\u00a0 Vicente Hern\u00e1ndez Franco <\/li>\n<li><strong>Universidad:<\/strong>\u00a0 Complutense de Madrid<\/li>\n<li><strong>Fecha de lectura de la tesis:<\/strong>\u00a0 18\/06\/2001<\/li>\n<\/ul>\n<p>&nbsp;<\/p>\n<h3>Direcci\u00f3n y tribunal<\/h3>\n<ul>\n<li><strong>Director de la tesis<\/strong>\n<ul>\n<li>Narciso Garc\u00eda Nieto<\/li>\n<\/ul>\n<\/li>\n<li><strong>Tribunal<\/strong>\n<ul>\n<li>Presidente del tribunal: teresa Diaz allue <\/li>\n<li>Luis Lopez-yarto elizalde (vocal)<\/li>\n<li>pedro Morales vallejo (vocal)<\/li>\n<li>carmen Alba pastor (vocal)<\/li>\n<\/ul>\n<\/li>\n<\/ul>\n<p>&nbsp;<\/p>\n","protected":false},"excerpt":{"rendered":"<p>Tesis doctoral de Vicente Hern\u00e1ndez Franco Este trabajo tiene como objetivo en el marco de la teoria cognitiva social de [&hellip;]<\/p>\n","protected":false},"author":1,"featured_media":0,"comment_status":"open","ping_status":"open","sticky":false,"template":"","format":"standard","meta":{"site-sidebar-layout":"default","site-content-layout":"","ast-site-content-layout":"","site-content-style":"default","site-sidebar-style":"default","ast-global-header-display":"","ast-banner-title-visibility":"","ast-main-header-display":"","ast-hfb-above-header-display":"","ast-hfb-below-header-display":"","ast-hfb-mobile-header-display":"","site-post-title":"","ast-breadcrumbs-content":"","ast-featured-img":"","footer-sml-layout":"","theme-transparent-header-meta":"","adv-header-id-meta":"","stick-header-meta":"","header-above-stick-meta":"","header-main-stick-meta":"","header-below-stick-meta":"","astra-migrate-meta-layouts":"default","ast-page-background-enabled":"default","ast-page-background-meta":{"desktop":{"background-color":"var(--ast-global-color-4)","background-image":"","background-repeat":"repeat","background-position":"center center","background-size":"auto","background-attachment":"scroll","background-type":"","background-media":"","overlay-type":"","overlay-color":"","overlay-gradient":""},"tablet":{"background-color":"","background-image":"","background-repeat":"repeat","background-position":"center center","background-size":"auto","background-attachment":"scroll","background-type":"","background-media":"","overlay-type":"","overlay-color":"","overlay-gradient":""},"mobile":{"background-color":"","background-image":"","background-repeat":"repeat","background-position":"center center","background-size":"auto","background-attachment":"scroll","background-type":"","background-media":"","overlay-type":"","overlay-color":"","overlay-gradient":""}},"ast-content-background-meta":{"desktop":{"background-color":"var(--ast-global-color-5)","background-image":"","background-repeat":"repeat","background-position":"center center","background-size":"auto","background-attachment":"scroll","background-type":"","background-media":"","overlay-type":"","overlay-color":"","overlay-gradient":""},"tablet":{"background-color":"var(--ast-global-color-5)","background-image":"","background-repeat":"repeat","background-position":"center center","background-size":"auto","background-attachment":"scroll","background-type":"","background-media":"","overlay-type":"","overlay-color":"","overlay-gradient":""},"mobile":{"background-color":"var(--ast-global-color-5)","background-image":"","background-repeat":"repeat","background-position":"center center","background-size":"auto","background-attachment":"scroll","background-type":"","background-media":"","overlay-type":"","overlay-color":"","overlay-gradient":""}},"footnotes":""},"categories":[4262,4264,2623,6020,1184,1141,324,1341],"tags":[37353,18447,5178,18431,2848,37352],"class_list":["post-11365","post","type-post","status-publish","format-standard","hentry","category-asesoramiento-y-orientacion-educativas","category-asesoramiento-y-orientacion-psicologicas","category-educacion-basica","category-evaluacion-de-alumnos","category-organizacion-y-planificacion-de-la-educacion","category-pedagogia","category-psicologia","category-teoria-y-metodos-educativos","tag-carmen-alba-pastor","tag-luis-lopez-yarto-elizalde","tag-narciso-garcia-nieto","tag-pedro-morales-vallejo","tag-teresa-diaz-allue","tag-vicente-hernandez-franco"],"_links":{"self":[{"href":"https:\/\/www.deberes.net\/tesis\/wp-json\/wp\/v2\/posts\/11365","targetHints":{"allow":["GET"]}}],"collection":[{"href":"https:\/\/www.deberes.net\/tesis\/wp-json\/wp\/v2\/posts"}],"about":[{"href":"https:\/\/www.deberes.net\/tesis\/wp-json\/wp\/v2\/types\/post"}],"author":[{"embeddable":true,"href":"https:\/\/www.deberes.net\/tesis\/wp-json\/wp\/v2\/users\/1"}],"replies":[{"embeddable":true,"href":"https:\/\/www.deberes.net\/tesis\/wp-json\/wp\/v2\/comments?post=11365"}],"version-history":[{"count":0,"href":"https:\/\/www.deberes.net\/tesis\/wp-json\/wp\/v2\/posts\/11365\/revisions"}],"wp:attachment":[{"href":"https:\/\/www.deberes.net\/tesis\/wp-json\/wp\/v2\/media?parent=11365"}],"wp:term":[{"taxonomy":"category","embeddable":true,"href":"https:\/\/www.deberes.net\/tesis\/wp-json\/wp\/v2\/categories?post=11365"},{"taxonomy":"post_tag","embeddable":true,"href":"https:\/\/www.deberes.net\/tesis\/wp-json\/wp\/v2\/tags?post=11365"}],"curies":[{"name":"wp","href":"https:\/\/api.w.org\/{rel}","templated":true}]}}