{"id":113706,"date":"2018-03-11T10:41:20","date_gmt":"2018-03-11T10:41:20","guid":{"rendered":"https:\/\/www.deberes.net\/tesis\/sin-categoria\/prensa-y-poder-pola%c2%adtico-durante-el-frente-nacional-colombia-1958-1974\/"},"modified":"2018-03-11T10:41:20","modified_gmt":"2018-03-11T10:41:20","slug":"prensa-y-poder-pola%c2%adtico-durante-el-frente-nacional-colombia-1958-1974","status":"publish","type":"post","link":"https:\/\/www.deberes.net\/tesis\/ciencia-politica\/prensa-y-poder-pola%c2%adtico-durante-el-frente-nacional-colombia-1958-1974\/","title":{"rendered":"Prensa y poder pol\u00edtico durante el frente nacional. colombia 1958-1974"},"content":{"rendered":"<h2>Tesis doctoral de <strong> Jaqueline Estevez Lizarazo <\/strong><\/h2>\n<p>Resumen: \u00c2\u00bfla prensa es un dep\u00f3sito de la memoria que permite reconstruir con veracidad la historia de la sociedad colombiana?, \u00c2\u00bfcu\u00e1l fue el rol de la prensa colombiana entre 1958 y 1974?, \u00c2\u00bfqu\u00e9 tipo de alianza existi\u00f3 entre la prensa y los partidos po l\u00edticos en ese periodo de la historia colombiana?, \u00c2\u00bfc\u00f3mo la prensa ha contribuido en la consolidaci\u00f3n del proyecto de naci\u00f3n colombiano?, \u00c2\u00bfqu\u00e9 tipo de relaci\u00f3n hubo entre la prensa y el poder pol\u00edtico durante el periodo del frente nacional?. la formu laci\u00f3n de estos cuestionamientos define la naturaleza de esta investigaci\u00f3n, la cual nace de la necesidad de hacer una revisi\u00f3n de la realidad que asocia el origen de los medios impresos en colombia con las colectividades partidistas, y de observar c \u00f3mo \u00e9stos se constituyeron en \u00f3rganos de difusi\u00f3n del pensamiento de los actores pol\u00edticos del frente nacional, influenciando con ello notablemente a la opini\u00f3n p\u00fablica. el clima de violencia generalizado vivido durante la primera mitad del siglo xx,  e intensificado durante los a\u00f1os 1958 a 1974 constituye el contexto dentro del cual se tejieron las relaciones sociales de la \u00e9poca. Una violencia que se intent\u00f3 aplacar con el pacto consociacionalista pero que termin\u00f3 multiplicada por la inoperanci a de los administradores del estado y de los partidos pol\u00edticos. para hacer esta exploraci\u00f3n, se revis\u00f3 la prensa durante el periodo de vigencia del acuerdo bipartidista. La importancia del momento hist\u00f3rico que converge en este acuerdo radica en que  los partidos, desgastados por la exacerbaci\u00f3n de la violencia pol\u00edtica deponen por primera vez sus viejas rencillas y se al\u00edan para distribuir el poder e intentar fundar la paz tan anhelada por la sociedad colombiana. el seguimiento a esta alianza s e efectu\u00f3 mediante la aplicaci\u00f3n de la metodolog\u00eda mixta de investigaci\u00f3n, usando para ello, el an\u00e1lisis hist\u00f3rico-hermen\u00e9utico y el an\u00e1lisis de contenido, el insumo principal fue  la revisi\u00f3n de los peri\u00f3dicos \u00c2\u00bfel tiempo\u00c2\u00bf y \u00c2\u00bfel siglo\u00c2\u00bf. Dicha explora ci\u00f3n se sustent\u00f3 en tres pretensiones fundamentales: primero, examinar la representaci\u00f3n del momento hist\u00f3rico hecha por los impresos; segundo, considerar la relaci\u00f3n prensa-poder pol\u00edtico en cuanto al tratamiento dado a las noticias pol\u00edticas, socia les y econ\u00f3mica de la \u00e9poca y tercero, distinguir el rol que jug\u00f3 la prensa en virtud de esta relaci\u00f3n.  palabras clave: prensa, poder pol\u00edtico, historia pol\u00edtica, an\u00e1lisis de contenido, sociolog\u00eda pol\u00edtica, comunicaci\u00f3n pol\u00edtica, an\u00e1lisis de medios,<\/p>\n<p>&nbsp;<\/p>\n<h3>Datos acad\u00e9micos de la tesis doctoral \u00ab<strong>Prensa y poder pol\u00edtico durante el frente nacional. colombia 1958-1974<\/strong>\u00ab<\/h3>\n<ul>\n<li><strong>T\u00edtulo de la tesis:<\/strong>\u00a0 Prensa y poder pol\u00edtico durante el frente nacional. colombia 1958-1974 <\/li>\n<li><strong>Autor:<\/strong>\u00a0 Jaqueline Estevez Lizarazo <\/li>\n<li><strong>Universidad:<\/strong>\u00a0 Complutense de Madrid<\/li>\n<li><strong>Fecha de lectura de la tesis:<\/strong>\u00a0 15\/01\/2013<\/li>\n<\/ul>\n<p>&nbsp;<\/p>\n<h3>Direcci\u00f3n y tribunal<\/h3>\n<ul>\n<li><strong>Director de la tesis<\/strong>\n<ul>\n<li>Mar\u00eda Lourdes Vinuesa Tejero<\/li>\n<\/ul>\n<\/li>\n<li><strong>Tribunal<\/strong>\n<ul>\n<li>Presidente del tribunal: candido Monzon arribas <\/li>\n<li>Mar\u00eda Luisa Humanes humanes (vocal)<\/li>\n<li>beatriz Ma\u00f1as ramirez (vocal)<\/li>\n<li>Elena Fern\u00e1ndez mart\u00edn (vocal)<\/li>\n<\/ul>\n<\/li>\n<\/ul>\n<p>&nbsp;<\/p>\n","protected":false},"excerpt":{"rendered":"<p>Tesis doctoral de Jaqueline Estevez Lizarazo Resumen: \u00c2\u00bfla prensa es un dep\u00f3sito de la memoria que permite reconstruir con veracidad [&hellip;]<\/p>\n","protected":false},"author":1,"featured_media":0,"comment_status":"open","ping_status":"open","sticky":false,"template":"","format":"standard","meta":{"site-sidebar-layout":"default","site-content-layout":"","ast-site-content-layout":"","site-content-style":"default","site-sidebar-style":"default","ast-global-header-display":"","ast-banner-title-visibility":"","ast-main-header-display":"","ast-hfb-above-header-display":"","ast-hfb-below-header-display":"","ast-hfb-mobile-header-display":"","site-post-title":"","ast-breadcrumbs-content":"","ast-featured-img":"","footer-sml-layout":"","theme-transparent-header-meta":"","adv-header-id-meta":"","stick-header-meta":"","header-above-stick-meta":"","header-main-stick-meta":"","header-below-stick-meta":"","astra-migrate-meta-layouts":"default","ast-page-background-enabled":"default","ast-page-background-meta":{"desktop":{"background-color":"var(--ast-global-color-4)","background-image":"","background-repeat":"repeat","background-position":"center center","background-size":"auto","background-attachment":"scroll","background-type":"","background-media":"","overlay-type":"","overlay-color":"","overlay-gradient":""},"tablet":{"background-color":"","background-image":"","background-repeat":"repeat","background-position":"center center","background-size":"auto","background-attachment":"scroll","background-type":"","background-media":"","overlay-type":"","overlay-color":"","overlay-gradient":""},"mobile":{"background-color":"","background-image":"","background-repeat":"repeat","background-position":"center center","background-size":"auto","background-attachment":"scroll","background-type":"","background-media":"","overlay-type":"","overlay-color":"","overlay-gradient":""}},"ast-content-background-meta":{"desktop":{"background-color":"var(--ast-global-color-5)","background-image":"","background-repeat":"repeat","background-position":"center center","background-size":"auto","background-attachment":"scroll","background-type":"","background-media":"","overlay-type":"","overlay-color":"","overlay-gradient":""},"tablet":{"background-color":"var(--ast-global-color-5)","background-image":"","background-repeat":"repeat","background-position":"center center","background-size":"auto","background-attachment":"scroll","background-type":"","background-media":"","overlay-type":"","overlay-color":"","overlay-gradient":""},"mobile":{"background-color":"var(--ast-global-color-5)","background-image":"","background-repeat":"repeat","background-position":"center center","background-size":"auto","background-attachment":"scroll","background-type":"","background-media":"","overlay-type":"","overlay-color":"","overlay-gradient":""}},"footnotes":""},"categories":[838,986],"tags":[225689,5007,225690,225687,225688,52689],"class_list":["post-113706","post","type-post","status-publish","format-standard","hentry","category-ciencia-politica","category-complutense-de-madrid","tag-beatriz-manas-ramirez","tag-candido-monzon-arribas","tag-elena-fernandez-martin","tag-jaqueline-estevez-lizarazo","tag-maria-lourdes-vinuesa-tejero","tag-maria-luisa-humanes-humanes"],"_links":{"self":[{"href":"https:\/\/www.deberes.net\/tesis\/wp-json\/wp\/v2\/posts\/113706","targetHints":{"allow":["GET"]}}],"collection":[{"href":"https:\/\/www.deberes.net\/tesis\/wp-json\/wp\/v2\/posts"}],"about":[{"href":"https:\/\/www.deberes.net\/tesis\/wp-json\/wp\/v2\/types\/post"}],"author":[{"embeddable":true,"href":"https:\/\/www.deberes.net\/tesis\/wp-json\/wp\/v2\/users\/1"}],"replies":[{"embeddable":true,"href":"https:\/\/www.deberes.net\/tesis\/wp-json\/wp\/v2\/comments?post=113706"}],"version-history":[{"count":0,"href":"https:\/\/www.deberes.net\/tesis\/wp-json\/wp\/v2\/posts\/113706\/revisions"}],"wp:attachment":[{"href":"https:\/\/www.deberes.net\/tesis\/wp-json\/wp\/v2\/media?parent=113706"}],"wp:term":[{"taxonomy":"category","embeddable":true,"href":"https:\/\/www.deberes.net\/tesis\/wp-json\/wp\/v2\/categories?post=113706"},{"taxonomy":"post_tag","embeddable":true,"href":"https:\/\/www.deberes.net\/tesis\/wp-json\/wp\/v2\/tags?post=113706"}],"curies":[{"name":"wp","href":"https:\/\/api.w.org\/{rel}","templated":true}]}}