{"id":113712,"date":"2018-03-11T10:41:20","date_gmt":"2018-03-11T10:41:20","guid":{"rendered":"https:\/\/www.deberes.net\/tesis\/sin-categoria\/la-infanta-isabel-clara-eugenia-de-austria-la-formacion-de-una-princesa-europea-y-su-entorno-cortesano\/"},"modified":"2018-03-11T10:41:20","modified_gmt":"2018-03-11T10:41:20","slug":"la-infanta-isabel-clara-eugenia-de-austria-la-formacion-de-una-princesa-europea-y-su-entorno-cortesano","status":"publish","type":"post","link":"https:\/\/www.deberes.net\/tesis\/historia\/la-infanta-isabel-clara-eugenia-de-austria-la-formacion-de-una-princesa-europea-y-su-entorno-cortesano\/","title":{"rendered":"La infanta isabel clara eugenia de austria, la formaci\u00f3n de una princesa europea y su entorno cortesano"},"content":{"rendered":"<h2>Tesis doctoral de <strong> Elisa Garcia Prieto <\/strong><\/h2>\n<p>Elisa garc\u00eda prieto. teseo la infanta isabel clara eugenia de austria, la formaci\u00f3n de una princesa europea y su entorno cortesano.  resumen. Este estudio pretende analizar la figura de la infanta isabel clara eugenia de austria, hija primog\u00e9nita de felipe ii, en un periodo esencial de su vida. Antes de convertirse en soberana y gobernadora de los pa\u00edses bajos pas\u00f3 tres d\u00e9cadas como infanta en la corte de Madrid. Aquellos a\u00f1os son esenciales para entender c\u00f3mo la infanta se convirti\u00f3 en una figu ra de primer orden en el escenario pol\u00edtico de la europa del seiscientos. Para ello hemos dividido este estudio en diversas partes que pretenden  analizar diferentes aspectos de su vida con el objetivo \u00faltimo de entender el proceso formativo que marc \u00f3 esta primera etapa y los roles que jug\u00f3 en la corte de felipe ii. la historiograf\u00eda no ha prestado una atenci\u00f3n muy exhaustiva a los periodos formativos de las princesas europeas; habitualmente los estudios se han centrado en el an\u00e1lisis de las pol \u00edticas matrimoniales y los papeles que cumpl\u00edan como consortes. Si bien es cierto que la presente tesis no ha dejado desatendida la pol\u00edtica matrimonial, que en el caso de isabel goz\u00f3 de una importancia clave en el escenario pol\u00edtico por las posibili dades que se abrieron ante la debilidad din\u00e1stica de diversas casas europeas, hemos querido poner de relieve otros aspectos. La infanta no s\u00f3lo fue posible consorte de diversos tronos sino que, adem\u00e1s, fue potencial heredera de felipe ii.  Este hecho  condicion\u00f3 de manera muy clara su vida y para comprender mejor los posibles roles que pudo cumplir y los que, de hecho, cumpli\u00f3 hay que analizar el universo institucional y humano. A trav\u00e9s del estudio de su casa y del entorno humano que la rode\u00f3 po demos entender el proceso formativo a que hac\u00edamos referencia, a la vez que comprendemos de manera m\u00e1s profunda la relevancia de que goz\u00f3 en aquellos a\u00f1os. Enfrentarse a la infanta supone, asimismo, una reflexi\u00f3n sobre las propias construcciones que,  sobre su figura, llevaron a cabo tanto los contempor\u00e1neos como aquellos que se han acercado- desde la disciplina hist\u00f3rica- a isabel clara.  estos ejes tem\u00e1ticos pretenden, por tanto, ahondar en una trayectoria vital, toda vez que seguir avanzando e n la comprensi\u00f3n del papel que las mujeres cumplieron en el mundo pol\u00edtico y cortesano de la europa moderna<\/p>\n<p>&nbsp;<\/p>\n<h3>Datos acad\u00e9micos de la tesis doctoral \u00ab<strong>La infanta isabel clara eugenia de austria, la formaci\u00f3n de una princesa europea y su entorno cortesano<\/strong>\u00ab<\/h3>\n<ul>\n<li><strong>T\u00edtulo de la tesis:<\/strong>\u00a0 La infanta isabel clara eugenia de austria, la formaci\u00f3n de una princesa europea y su entorno cortesano <\/li>\n<li><strong>Autor:<\/strong>\u00a0 Elisa Garcia Prieto <\/li>\n<li><strong>Universidad:<\/strong>\u00a0 Complutense de Madrid<\/li>\n<li><strong>Fecha de lectura de la tesis:<\/strong>\u00a0 16\/01\/2013<\/li>\n<\/ul>\n<p>&nbsp;<\/p>\n<h3>Direcci\u00f3n y tribunal<\/h3>\n<ul>\n<li><strong>Director de la tesis<\/strong>\n<ul>\n<li>Fernando Jes\u00fas Bouza Alvarez<\/li>\n<\/ul>\n<\/li>\n<li><strong>Tribunal<\/strong>\n<ul>\n<li>Presidente del tribunal: Mar\u00eda  victoria Lopez-cordon cortezo <\/li>\n<li>Mar\u00eda Jos\u00e9 Rodr\u00edguez salgado (vocal)<\/li>\n<li>m. cruz de Carlos varona (vocal)<\/li>\n<li>Mar\u00eda Jos\u00e9 Del r\u00edo barredo (vocal)<\/li>\n<\/ul>\n<\/li>\n<\/ul>\n<p>&nbsp;<\/p>\n","protected":false},"excerpt":{"rendered":"<p>Tesis doctoral de Elisa Garcia Prieto Elisa garc\u00eda prieto. teseo la infanta isabel clara eugenia de austria, la formaci\u00f3n de [&hellip;]<\/p>\n","protected":false},"author":1,"featured_media":0,"comment_status":"open","ping_status":"open","sticky":false,"template":"","format":"standard","meta":{"site-sidebar-layout":"default","site-content-layout":"","ast-site-content-layout":"","site-content-style":"default","site-sidebar-style":"default","ast-global-header-display":"","ast-banner-title-visibility":"","ast-main-header-display":"","ast-hfb-above-header-display":"","ast-hfb-below-header-display":"","ast-hfb-mobile-header-display":"","site-post-title":"","ast-breadcrumbs-content":"","ast-featured-img":"","footer-sml-layout":"","theme-transparent-header-meta":"","adv-header-id-meta":"","stick-header-meta":"","header-above-stick-meta":"","header-main-stick-meta":"","header-below-stick-meta":"","astra-migrate-meta-layouts":"default","ast-page-background-enabled":"default","ast-page-background-meta":{"desktop":{"background-color":"var(--ast-global-color-4)","background-image":"","background-repeat":"repeat","background-position":"center center","background-size":"auto","background-attachment":"scroll","background-type":"","background-media":"","overlay-type":"","overlay-color":"","overlay-gradient":""},"tablet":{"background-color":"","background-image":"","background-repeat":"repeat","background-position":"center center","background-size":"auto","background-attachment":"scroll","background-type":"","background-media":"","overlay-type":"","overlay-color":"","overlay-gradient":""},"mobile":{"background-color":"","background-image":"","background-repeat":"repeat","background-position":"center center","background-size":"auto","background-attachment":"scroll","background-type":"","background-media":"","overlay-type":"","overlay-color":"","overlay-gradient":""}},"ast-content-background-meta":{"desktop":{"background-color":"var(--ast-global-color-5)","background-image":"","background-repeat":"repeat","background-position":"center center","background-size":"auto","background-attachment":"scroll","background-type":"","background-media":"","overlay-type":"","overlay-color":"","overlay-gradient":""},"tablet":{"background-color":"var(--ast-global-color-5)","background-image":"","background-repeat":"repeat","background-position":"center center","background-size":"auto","background-attachment":"scroll","background-type":"","background-media":"","overlay-type":"","overlay-color":"","overlay-gradient":""},"mobile":{"background-color":"var(--ast-global-color-5)","background-image":"","background-repeat":"repeat","background-position":"center center","background-size":"auto","background-attachment":"scroll","background-type":"","background-media":"","overlay-type":"","overlay-color":"","overlay-gradient":""}},"footnotes":""},"categories":[986,104],"tags":[225702,36571,166637,225704,225703,5360],"class_list":["post-113712","post","type-post","status-publish","format-standard","hentry","category-complutense-de-madrid","category-historia","tag-elisa-garcia-prieto","tag-fernando-jesus-bouza-alvarez","tag-m-cruz-de-carlos-varona","tag-maria-jose-del-rio-barredo","tag-maria-jose-rodriguez-salgado","tag-maria-victoria-lopez-cordon-cortezo"],"_links":{"self":[{"href":"https:\/\/www.deberes.net\/tesis\/wp-json\/wp\/v2\/posts\/113712","targetHints":{"allow":["GET"]}}],"collection":[{"href":"https:\/\/www.deberes.net\/tesis\/wp-json\/wp\/v2\/posts"}],"about":[{"href":"https:\/\/www.deberes.net\/tesis\/wp-json\/wp\/v2\/types\/post"}],"author":[{"embeddable":true,"href":"https:\/\/www.deberes.net\/tesis\/wp-json\/wp\/v2\/users\/1"}],"replies":[{"embeddable":true,"href":"https:\/\/www.deberes.net\/tesis\/wp-json\/wp\/v2\/comments?post=113712"}],"version-history":[{"count":0,"href":"https:\/\/www.deberes.net\/tesis\/wp-json\/wp\/v2\/posts\/113712\/revisions"}],"wp:attachment":[{"href":"https:\/\/www.deberes.net\/tesis\/wp-json\/wp\/v2\/media?parent=113712"}],"wp:term":[{"taxonomy":"category","embeddable":true,"href":"https:\/\/www.deberes.net\/tesis\/wp-json\/wp\/v2\/categories?post=113712"},{"taxonomy":"post_tag","embeddable":true,"href":"https:\/\/www.deberes.net\/tesis\/wp-json\/wp\/v2\/tags?post=113712"}],"curies":[{"name":"wp","href":"https:\/\/api.w.org\/{rel}","templated":true}]}}