{"id":11376,"date":"2018-03-09T08:56:41","date_gmt":"2018-03-09T08:56:41","guid":{"rendered":"https:\/\/www.deberes.net\/tesis\/sin-categoria\/sakana-erdialdeko-euskara\/"},"modified":"2018-03-09T08:56:41","modified_gmt":"2018-03-09T08:56:41","slug":"sakana-erdialdeko-euskara","status":"publish","type":"post","link":"https:\/\/www.deberes.net\/tesis\/geografia\/sakana-erdialdeko-euskara\/","title":{"rendered":"Sakana erdialdeko euskara"},"content":{"rendered":"<h2>Tesis doctoral de <strong>  Erdocia Mauleon Jos\u00e9 Luis <\/strong><\/h2>\n<p>Como se menciona en el titulo, el euskara de la zona central del valle de sakana (barranca) en navarra es el tema de la presente tesis, y su objeto, el de revisar los limites dialectales marcados en dicha zona por el principe bonaparte en el siglo xix, concretando a su vez el \u00e1rea que abarca el subdialecto de la misma y comparandolo con los de las zonas limitrofes.  para ello, el presente trabajo de investigaci\u00f3n se ha estructurado en siete capitulos,cuyos contenidos son los siguientes:  -en el primero se realiza la presentaci\u00f3n geodemografica y sociolinguistica de la zona objeto de estudio, asi como la aportaci\u00f3n y  comentario de algunas teorias dialectologicas recientes, que han servido de soporte teorico en este estudio.  -en el segundo capitulo, se describen de forma pormenorizada las realizaciones voc\u00e1licas y consonanticas del euskara de la zona.  -en los tres siguientes, los ambito linguisticos objeto de estudio son el morfol\u00f3gico, sint\u00e1ctico y lexico respectivamente, cuyas caracteristicas vienen recogidas en los mencionados capitulos.  -en sexto capitulo se ha dedicado integramente a reflejar las conclusiones del estudio llevado a cabo, seg\u00fan las cuales el euskara de la zona central del valle de sakana (barranca) en navarra, es decir, el hablado en las localidades situadas entre etxarri-aranatz y uharte-arakil, ambas inclusive, debe encuadrarse en el dialecto navarro.  -y por ultimo, en el septimo capitulo, se recogen las transcripciones de las diferentes grabaciones efectuadas a los informantes en los pueblos de la zona objeto de estudio.<\/p>\n<p>&nbsp;<\/p>\n<h3>Datos acad\u00e9micos de la tesis doctoral \u00ab<strong>Sakana erdialdeko euskara<\/strong>\u00ab<\/h3>\n<ul>\n<li><strong>T\u00edtulo de la tesis:<\/strong>\u00a0 Sakana erdialdeko euskara <\/li>\n<li><strong>Autor:<\/strong>\u00a0  Erdocia Mauleon Jos\u00e9 Luis <\/li>\n<li><strong>Universidad:<\/strong>\u00a0 Pa\u00eds vasco\/euskal herriko unibertsitatea<\/li>\n<li><strong>Fecha de lectura de la tesis:<\/strong>\u00a0 18\/06\/2001<\/li>\n<\/ul>\n<p>&nbsp;<\/p>\n<h3>Direcci\u00f3n y tribunal<\/h3>\n<ul>\n<li><strong>Director de la tesis<\/strong>\n<ul>\n<li>Patxi Goenaga Mendizabal<\/li>\n<\/ul>\n<\/li>\n<li><strong>Tribunal<\/strong>\n<ul>\n<li>Presidente del tribunal: henrike Knorr borras <\/li>\n<li>rudolf De rijk (vocal)<\/li>\n<li>miren Pagola rosa (vocal)<\/li>\n<li>orreaga Ibarra (vocal)<\/li>\n<\/ul>\n<\/li>\n<\/ul>\n<p>&nbsp;<\/p>\n","protected":false},"excerpt":{"rendered":"<p>Tesis doctoral de Erdocia Mauleon Jos\u00e9 Luis Como se menciona en el titulo, el euskara de la zona central del [&hellip;]<\/p>\n","protected":false},"author":1,"featured_media":0,"comment_status":"open","ping_status":"open","sticky":false,"template":"","format":"standard","meta":{"site-sidebar-layout":"default","site-content-layout":"","ast-site-content-layout":"","site-content-style":"default","site-sidebar-style":"default","ast-global-header-display":"","ast-banner-title-visibility":"","ast-main-header-display":"","ast-hfb-above-header-display":"","ast-hfb-below-header-display":"","ast-hfb-mobile-header-display":"","site-post-title":"","ast-breadcrumbs-content":"","ast-featured-img":"","footer-sml-layout":"","theme-transparent-header-meta":"","adv-header-id-meta":"","stick-header-meta":"","header-above-stick-meta":"","header-main-stick-meta":"","header-below-stick-meta":"","astra-migrate-meta-layouts":"default","ast-page-background-enabled":"default","ast-page-background-meta":{"desktop":{"background-color":"var(--ast-global-color-4)","background-image":"","background-repeat":"repeat","background-position":"center center","background-size":"auto","background-attachment":"scroll","background-type":"","background-media":"","overlay-type":"","overlay-color":"","overlay-gradient":""},"tablet":{"background-color":"","background-image":"","background-repeat":"repeat","background-position":"center center","background-size":"auto","background-attachment":"scroll","background-type":"","background-media":"","overlay-type":"","overlay-color":"","overlay-gradient":""},"mobile":{"background-color":"","background-image":"","background-repeat":"repeat","background-position":"center center","background-size":"auto","background-attachment":"scroll","background-type":"","background-media":"","overlay-type":"","overlay-color":"","overlay-gradient":""}},"ast-content-background-meta":{"desktop":{"background-color":"var(--ast-global-color-5)","background-image":"","background-repeat":"repeat","background-position":"center center","background-size":"auto","background-attachment":"scroll","background-type":"","background-media":"","overlay-type":"","overlay-color":"","overlay-gradient":""},"tablet":{"background-color":"var(--ast-global-color-5)","background-image":"","background-repeat":"repeat","background-position":"center center","background-size":"auto","background-attachment":"scroll","background-type":"","background-media":"","overlay-type":"","overlay-color":"","overlay-gradient":""},"mobile":{"background-color":"var(--ast-global-color-5)","background-image":"","background-repeat":"repeat","background-position":"center center","background-size":"auto","background-attachment":"scroll","background-type":"","background-media":"","overlay-type":"","overlay-color":"","overlay-gradient":""}},"footnotes":""},"categories":[1399,1401,33499,12909],"tags":[37382,37383,13299,37384,12990,27980],"class_list":["post-11376","post","type-post","status-publish","format-standard","hentry","category-geografia","category-geografia-humana","category-geografia-linguistica","category-pais-vasco-euskal-herriko-unibertsitatea","tag-erdocia-mauleon-jose-luis","tag-henrike-knorr-borras","tag-miren-pagola-rosa","tag-orreaga-ibarra","tag-patxi-goenaga-mendizabal","tag-rudolf-de-rijk"],"_links":{"self":[{"href":"https:\/\/www.deberes.net\/tesis\/wp-json\/wp\/v2\/posts\/11376","targetHints":{"allow":["GET"]}}],"collection":[{"href":"https:\/\/www.deberes.net\/tesis\/wp-json\/wp\/v2\/posts"}],"about":[{"href":"https:\/\/www.deberes.net\/tesis\/wp-json\/wp\/v2\/types\/post"}],"author":[{"embeddable":true,"href":"https:\/\/www.deberes.net\/tesis\/wp-json\/wp\/v2\/users\/1"}],"replies":[{"embeddable":true,"href":"https:\/\/www.deberes.net\/tesis\/wp-json\/wp\/v2\/comments?post=11376"}],"version-history":[{"count":0,"href":"https:\/\/www.deberes.net\/tesis\/wp-json\/wp\/v2\/posts\/11376\/revisions"}],"wp:attachment":[{"href":"https:\/\/www.deberes.net\/tesis\/wp-json\/wp\/v2\/media?parent=11376"}],"wp:term":[{"taxonomy":"category","embeddable":true,"href":"https:\/\/www.deberes.net\/tesis\/wp-json\/wp\/v2\/categories?post=11376"},{"taxonomy":"post_tag","embeddable":true,"href":"https:\/\/www.deberes.net\/tesis\/wp-json\/wp\/v2\/tags?post=11376"}],"curies":[{"name":"wp","href":"https:\/\/api.w.org\/{rel}","templated":true}]}}