{"id":113765,"date":"2018-03-11T10:41:25","date_gmt":"2018-03-11T10:41:25","guid":{"rendered":"https:\/\/www.deberes.net\/tesis\/sin-categoria\/el-portafolio-virtual-como-herramienta-para-la-practica-reflexiva-valoracion-de-su-empleo-en-el-practicum-de-magisterio-de-la-universidad-de-navarra\/"},"modified":"2018-03-11T10:41:25","modified_gmt":"2018-03-11T10:41:25","slug":"el-portafolio-virtual-como-herramienta-para-la-practica-reflexiva-valoracion-de-su-empleo-en-el-practicum-de-magisterio-de-la-universidad-de-navarra","status":"publish","type":"post","link":"https:\/\/www.deberes.net\/tesis\/formacion-profesional\/el-portafolio-virtual-como-herramienta-para-la-practica-reflexiva-valoracion-de-su-empleo-en-el-practicum-de-magisterio-de-la-universidad-de-navarra\/","title":{"rendered":"\u00abel portafolio virtual como herramienta para la pr\u00e1ctica reflexiva. valoraci\u00f3n de su empleo en el pr\u00e1cticum de magisterio de la universidad de navarra\u00bb."},"content":{"rendered":"<h2>Tesis doctoral de <strong> Karla Alejandra Campa\u00f1a Vilo <\/strong><\/h2>\n<p>El  presente  trabajo  es  una  valoraci\u00f3n  del  portafolio  virtual como herramienta para el desarrollo de la pr\u00e1ctica reflexiva. El objetivo general es conocer si las herramientas tic que conforman el portafolio  virtual  propician  una  pr\u00e1ctica  reflexiva  en  el  practicum del grado de   magisterio de la universidad de navarra.  Para  ello,  se  ha  seguido  un  enfoque  cualitativo  de  investigaci\u00f3n,  concretamente  investigaci\u00f3n  evaluativa  en  una  cohorte de estudiantes que han cursado el  sus m\u00f3dulos de practicum. Tras  los  resultados  se  ha  realizado una valoraci\u00f3n de la experiencia destacando las fortalezas  y  debilidades.  Respecto  a  estas  \u00faltimas,  se  han  aportado  algunas  sugerencias  para  la  mejora.  Finalizan  el  estudio  las  conclusiones  que derivan de la parte descriptiva y del trabajo de campo de esta  investigaci\u00f3n<\/p>\n<p>&nbsp;<\/p>\n<h3>Datos acad\u00e9micos de la tesis doctoral \u00ab<strong>\u00abel portafolio virtual como herramienta para la pr\u00e1ctica reflexiva. valoraci\u00f3n de su empleo en el pr\u00e1cticum de magisterio de la universidad de navarra\u00bb.<\/strong>\u00ab<\/h3>\n<ul>\n<li><strong>T\u00edtulo de la tesis:<\/strong>\u00a0 \u00abel portafolio virtual como herramienta para la pr\u00e1ctica reflexiva. valoraci\u00f3n de su empleo en el pr\u00e1cticum de magisterio de la universidad de navarra\u00bb. <\/li>\n<li><strong>Autor:<\/strong>\u00a0 Karla Alejandra Campa\u00f1a Vilo <\/li>\n<li><strong>Universidad:<\/strong>\u00a0 Navarra<\/li>\n<li><strong>Fecha de lectura de la tesis:<\/strong>\u00a0 29\/01\/2013<\/li>\n<\/ul>\n<p>&nbsp;<\/p>\n<h3>Direcci\u00f3n y tribunal<\/h3>\n<ul>\n<li><strong>Director de la tesis<\/strong>\n<ul>\n<li>Angel Mar\u00eda Sobrino Morras<\/li>\n<\/ul>\n<\/li>\n<li><strong>Tribunal<\/strong>\n<ul>\n<li>Presidente del tribunal: Miguel angel Zabalza beraza <\/li>\n<li>olga Lizasoain rumeu (vocal)<\/li>\n<li>inmaculada Serrano monz\u00f3 (vocal)<\/li>\n<li>Manuel Cebri\u00e1n de la serna (vocal)<\/li>\n<\/ul>\n<\/li>\n<\/ul>\n<p>&nbsp;<\/p>\n","protected":false},"excerpt":{"rendered":"<p>Tesis doctoral de Karla Alejandra Campa\u00f1a Vilo El presente trabajo es una valoraci\u00f3n del portafolio virtual como herramienta para el [&hellip;]<\/p>\n","protected":false},"author":1,"featured_media":0,"comment_status":"open","ping_status":"open","sticky":false,"template":"","format":"standard","meta":{"site-sidebar-layout":"default","site-content-layout":"","ast-site-content-layout":"","site-content-style":"default","site-sidebar-style":"default","ast-global-header-display":"","ast-banner-title-visibility":"","ast-main-header-display":"","ast-hfb-above-header-display":"","ast-hfb-below-header-display":"","ast-hfb-mobile-header-display":"","site-post-title":"","ast-breadcrumbs-content":"","ast-featured-img":"","footer-sml-layout":"","theme-transparent-header-meta":"","adv-header-id-meta":"","stick-header-meta":"","header-above-stick-meta":"","header-main-stick-meta":"","header-below-stick-meta":"","astra-migrate-meta-layouts":"default","ast-page-background-enabled":"default","ast-page-background-meta":{"desktop":{"background-color":"var(--ast-global-color-4)","background-image":"","background-repeat":"repeat","background-position":"center center","background-size":"auto","background-attachment":"scroll","background-type":"","background-media":"","overlay-type":"","overlay-color":"","overlay-gradient":""},"tablet":{"background-color":"","background-image":"","background-repeat":"repeat","background-position":"center center","background-size":"auto","background-attachment":"scroll","background-type":"","background-media":"","overlay-type":"","overlay-color":"","overlay-gradient":""},"mobile":{"background-color":"","background-image":"","background-repeat":"repeat","background-position":"center center","background-size":"auto","background-attachment":"scroll","background-type":"","background-media":"","overlay-type":"","overlay-color":"","overlay-gradient":""}},"ast-content-background-meta":{"desktop":{"background-color":"var(--ast-global-color-5)","background-image":"","background-repeat":"repeat","background-position":"center center","background-size":"auto","background-attachment":"scroll","background-type":"","background-media":"","overlay-type":"","overlay-color":"","overlay-gradient":""},"tablet":{"background-color":"var(--ast-global-color-5)","background-image":"","background-repeat":"repeat","background-position":"center center","background-size":"auto","background-attachment":"scroll","background-type":"","background-media":"","overlay-type":"","overlay-color":"","overlay-gradient":""},"mobile":{"background-color":"var(--ast-global-color-5)","background-image":"","background-repeat":"repeat","background-position":"center center","background-size":"auto","background-attachment":"scroll","background-type":"","background-media":"","overlay-type":"","overlay-color":"","overlay-gradient":""}},"footnotes":""},"categories":[6020,1183,17749,1288],"tags":[32339,203773,225791,5525,2670,166905],"class_list":["post-113765","post","type-post","status-publish","format-standard","hentry","category-evaluacion-de-alumnos","category-formacion-profesional","category-navarra","category-preparacion-de-profesores","tag-angel-maria-sobrino-morras","tag-inmaculada-serrano-monzo","tag-karla-alejandra-campana-vilo","tag-manuel-cebrian-de-la-serna","tag-miguel-angel-zabalza-beraza","tag-olga-lizasoain-rumeu"],"_links":{"self":[{"href":"https:\/\/www.deberes.net\/tesis\/wp-json\/wp\/v2\/posts\/113765","targetHints":{"allow":["GET"]}}],"collection":[{"href":"https:\/\/www.deberes.net\/tesis\/wp-json\/wp\/v2\/posts"}],"about":[{"href":"https:\/\/www.deberes.net\/tesis\/wp-json\/wp\/v2\/types\/post"}],"author":[{"embeddable":true,"href":"https:\/\/www.deberes.net\/tesis\/wp-json\/wp\/v2\/users\/1"}],"replies":[{"embeddable":true,"href":"https:\/\/www.deberes.net\/tesis\/wp-json\/wp\/v2\/comments?post=113765"}],"version-history":[{"count":0,"href":"https:\/\/www.deberes.net\/tesis\/wp-json\/wp\/v2\/posts\/113765\/revisions"}],"wp:attachment":[{"href":"https:\/\/www.deberes.net\/tesis\/wp-json\/wp\/v2\/media?parent=113765"}],"wp:term":[{"taxonomy":"category","embeddable":true,"href":"https:\/\/www.deberes.net\/tesis\/wp-json\/wp\/v2\/categories?post=113765"},{"taxonomy":"post_tag","embeddable":true,"href":"https:\/\/www.deberes.net\/tesis\/wp-json\/wp\/v2\/tags?post=113765"}],"curies":[{"name":"wp","href":"https:\/\/api.w.org\/{rel}","templated":true}]}}