{"id":11378,"date":"2018-03-09T08:56:43","date_gmt":"2018-03-09T08:56:43","guid":{"rendered":"https:\/\/www.deberes.net\/tesis\/sin-categoria\/estudio-sobre-la-asociacion-de-variables-predictoras-de-la-mortalidad-en-el-sa%c2%adndrome-de-disfuncion-multiorgano-sdmo\/"},"modified":"2018-03-09T08:56:43","modified_gmt":"2018-03-09T08:56:43","slug":"estudio-sobre-la-asociacion-de-variables-predictoras-de-la-mortalidad-en-el-sa%c2%adndrome-de-disfuncion-multiorgano-sdmo","status":"publish","type":"post","link":"https:\/\/www.deberes.net\/tesis\/ciencias-medicas\/estudio-sobre-la-asociacion-de-variables-predictoras-de-la-mortalidad-en-el-sa%c2%adndrome-de-disfuncion-multiorgano-sdmo\/","title":{"rendered":"Estudio sobre la asociaci\u00f3n de variables predictoras de la mortalidad en el s\u00edndrome de disfunci\u00f3n multi\u00f3rgano sdmo."},"content":{"rendered":"<h2>Tesis doctoral de <strong> Vicente De Paz Varea <\/strong><\/h2>\n<p>Planteamientos  el fallo multiorg\u00e1nico (sdmo) es responsable de un n\u00famero elevado de fallecimientos en uci. Es necesario seguir avanzado en su descripci\u00f3n pron\u00f3stica en aras de un mejor reconocimiento del mismo y mejora de la distribuci\u00f3n del esfuerzo terap\u00e9utico.  objetivos  estudio general de la mortalidad empleando el sistema de puntuaci\u00f3n de fallo multi\u00f3rganico, mods y b\u00fasqueda de las variables que se asocian a la misma y de su peso epidemiol\u00f3gico comparativo, as\u00ed como de su precocidad predictora.  material y m\u00e9todos  en una uci general sometimos a 71 pacientes a un estudio observacional prospectivo de cohorte. Medimos el mods (descriptor del sdmo) de ingreso y cada tres d\u00edas. Cuantificamos los cambios globales e individuales por \u00f3rganos de grado de disfunci\u00f3n de cada paciente. Medidmos el apache ii, tipo de nutrici\u00f3n que toleraron los enfermos y variables generales de descripci\u00f3n en las unidades de pacientes cr\u00edticos.  resultados  la mortalidad se asoci\u00f3 en un an\u00e1lisis multivariante a variables como el apache ii, edad, cambios en el grado de disfunci\u00f3n y tipo de nutrici\u00f3n que toleraron los pacientes. Las alteraciones de la funci\u00f3n cardiovascular y hep\u00e1tica al inicio de la estancia (primer d\u00eda) fueron variables que precozmente se relacionaron con la mortalidad de nuestros enfermos. El peso de la nutrici\u00f3n enteral tolerada por nuestros pacientes tuvo un peso epidemiol\u00f3gico muy importante.  conclusiones  en el futuro es necesario dise\u00f1ar sistemas de medici\u00f3n de fallo multiorg\u00e1nico que integran con su aut\u00e9ntico peso el valor del sistema digestivo para calibrar su incidencia sobre la mortalidad. El fallo cardiovascular medido por el par y el fallo hep\u00e1tico son precursores de la mortalidad y este \u00fatlimo en el primer d\u00eda de ingreso salvo enfermedad hep\u00e1tica primaria coincide con un mayor apache ii en nuestros enfermos.<\/p>\n<p>&nbsp;<\/p>\n<h3>Datos acad\u00e9micos de la tesis doctoral \u00ab<strong>Estudio sobre la asociaci\u00f3n de variables predictoras de la mortalidad en el s\u00edndrome de disfunci\u00f3n multi\u00f3rgano sdmo.<\/strong>\u00ab<\/h3>\n<ul>\n<li><strong>T\u00edtulo de la tesis:<\/strong>\u00a0 Estudio sobre la asociaci\u00f3n de variables predictoras de la mortalidad en el s\u00edndrome de disfunci\u00f3n multi\u00f3rgano sdmo. <\/li>\n<li><strong>Autor:<\/strong>\u00a0 Vicente De Paz Varea <\/li>\n<li><strong>Universidad:<\/strong>\u00a0 Aut\u00f3noma de Madrid<\/li>\n<li><strong>Fecha de lectura de la tesis:<\/strong>\u00a0 18\/06\/2001<\/li>\n<\/ul>\n<p>&nbsp;<\/p>\n<h3>Direcci\u00f3n y tribunal<\/h3>\n<ul>\n<li><strong>Director de la tesis<\/strong>\n<ul>\n<li>Abelardo Garc\u00eda De Lorenzo<\/li>\n<\/ul>\n<\/li>\n<li><strong>Tribunal<\/strong>\n<ul>\n<li>Presidente del tribunal: Luis Garcia  sancho martin <\/li>\n<li>Jes\u00fas Culebras fern\u00e1ndez (vocal)<\/li>\n<li>Rafael Vara-thorbeck (vocal)<\/li>\n<li> Dape\u00f1a crespo Miguel angel (vocal)<\/li>\n<\/ul>\n<\/li>\n<\/ul>\n<p>&nbsp;<\/p>\n","protected":false},"excerpt":{"rendered":"<p>Tesis doctoral de Vicente De Paz Varea Planteamientos el fallo multiorg\u00e1nico (sdmo) es responsable de un n\u00famero elevado de fallecimientos [&hellip;]<\/p>\n","protected":false},"author":1,"featured_media":0,"comment_status":"open","ping_status":"open","sticky":false,"template":"","format":"standard","meta":{"site-sidebar-layout":"default","site-content-layout":"","ast-site-content-layout":"","site-content-style":"default","site-sidebar-style":"default","ast-global-header-display":"","ast-banner-title-visibility":"","ast-main-header-display":"","ast-hfb-above-header-display":"","ast-hfb-below-header-display":"","ast-hfb-mobile-header-display":"","site-post-title":"","ast-breadcrumbs-content":"","ast-featured-img":"","footer-sml-layout":"","theme-transparent-header-meta":"","adv-header-id-meta":"","stick-header-meta":"","header-above-stick-meta":"","header-main-stick-meta":"","header-below-stick-meta":"","astra-migrate-meta-layouts":"default","ast-page-background-enabled":"default","ast-page-background-meta":{"desktop":{"background-color":"var(--ast-global-color-4)","background-image":"","background-repeat":"repeat","background-position":"center center","background-size":"auto","background-attachment":"scroll","background-type":"","background-media":"","overlay-type":"","overlay-color":"","overlay-gradient":""},"tablet":{"background-color":"","background-image":"","background-repeat":"repeat","background-position":"center center","background-size":"auto","background-attachment":"scroll","background-type":"","background-media":"","overlay-type":"","overlay-color":"","overlay-gradient":""},"mobile":{"background-color":"","background-image":"","background-repeat":"repeat","background-position":"center center","background-size":"auto","background-attachment":"scroll","background-type":"","background-media":"","overlay-type":"","overlay-color":"","overlay-gradient":""}},"ast-content-background-meta":{"desktop":{"background-color":"var(--ast-global-color-5)","background-image":"","background-repeat":"repeat","background-position":"center center","background-size":"auto","background-attachment":"scroll","background-type":"","background-media":"","overlay-type":"","overlay-color":"","overlay-gradient":""},"tablet":{"background-color":"var(--ast-global-color-5)","background-image":"","background-repeat":"repeat","background-position":"center center","background-size":"auto","background-attachment":"scroll","background-type":"","background-media":"","overlay-type":"","overlay-color":"","overlay-gradient":""},"mobile":{"background-color":"var(--ast-global-color-5)","background-image":"","background-repeat":"repeat","background-position":"center center","background-size":"auto","background-attachment":"scroll","background-type":"","background-media":"","overlay-type":"","overlay-color":"","overlay-gradient":""}},"footnotes":""},"categories":[1569,467,9,141,466],"tags":[30025,37391,14400,3776,7875,37390],"class_list":["post-11378","post","type-post","status-publish","format-standard","hentry","category-anestesiologia-quirurgica","category-ciencias-de-la-nutricion","category-ciencias-medicas","category-cirugia","category-metabolismo-energetico","tag-abelardo-garcia-de-lorenzo","tag-dapena-crespo-miguel-angel","tag-jesus-culebras-fernandez","tag-luis-garcia-sancho-martin","tag-rafael-vara-thorbeck","tag-vicente-de-paz-varea"],"_links":{"self":[{"href":"https:\/\/www.deberes.net\/tesis\/wp-json\/wp\/v2\/posts\/11378","targetHints":{"allow":["GET"]}}],"collection":[{"href":"https:\/\/www.deberes.net\/tesis\/wp-json\/wp\/v2\/posts"}],"about":[{"href":"https:\/\/www.deberes.net\/tesis\/wp-json\/wp\/v2\/types\/post"}],"author":[{"embeddable":true,"href":"https:\/\/www.deberes.net\/tesis\/wp-json\/wp\/v2\/users\/1"}],"replies":[{"embeddable":true,"href":"https:\/\/www.deberes.net\/tesis\/wp-json\/wp\/v2\/comments?post=11378"}],"version-history":[{"count":0,"href":"https:\/\/www.deberes.net\/tesis\/wp-json\/wp\/v2\/posts\/11378\/revisions"}],"wp:attachment":[{"href":"https:\/\/www.deberes.net\/tesis\/wp-json\/wp\/v2\/media?parent=11378"}],"wp:term":[{"taxonomy":"category","embeddable":true,"href":"https:\/\/www.deberes.net\/tesis\/wp-json\/wp\/v2\/categories?post=11378"},{"taxonomy":"post_tag","embeddable":true,"href":"https:\/\/www.deberes.net\/tesis\/wp-json\/wp\/v2\/tags?post=11378"}],"curies":[{"name":"wp","href":"https:\/\/api.w.org\/{rel}","templated":true}]}}