{"id":113815,"date":"2013-11-02T00:00:00","date_gmt":"2013-11-02T00:00:00","guid":{"rendered":"https:\/\/www.deberes.net\/tesis\/sin-categoria\/el-alargamiento-de-la-juventud-un-analisis-psicosocial-de-las-trayectorias-de-jovenes-en-brasil-y-espana\/"},"modified":"2013-11-02T00:00:00","modified_gmt":"2013-11-02T00:00:00","slug":"el-alargamiento-de-la-juventud-un-analisis-psicosocial-de-las-trayectorias-de-jovenes-en-brasil-y-espana","status":"publish","type":"post","link":"https:\/\/www.deberes.net\/tesis\/complutense-de-madrid\/el-alargamiento-de-la-juventud-un-analisis-psicosocial-de-las-trayectorias-de-jovenes-en-brasil-y-espana\/","title":{"rendered":"El alargamiento de la juventud: un an\u00e1lisis psicosocial de las trayectorias de j\u00f3venes en brasil y espa\u00f1a."},"content":{"rendered":"<h2>Tesis doctoral de <strong> Raquel Nascimento Coelho <\/strong><\/h2>\n<p>Resumen este trabajo tiene como objetivo investigar la manifestaci\u00f3n del fen\u00f3meno del alargamiento de la juventud entre los j\u00f3venes de brasil y espa\u00f1a y su influencia sobre los procesos de construcci\u00f3n de identidad de estas personas. Para ello hemos tomado como grupo de referencia a individuos de 25 a 29 a\u00f1os en las ciudades de fortaleza (brasil) y Madrid (espa\u00f1a). Partimos de la idea de que el proceso de precarizaci\u00f3n y flexibilizaci\u00f3n social y laboral observado actualmente en diversos conte xtos y acentuado por la crisis econ\u00f3mica dificulta considerablemente la inserci\u00f3n sociolaboral de los j\u00f3venes, resultando muchas veces en un retraso de su entrada en el mercado de trabajo y en la conquista de su estabilidad financiera. Esto tendr\u00eda c omo una de sus consecuencias una intensificaci\u00f3n del aplazamiento de otros umbrales de transici\u00f3n a la vida adulta \u00c2\u00bf salida de la casa de los padres, emparejamiento y llegada de los hijos \u00c2\u00bf como una estrategia de los j\u00f3venes para lidiar con dichas di ficultades. Ese aplazamiento representar\u00eda la apertura de un mayor espacio temporal para la juventud en la vida de los j\u00f3venes originando nuevas experiencias, discursos y significados de la propia condici\u00f3n de ser joven y nuevas posibilidades de cons<\/p>\n<p>&nbsp;<\/p>\n<h3>Datos acad\u00e9micos de la tesis doctoral \u00ab<strong>El alargamiento de la juventud: un an\u00e1lisis psicosocial de las trayectorias de j\u00f3venes en brasil y espa\u00f1a.<\/strong>\u00ab<\/h3>\n<ul>\n<li><strong>T\u00edtulo de la tesis:<\/strong>\u00a0 El alargamiento de la juventud: un an\u00e1lisis psicosocial de las trayectorias de j\u00f3venes en brasil y espa\u00f1a. <\/li>\n<li><strong>Autor:<\/strong>\u00a0 Raquel Nascimento Coelho <\/li>\n<li><strong>Universidad:<\/strong>\u00a0 Complutense de Madrid<\/li>\n<li><strong>Fecha de lectura de la tesis:<\/strong>\u00a0 11\/02\/2013<\/li>\n<\/ul>\n<p>&nbsp;<\/p>\n<h3>Direcci\u00f3n y tribunal<\/h3>\n<ul>\n<li><strong>Director de la tesis<\/strong>\n<ul>\n<li>JoseLuis Alvaro Estramiana<\/li>\n<\/ul>\n<\/li>\n<li><strong>Tribunal<\/strong>\n<ul>\n<li>Presidente del tribunal: rafael Gonz\u00e1lez ndez <\/li>\n<li>josep Mar\u00eda Blanch ribas (vocal)<\/li>\n<li>Juan  Manuel Mu\u00f1oz justicia (vocal)<\/li>\n<li>lupicinio I\u00f1iguez rueda (vocal)<\/li>\n<\/ul>\n<\/li>\n<\/ul>\n<p>&nbsp;<\/p>\n","protected":false},"excerpt":{"rendered":"<p>Tesis doctoral de Raquel Nascimento Coelho Resumen este trabajo tiene como objetivo investigar la manifestaci\u00f3n del fen\u00f3meno del alargamiento de [&hellip;]<\/p>\n","protected":false},"author":1,"featured_media":0,"comment_status":"open","ping_status":"open","sticky":false,"template":"","format":"standard","meta":{"site-sidebar-layout":"default","site-content-layout":"","ast-site-content-layout":"","site-content-style":"default","site-sidebar-style":"default","ast-global-header-display":"","ast-banner-title-visibility":"","ast-main-header-display":"","ast-hfb-above-header-display":"","ast-hfb-below-header-display":"","ast-hfb-mobile-header-display":"","site-post-title":"","ast-breadcrumbs-content":"","ast-featured-img":"","footer-sml-layout":"","theme-transparent-header-meta":"","adv-header-id-meta":"","stick-header-meta":"","header-above-stick-meta":"","header-main-stick-meta":"","header-below-stick-meta":"","astra-migrate-meta-layouts":"default","ast-page-background-enabled":"default","ast-page-background-meta":{"desktop":{"background-color":"var(--ast-global-color-4)","background-image":"","background-repeat":"repeat","background-position":"center center","background-size":"auto","background-attachment":"scroll","background-type":"","background-media":"","overlay-type":"","overlay-color":"","overlay-gradient":""},"tablet":{"background-color":"","background-image":"","background-repeat":"repeat","background-position":"center center","background-size":"auto","background-attachment":"scroll","background-type":"","background-media":"","overlay-type":"","overlay-color":"","overlay-gradient":""},"mobile":{"background-color":"","background-image":"","background-repeat":"repeat","background-position":"center center","background-size":"auto","background-attachment":"scroll","background-type":"","background-media":"","overlay-type":"","overlay-color":"","overlay-gradient":""}},"ast-content-background-meta":{"desktop":{"background-color":"var(--ast-global-color-5)","background-image":"","background-repeat":"repeat","background-position":"center center","background-size":"auto","background-attachment":"scroll","background-type":"","background-media":"","overlay-type":"","overlay-color":"","overlay-gradient":""},"tablet":{"background-color":"var(--ast-global-color-5)","background-image":"","background-repeat":"repeat","background-position":"center center","background-size":"auto","background-attachment":"scroll","background-type":"","background-media":"","overlay-type":"","overlay-color":"","overlay-gradient":""},"mobile":{"background-color":"var(--ast-global-color-5)","background-image":"","background-repeat":"repeat","background-position":"center center","background-size":"auto","background-attachment":"scroll","background-type":"","background-media":"","overlay-type":"","overlay-color":"","overlay-gradient":""}},"footnotes":""},"categories":[986,996],"tags":[70217,24447,45219,1171,201468,225874],"class_list":["post-113815","post","type-post","status-publish","format-standard","hentry","category-complutense-de-madrid","category-psicologia-social","tag-joseluis-alvaro-estramiana","tag-josep-maria-blanch-ribas","tag-juan-manuel-munoz-justicia","tag-lupicinio-iniguez-rueda","tag-rafael-gonzalez-ndez","tag-raquel-nascimento-coelho"],"_links":{"self":[{"href":"https:\/\/www.deberes.net\/tesis\/wp-json\/wp\/v2\/posts\/113815","targetHints":{"allow":["GET"]}}],"collection":[{"href":"https:\/\/www.deberes.net\/tesis\/wp-json\/wp\/v2\/posts"}],"about":[{"href":"https:\/\/www.deberes.net\/tesis\/wp-json\/wp\/v2\/types\/post"}],"author":[{"embeddable":true,"href":"https:\/\/www.deberes.net\/tesis\/wp-json\/wp\/v2\/users\/1"}],"replies":[{"embeddable":true,"href":"https:\/\/www.deberes.net\/tesis\/wp-json\/wp\/v2\/comments?post=113815"}],"version-history":[{"count":0,"href":"https:\/\/www.deberes.net\/tesis\/wp-json\/wp\/v2\/posts\/113815\/revisions"}],"wp:attachment":[{"href":"https:\/\/www.deberes.net\/tesis\/wp-json\/wp\/v2\/media?parent=113815"}],"wp:term":[{"taxonomy":"category","embeddable":true,"href":"https:\/\/www.deberes.net\/tesis\/wp-json\/wp\/v2\/categories?post=113815"},{"taxonomy":"post_tag","embeddable":true,"href":"https:\/\/www.deberes.net\/tesis\/wp-json\/wp\/v2\/tags?post=113815"}],"curies":[{"name":"wp","href":"https:\/\/api.w.org\/{rel}","templated":true}]}}