{"id":113860,"date":"2018-03-11T10:41:31","date_gmt":"2018-03-11T10:41:31","guid":{"rendered":"https:\/\/www.deberes.net\/tesis\/sin-categoria\/analysis-and-design-of-an-edge-technique-based-doppler-wind-lidar-practical-assessment-of-a-laboratory-prototype\/"},"modified":"2018-03-11T10:41:31","modified_gmt":"2018-03-11T10:41:31","slug":"analysis-and-design-of-an-edge-technique-based-doppler-wind-lidar-practical-assessment-of-a-laboratory-prototype","status":"publish","type":"post","link":"https:\/\/www.deberes.net\/tesis\/politecnica-de-catalunya\/analysis-and-design-of-an-edge-technique-based-doppler-wind-lidar-practical-assessment-of-a-laboratory-prototype\/","title":{"rendered":"Analysis and design of an edge-technique-based doppler wind lidar. practical assessment of a laboratory prototype"},"content":{"rendered":"<h2>Tesis doctoral de <strong> Constantino Mu\u00f1oz Porcar <\/strong><\/h2>\n<p>La tesis presentada constituye la fase inicial en el desarrollo de un lidar doppler para medir la velocidad del viento con resoluci\u00f3n en distancia. Los lidares atmosf\u00e9ricos emiten radiaci\u00f3n l\u00e1ser pulsada que despu\u00e9s de ser dispersada por las mol\u00e9culas de aire y los aerosoles en suspensi\u00f3n es parcialmente recogida por un telescopio, detectada por un fotorreceptor y analizada para obtener informaci\u00f3n sobre el estado en que se encuentra la regi\u00f3n iluminada. La velocidad con que estos elementos se mueven respecto al instrumento puede identificarse con la velocidad del viento. \u00e9sta puede medirse por tanto -\u00c2\u00bfy as\u00ed lo hacen los lidares doppler atmosf\u00e9ricos-\u00c2\u00bf a partir de la detecci\u00f3n del desplazamiento de frecuencia que por efecto doppler experimenta la se\u00f1al dispersada. La elecci\u00f3n de la t\u00e9cnica de detecci\u00f3n utilizada para medir esta diferencia de frecuencia \u00f3ptica \u00c2\u00bfla denominada edge-technique-\u00c2\u00bf ha venido determinada en este caso fundamentalmente por el l\u00e1ser disponible, el emplazamiento previsto del sistema y por consideraciones de simplicidad. En ella, la diferencia de frecuencia entre los pulsos emitidos y la se\u00f1al recibida se obtiene a partir de la medida del cambio producido en la transmisi\u00f3n de un filtro \u00f3ptico.  en la primera parte de este trabajo se propone el dise\u00f1o del filtro \u00f3ptico encargado de discriminar frecuencias y un an\u00e1lisis detallado de las prestaciones de un lidar doppler para la medida de la velocidad del viento basado en la edge-technique operando a partir de la se\u00f1al dispersada por los aerosoles atmosf\u00e9ricos. En primer lugar, se ha establecido un m\u00e9todo que permite calcular, utilizando la precisi\u00f3n de las medidas como indicador y el margen de velocidades a medir como restricci\u00f3n, la configuraci\u00f3n \u00f3ptima del filtro \u00f3ptico utilizado, en este caso un interfer\u00f3metro fabry-perot. A continuaci\u00f3n, la precisi\u00f3n, la  resoluci\u00f3n temporal, la resoluci\u00f3n en distancia y la exactitud de las medidas de velocidad son analizadas en detalle en diferentes entornos t\u00edpicos de medida y son evaluadas comparativamente en relaci\u00f3n al estado del arte. Tambi\u00e9n se estudia el efecto que sobre los par\u00e1metros de calidad de las medidas de velocidad tiene la componente interferente de retorno molecular que inevitablemente est\u00e1 presente en la se\u00f1al de aerosoles analizada.  la segunda parte de la tesis est\u00e1 dedicada al dise\u00f1o, construcci\u00f3n y evaluaci\u00f3n de un prototipo de laboratorio basado en la edge-technique. El objetivo de este desarrollo es evaluar en condiciones adecuadas la implementaci\u00f3n de la t\u00e9cnica elegida para la medida de la velocidad. Este montaje preliminar permite asimismo caracterizar y ajustar el funcionamiento de algunos de los elementos y subsistemas cr\u00edticos que formar\u00e1n parte del lidar de vientos, como el interfer\u00f3metro fabry-perot, el subsistema de control de sinton\u00eda de la cavidad (imprescindible para compensar las derivas relativas de frecuencia entre el l\u00e1ser y el filtro), los elementos de guiado y acondicionamiento de los haces de luz, los m\u00f3dulos detectores y amplificadores de se\u00f1ales o las rutinas de calibraci\u00f3n y control del sistema y de procesado de la informaci\u00f3n. El prototipo construido para alcanzar estos objetivos mide la velocidad de blancos s\u00f3lidos utilizando para ello la emisi\u00f3n de un l\u00e1ser operando en r\u00e9gimen de onda continua. Estas condiciones de operaci\u00f3n permiten evitar, en esta fase preliminar, algunas complicaciones relacionadas con la utilizaci\u00f3n de se\u00f1ales lidar atmosf\u00e9ricas pulsadas. En primer lugar, se trata de se\u00f1ales de duraci\u00f3n muy corta, cuya potencia no es constante ni predicible; adem\u00e1s no es sencillo obtener valores independientes de la velocidad del viento para evaluar la calidad de las medidas.<\/p>\n<p>&nbsp;<\/p>\n<h3>Datos acad\u00e9micos de la tesis doctoral \u00ab<strong>Analysis and design of an edge-technique-based doppler wind lidar. practical assessment of a laboratory prototype<\/strong>\u00ab<\/h3>\n<ul>\n<li><strong>T\u00edtulo de la tesis:<\/strong>\u00a0 Analysis and design of an edge-technique-based doppler wind lidar. practical assessment of a laboratory prototype <\/li>\n<li><strong>Autor:<\/strong>\u00a0 Constantino Mu\u00f1oz Porcar <\/li>\n<li><strong>Universidad:<\/strong>\u00a0 Polit\u00e9cnica de catalunya<\/li>\n<li><strong>Fecha de lectura de la tesis:<\/strong>\u00a0 22\/02\/2013<\/li>\n<\/ul>\n<p>&nbsp;<\/p>\n<h3>Direcci\u00f3n y tribunal<\/h3>\n<ul>\n<li><strong>Director de la tesis<\/strong>\n<ul>\n<li>Adolfo Comeron Tejero<\/li>\n<\/ul>\n<\/li>\n<li><strong>Tribunal<\/strong>\n<ul>\n<li>Presidente del tribunal: antoni Broquetas ibars <\/li>\n<li>Manuel Pujadas cordero (vocal)<\/li>\n<li>  (vocal)<\/li>\n<li>  (vocal)<\/li>\n<\/ul>\n<\/li>\n<\/ul>\n<p>&nbsp;<\/p>\n","protected":false},"excerpt":{"rendered":"<p>Tesis doctoral de Constantino Mu\u00f1oz Porcar La tesis presentada constituye la fase inicial en el desarrollo de un lidar doppler [&hellip;]<\/p>\n","protected":false},"author":1,"featured_media":0,"comment_status":"open","ping_status":"open","sticky":false,"template":"","format":"standard","meta":{"site-sidebar-layout":"default","site-content-layout":"","ast-site-content-layout":"","site-content-style":"default","site-sidebar-style":"default","ast-global-header-display":"","ast-banner-title-visibility":"","ast-main-header-display":"","ast-hfb-above-header-display":"","ast-hfb-below-header-display":"","ast-hfb-mobile-header-display":"","site-post-title":"","ast-breadcrumbs-content":"","ast-featured-img":"","footer-sml-layout":"","theme-transparent-header-meta":"","adv-header-id-meta":"","stick-header-meta":"","header-above-stick-meta":"","header-main-stick-meta":"","header-below-stick-meta":"","astra-migrate-meta-layouts":"default","ast-page-background-enabled":"default","ast-page-background-meta":{"desktop":{"background-color":"var(--ast-global-color-4)","background-image":"","background-repeat":"repeat","background-position":"center center","background-size":"auto","background-attachment":"scroll","background-type":"","background-media":"","overlay-type":"","overlay-color":"","overlay-gradient":""},"tablet":{"background-color":"","background-image":"","background-repeat":"repeat","background-position":"center center","background-size":"auto","background-attachment":"scroll","background-type":"","background-media":"","overlay-type":"","overlay-color":"","overlay-gradient":""},"mobile":{"background-color":"","background-image":"","background-repeat":"repeat","background-position":"center center","background-size":"auto","background-attachment":"scroll","background-type":"","background-media":"","overlay-type":"","overlay-color":"","overlay-gradient":""}},"ast-content-background-meta":{"desktop":{"background-color":"var(--ast-global-color-5)","background-image":"","background-repeat":"repeat","background-position":"center center","background-size":"auto","background-attachment":"scroll","background-type":"","background-media":"","overlay-type":"","overlay-color":"","overlay-gradient":""},"tablet":{"background-color":"var(--ast-global-color-5)","background-image":"","background-repeat":"repeat","background-position":"center center","background-size":"auto","background-attachment":"scroll","background-type":"","background-media":"","overlay-type":"","overlay-color":"","overlay-gradient":""},"mobile":{"background-color":"var(--ast-global-color-5)","background-image":"","background-repeat":"repeat","background-position":"center center","background-size":"auto","background-attachment":"scroll","background-type":"","background-media":"","overlay-type":"","overlay-color":"","overlay-gradient":""}},"footnotes":""},"categories":[15816,152101,27612,15596],"tags":[30826,15598,225944,63603],"class_list":["post-113860","post","type-post","status-publish","format-standard","hentry","category-dispositivos-laser","category-meteorologia-por-radar","category-optica-atmosferica","category-politecnica-de-catalunya","tag-adolfo-comeron-tejero","tag-antoni-broquetas-ibars","tag-constantino-munoz-porcar","tag-manuel-pujadas-cordero"],"_links":{"self":[{"href":"https:\/\/www.deberes.net\/tesis\/wp-json\/wp\/v2\/posts\/113860","targetHints":{"allow":["GET"]}}],"collection":[{"href":"https:\/\/www.deberes.net\/tesis\/wp-json\/wp\/v2\/posts"}],"about":[{"href":"https:\/\/www.deberes.net\/tesis\/wp-json\/wp\/v2\/types\/post"}],"author":[{"embeddable":true,"href":"https:\/\/www.deberes.net\/tesis\/wp-json\/wp\/v2\/users\/1"}],"replies":[{"embeddable":true,"href":"https:\/\/www.deberes.net\/tesis\/wp-json\/wp\/v2\/comments?post=113860"}],"version-history":[{"count":0,"href":"https:\/\/www.deberes.net\/tesis\/wp-json\/wp\/v2\/posts\/113860\/revisions"}],"wp:attachment":[{"href":"https:\/\/www.deberes.net\/tesis\/wp-json\/wp\/v2\/media?parent=113860"}],"wp:term":[{"taxonomy":"category","embeddable":true,"href":"https:\/\/www.deberes.net\/tesis\/wp-json\/wp\/v2\/categories?post=113860"},{"taxonomy":"post_tag","embeddable":true,"href":"https:\/\/www.deberes.net\/tesis\/wp-json\/wp\/v2\/tags?post=113860"}],"curies":[{"name":"wp","href":"https:\/\/api.w.org\/{rel}","templated":true}]}}