{"id":113887,"date":"2018-03-11T10:41:37","date_gmt":"2018-03-11T10:41:37","guid":{"rendered":"https:\/\/www.deberes.net\/tesis\/sin-categoria\/vida-y-obra-de-isaac-saenz-de-la-calzada\/"},"modified":"2018-03-11T10:41:37","modified_gmt":"2018-03-11T10:41:37","slug":"vida-y-obra-de-isaac-saenz-de-la-calzada","status":"publish","type":"post","link":"https:\/\/www.deberes.net\/tesis\/estomatologia-y-ortodoncia\/vida-y-obra-de-isaac-saenz-de-la-calzada\/","title":{"rendered":"Vida y obra de isaac saenz de la calzada."},"content":{"rendered":"<h2>Tesis doctoral de <strong> Manuela Escorial Garcia <\/strong><\/h2>\n<p>El siglo xx de la historia de la odontolog\u00eda espa\u00f1ola es un per\u00edodo trepidante. Los siguientes hechos generales lo vertebraron: su incorporaci\u00f3n a la universidad en 1901, el florecimiento y desarrollo cient\u00edfico y socio-profesional alcanzado en los t reinta, el gran da\u00f1o que supuso la guerra civil y su lento y posterior resurgimiento hasta los cincuenta, para aprovechar la internacionalizaci\u00f3n de espa\u00f1a y dirigir la ciencia y la profesi\u00f3n hacia la vanguardia actual mundial. El profesor isaac s\u00e1en z de la calzada fue testigo y, como veremos a lo largo del texto, parte activa del desarrollo experimentado hacia la ciencia odonto-estomatol\u00f3gica basada en la evidencia cient\u00edfica que actualmente conocemos en nuestro pa\u00eds. Procedente de una saga fam iliar cultural y cient\u00edfica con una profunda y activa convicci\u00f3n en las ideas regeneracionistas de la instituci\u00f3n libre de ense\u00f1anza, portador de una amplia formaci\u00f3n cient\u00edfica adquirida durante sus tres titulaciones universitarias de odont\u00f3logo, ve terinario y m\u00e9dico, su convivencia con las grandes figuras de la edad de plata espa\u00f1ola en la residencia de estudiantes y sus estancias en instituciones internacionales de relevancia mundial, estimulan la trayectoria profesional de nuestro protagonis<\/p>\n<p>&nbsp;<\/p>\n<h3>Datos acad\u00e9micos de la tesis doctoral \u00ab<strong>Vida y obra de isaac saenz de la calzada.<\/strong>\u00ab<\/h3>\n<ul>\n<li><strong>T\u00edtulo de la tesis:<\/strong>\u00a0 Vida y obra de isaac saenz de la calzada. <\/li>\n<li><strong>Autor:<\/strong>\u00a0 Manuela Escorial Garcia <\/li>\n<li><strong>Universidad:<\/strong>\u00a0 Complutense de Madrid<\/li>\n<li><strong>Fecha de lectura de la tesis:<\/strong>\u00a0 28\/02\/2013<\/li>\n<\/ul>\n<p>&nbsp;<\/p>\n<h3>Direcci\u00f3n y tribunal<\/h3>\n<ul>\n<li><strong>Director de la tesis<\/strong>\n<ul>\n<li>Francisco Javier Sanz Serrulla<\/li>\n<\/ul>\n<\/li>\n<li><strong>Tribunal<\/strong>\n<ul>\n<li>Presidente del tribunal: diego Gracia guill\u00e9n <\/li>\n<li>amparo Nogales espert (vocal)<\/li>\n<li>Jos\u00e9 Luis Peset reig (vocal)<\/li>\n<li>Jos\u00e9 Manuel L\u00e1zaro s\u00e1nchez (vocal)<\/li>\n<\/ul>\n<\/li>\n<\/ul>\n<p>&nbsp;<\/p>\n","protected":false},"excerpt":{"rendered":"<p>Tesis doctoral de Manuela Escorial Garcia El siglo xx de la historia de la odontolog\u00eda espa\u00f1ola es un per\u00edodo trepidante. [&hellip;]<\/p>\n","protected":false},"author":1,"featured_media":0,"comment_status":"open","ping_status":"open","sticky":false,"template":"","format":"standard","meta":{"site-sidebar-layout":"default","site-content-layout":"","ast-site-content-layout":"","site-content-style":"default","site-sidebar-style":"default","ast-global-header-display":"","ast-banner-title-visibility":"","ast-main-header-display":"","ast-hfb-above-header-display":"","ast-hfb-below-header-display":"","ast-hfb-mobile-header-display":"","site-post-title":"","ast-breadcrumbs-content":"","ast-featured-img":"","footer-sml-layout":"","theme-transparent-header-meta":"","adv-header-id-meta":"","stick-header-meta":"","header-above-stick-meta":"","header-main-stick-meta":"","header-below-stick-meta":"","astra-migrate-meta-layouts":"default","ast-page-background-enabled":"default","ast-page-background-meta":{"desktop":{"background-color":"var(--ast-global-color-4)","background-image":"","background-repeat":"repeat","background-position":"center center","background-size":"auto","background-attachment":"scroll","background-type":"","background-media":"","overlay-type":"","overlay-color":"","overlay-gradient":""},"tablet":{"background-color":"","background-image":"","background-repeat":"repeat","background-position":"center center","background-size":"auto","background-attachment":"scroll","background-type":"","background-media":"","overlay-type":"","overlay-color":"","overlay-gradient":""},"mobile":{"background-color":"","background-image":"","background-repeat":"repeat","background-position":"center center","background-size":"auto","background-attachment":"scroll","background-type":"","background-media":"","overlay-type":"","overlay-color":"","overlay-gradient":""}},"ast-content-background-meta":{"desktop":{"background-color":"var(--ast-global-color-5)","background-image":"","background-repeat":"repeat","background-position":"center center","background-size":"auto","background-attachment":"scroll","background-type":"","background-media":"","overlay-type":"","overlay-color":"","overlay-gradient":""},"tablet":{"background-color":"var(--ast-global-color-5)","background-image":"","background-repeat":"repeat","background-position":"center center","background-size":"auto","background-attachment":"scroll","background-type":"","background-media":"","overlay-type":"","overlay-color":"","overlay-gradient":""},"mobile":{"background-color":"var(--ast-global-color-5)","background-image":"","background-repeat":"repeat","background-position":"center center","background-size":"auto","background-attachment":"scroll","background-type":"","background-media":"","overlay-type":"","overlay-color":"","overlay-gradient":""}},"footnotes":""},"categories":[986,140],"tags":[72605,4600,141290,5187,60090,225989],"class_list":["post-113887","post","type-post","status-publish","format-standard","hentry","category-complutense-de-madrid","category-estomatologia-y-ortodoncia","tag-amparo-nogales-espert","tag-diego-gracia-guillen","tag-francisco-javier-sanz-serrulla","tag-jose-luis-peset-reig","tag-jose-manuel-lazaro-sanchez","tag-manuela-escorial-garcia"],"_links":{"self":[{"href":"https:\/\/www.deberes.net\/tesis\/wp-json\/wp\/v2\/posts\/113887","targetHints":{"allow":["GET"]}}],"collection":[{"href":"https:\/\/www.deberes.net\/tesis\/wp-json\/wp\/v2\/posts"}],"about":[{"href":"https:\/\/www.deberes.net\/tesis\/wp-json\/wp\/v2\/types\/post"}],"author":[{"embeddable":true,"href":"https:\/\/www.deberes.net\/tesis\/wp-json\/wp\/v2\/users\/1"}],"replies":[{"embeddable":true,"href":"https:\/\/www.deberes.net\/tesis\/wp-json\/wp\/v2\/comments?post=113887"}],"version-history":[{"count":0,"href":"https:\/\/www.deberes.net\/tesis\/wp-json\/wp\/v2\/posts\/113887\/revisions"}],"wp:attachment":[{"href":"https:\/\/www.deberes.net\/tesis\/wp-json\/wp\/v2\/media?parent=113887"}],"wp:term":[{"taxonomy":"category","embeddable":true,"href":"https:\/\/www.deberes.net\/tesis\/wp-json\/wp\/v2\/categories?post=113887"},{"taxonomy":"post_tag","embeddable":true,"href":"https:\/\/www.deberes.net\/tesis\/wp-json\/wp\/v2\/tags?post=113887"}],"curies":[{"name":"wp","href":"https:\/\/api.w.org\/{rel}","templated":true}]}}