{"id":113888,"date":"2018-03-11T10:41:37","date_gmt":"2018-03-11T10:41:37","guid":{"rendered":"https:\/\/www.deberes.net\/tesis\/sin-categoria\/movilidad-ocupacional-y-migracion-trayectorias-laborales-de-los-inmigrantes-en-espana\/"},"modified":"2018-03-11T10:41:37","modified_gmt":"2018-03-11T10:41:37","slug":"movilidad-ocupacional-y-migracion-trayectorias-laborales-de-los-inmigrantes-en-espana","status":"publish","type":"post","link":"https:\/\/www.deberes.net\/tesis\/complutense-de-madrid\/movilidad-ocupacional-y-migracion-trayectorias-laborales-de-los-inmigrantes-en-espana\/","title":{"rendered":"Movilidad ocupacional y migracion: trayectorias laborales de los inmigrantes en espa\u00f1a"},"content":{"rendered":"<h2>Tesis doctoral de <strong> Diego Bunge Vivier <\/strong><\/h2>\n<p>Movilidad ocupacional y migraci\u00f3n: trayectorias laborales de los inmigrantes en espa\u00f1a director de tesis: dr. Joaqu\u00edn arango vila-belda resumen la tesis expone las principales caracter\u00edsticas de la movilidad socioecon\u00f3mica de los inmigrantes en esp a\u00f1a. Se centra en el enfoque de la movilidad ocupacional y el an\u00e1lisis del mercado laboral. Por un lado, se examinan las particularidades del contexto de recepci\u00f3n al que llegan los inmigrantes; y por el otro, se exploran las caracter\u00edsticas de los i ndividuos en cuesti\u00f3n. El primer cap\u00edtulo recoge los fundamentos te\u00f3rico-metodol\u00f3gicos de la investigaci\u00f3n. Comienza por definir la movilidad socioecon\u00f3mica y explica las razones para enfocarse en la movilidad ocupacional. A partir del trabajo de ju lio caraba\u00f1a (1999), se examinan las distintas formas de entender la movilidad. Enseguida se explica lo que se quiere investigar -la movilidad absoluta particular- y se detallan los conceptos y herramientas para su medici\u00f3n. A continuaci\u00f3n, se expone la forma en que ser\u00e1 abordado el contexto de recepci\u00f3n, y m\u00e1s adelante se abordan los factores individuales que pueden incidir en la movilidad ocupacional. Finalmente, se hacen algunas precisiones sobre los datos analizados y se identifican los l\u00edmi<\/p>\n<p>&nbsp;<\/p>\n<h3>Datos acad\u00e9micos de la tesis doctoral \u00ab<strong>Movilidad ocupacional y migracion: trayectorias laborales de los inmigrantes en espa\u00f1a<\/strong>\u00ab<\/h3>\n<ul>\n<li><strong>T\u00edtulo de la tesis:<\/strong>\u00a0 Movilidad ocupacional y migracion: trayectorias laborales de los inmigrantes en espa\u00f1a <\/li>\n<li><strong>Autor:<\/strong>\u00a0 Diego Bunge Vivier <\/li>\n<li><strong>Universidad:<\/strong>\u00a0 Complutense de Madrid<\/li>\n<li><strong>Fecha de lectura de la tesis:<\/strong>\u00a0 28\/02\/2013<\/li>\n<\/ul>\n<p>&nbsp;<\/p>\n<h3>Direcci\u00f3n y tribunal<\/h3>\n<ul>\n<li><strong>Director de la tesis<\/strong>\n<ul>\n<li>Joaquin Arango Vila Belda<\/li>\n<\/ul>\n<\/li>\n<li><strong>Tribunal<\/strong>\n<ul>\n<li>Presidente del tribunal: julio Caraba\u00f1a morales <\/li>\n<li>rodolfo Gutierrez palacios (vocal)<\/li>\n<li>amparo Gonz\u00e1lez ferrer (vocal)<\/li>\n<li>Luis Garrido medina (vocal)<\/li>\n<\/ul>\n<\/li>\n<\/ul>\n<p>&nbsp;<\/p>\n","protected":false},"excerpt":{"rendered":"<p>Tesis doctoral de Diego Bunge Vivier Movilidad ocupacional y migraci\u00f3n: trayectorias laborales de los inmigrantes en espa\u00f1a director de tesis: [&hellip;]<\/p>\n","protected":false},"author":1,"featured_media":0,"comment_status":"open","ping_status":"open","sticky":false,"template":"","format":"standard","meta":{"site-sidebar-layout":"default","site-content-layout":"","ast-site-content-layout":"","site-content-style":"default","site-sidebar-style":"default","ast-global-header-display":"","ast-banner-title-visibility":"","ast-main-header-display":"","ast-hfb-above-header-display":"","ast-hfb-below-header-display":"","ast-hfb-mobile-header-display":"","site-post-title":"","ast-breadcrumbs-content":"","ast-featured-img":"","footer-sml-layout":"","theme-transparent-header-meta":"","adv-header-id-meta":"","stick-header-meta":"","header-above-stick-meta":"","header-main-stick-meta":"","header-below-stick-meta":"","astra-migrate-meta-layouts":"default","ast-page-background-enabled":"default","ast-page-background-meta":{"desktop":{"background-color":"var(--ast-global-color-4)","background-image":"","background-repeat":"repeat","background-position":"center center","background-size":"auto","background-attachment":"scroll","background-type":"","background-media":"","overlay-type":"","overlay-color":"","overlay-gradient":""},"tablet":{"background-color":"","background-image":"","background-repeat":"repeat","background-position":"center center","background-size":"auto","background-attachment":"scroll","background-type":"","background-media":"","overlay-type":"","overlay-color":"","overlay-gradient":""},"mobile":{"background-color":"","background-image":"","background-repeat":"repeat","background-position":"center center","background-size":"auto","background-attachment":"scroll","background-type":"","background-media":"","overlay-type":"","overlay-color":"","overlay-gradient":""}},"ast-content-background-meta":{"desktop":{"background-color":"var(--ast-global-color-5)","background-image":"","background-repeat":"repeat","background-position":"center center","background-size":"auto","background-attachment":"scroll","background-type":"","background-media":"","overlay-type":"","overlay-color":"","overlay-gradient":""},"tablet":{"background-color":"var(--ast-global-color-5)","background-image":"","background-repeat":"repeat","background-position":"center center","background-size":"auto","background-attachment":"scroll","background-type":"","background-media":"","overlay-type":"","overlay-color":"","overlay-gradient":""},"mobile":{"background-color":"var(--ast-global-color-5)","background-image":"","background-repeat":"repeat","background-position":"center center","background-size":"auto","background-attachment":"scroll","background-type":"","background-media":"","overlay-type":"","overlay-color":"","overlay-gradient":""}},"footnotes":""},"categories":[6217,986],"tags":[225991,225990,64405,7691,17570,22046],"class_list":["post-113888","post","type-post","status-publish","format-standard","hentry","category-cambio-y-desarrollo-social","category-complutense-de-madrid","tag-amparo-gonzalez-ferrer","tag-diego-bunge-vivier","tag-joaquin-arango-vila-belda","tag-julio-carabana-morales","tag-luis-garrido-medina","tag-rodolfo-gutierrez-palacios"],"_links":{"self":[{"href":"https:\/\/www.deberes.net\/tesis\/wp-json\/wp\/v2\/posts\/113888","targetHints":{"allow":["GET"]}}],"collection":[{"href":"https:\/\/www.deberes.net\/tesis\/wp-json\/wp\/v2\/posts"}],"about":[{"href":"https:\/\/www.deberes.net\/tesis\/wp-json\/wp\/v2\/types\/post"}],"author":[{"embeddable":true,"href":"https:\/\/www.deberes.net\/tesis\/wp-json\/wp\/v2\/users\/1"}],"replies":[{"embeddable":true,"href":"https:\/\/www.deberes.net\/tesis\/wp-json\/wp\/v2\/comments?post=113888"}],"version-history":[{"count":0,"href":"https:\/\/www.deberes.net\/tesis\/wp-json\/wp\/v2\/posts\/113888\/revisions"}],"wp:attachment":[{"href":"https:\/\/www.deberes.net\/tesis\/wp-json\/wp\/v2\/media?parent=113888"}],"wp:term":[{"taxonomy":"category","embeddable":true,"href":"https:\/\/www.deberes.net\/tesis\/wp-json\/wp\/v2\/categories?post=113888"},{"taxonomy":"post_tag","embeddable":true,"href":"https:\/\/www.deberes.net\/tesis\/wp-json\/wp\/v2\/tags?post=113888"}],"curies":[{"name":"wp","href":"https:\/\/api.w.org\/{rel}","templated":true}]}}