{"id":113895,"date":"2013-01-03T00:00:00","date_gmt":"2013-01-03T00:00:00","guid":{"rendered":"https:\/\/www.deberes.net\/tesis\/sin-categoria\/modernizacion-socialista-y-reforma-laboral-1982-1992\/"},"modified":"2013-01-03T00:00:00","modified_gmt":"2013-01-03T00:00:00","slug":"modernizacion-socialista-y-reforma-laboral-1982-1992","status":"publish","type":"post","link":"https:\/\/www.deberes.net\/tesis\/historia\/modernizacion-socialista-y-reforma-laboral-1982-1992\/","title":{"rendered":"Modernizaci\u00f3n socialista y reforma laboral (1982-1992)"},"content":{"rendered":"<h2>Tesis doctoral de <strong> Sergio Galvez Biesca <\/strong><\/h2>\n<p>Modernizaci\u00f3n socialista y reforma laboral (1982-1992)\u00c2\u00bf es el t\u00edtulo de una larga investigaci\u00f3n, que surgi\u00f3 a partir de una relectura cr\u00edtica del conocido como informe petras. Desde una tradici\u00f3n historiogr\u00e1fica heredera de la historia social cl\u00e1sica  del movimiento obrero, con clara influencia tambi\u00e9n de la historia sociocultural, y por y a trav\u00e9s de una metodolog\u00eda interdisciplinar, el objetivo central de dicha tesis ha sido investigar las bases socio-econ\u00f3micas, pol\u00edticas a la par que cultural es, de la llamada \u00c2\u00bfformaci\u00f3n hist\u00f3rica de la cultura de la precariedad\u00c2\u00bf. Con este mismo objetivo, y siempre bajo el gran interrogante de c\u00f3mo  y por qu\u00e9 cambian los modelos de producci\u00f3n, dicha investigaci\u00f3n se ha estructurado en tres grandes ep\u00edgraf es, a partir de los cuales se ha pretendido rastrear y sumar un conjunto de interpretaciones, que nos introducen en los cap\u00edtulos menos conocidos de la primera d\u00e9cada de la \u00e9poca socialista (1982-1992). Ep\u00edgrafes que responden a otras tantas hip\u00f3tesi s de trabajo: 1.- La conquista del poder pol\u00edtico  del socialismo espa\u00f1ol: la misi\u00f3n hist\u00f3rica del psoe; 2.- Los ejecutivos socialistas y la reestructuraci\u00f3n del modelo capitalista espa\u00f1ol (1982-1992); 3.- Historia de una reforma laboral: contrahegem on\u00edas, crisis, conflicto y violencia en el proceso de flexibilizaci\u00f3n del mercado de trabajo.  dicha tesis doctoral que, pretende inaugurar nueva agenda investigadora con enormes potencialidades, concluye como los cambios operados en el ordenamiento jur\u00eddico-laboral, una vez que se aprueba la ley 32\/1984 (la reforma del estatuto de los trabajadores de 1984) tras m\u00e1s de un a\u00f1o y medio de negociaciones \u00c2\u00bfnodo central de esta investigaci\u00f3n\u00c2\u00bf constituyen un cap\u00edtulo clave (aunque no es el \u00fanico) de la  futura generaci\u00f3n de la conocida como \u00c2\u00bfcultura de la precariedad\u00c2\u00bf.  Un cambio social de primer orden de nuestra contemporaneidad reciente, y que, al mismo tiempo, no puede interpretarse de forma adecuada ni completa, sin relacionar lo anterior con l a metamorfosis del modelo productivo espa\u00f1ol, en su paso del modelo industrial al modelo flexible. Una metamorfosis asociada, de igual forma, a todo un conjunto de transiciones  pol\u00edtico-econ\u00f3micas, que marcadas por fuertes episodios de violencia pol \u00edtica, con claro predominio del conflicto obrero, va a finalizar con lo que aqu\u00ed se define como la \u00c2\u00bfderrota hist\u00f3rica del movimiento obrero espa\u00f1ol\u00c2\u00bf.  como se insiste a lo largo de toda la investigaci\u00f3n, la recuperaci\u00f3n de la centralidad de las relac<\/p>\n<p>&nbsp;<\/p>\n<h3>Datos acad\u00e9micos de la tesis doctoral \u00ab<strong>Modernizaci\u00f3n socialista y reforma laboral (1982-1992)<\/strong>\u00ab<\/h3>\n<ul>\n<li><strong>T\u00edtulo de la tesis:<\/strong>\u00a0 Modernizaci\u00f3n socialista y reforma laboral (1982-1992) <\/li>\n<li><strong>Autor:<\/strong>\u00a0 Sergio Galvez Biesca <\/li>\n<li><strong>Universidad:<\/strong>\u00a0 Complutense de Madrid<\/li>\n<li><strong>Fecha de lectura de la tesis:<\/strong>\u00a0 01\/03\/2013<\/li>\n<\/ul>\n<p>&nbsp;<\/p>\n<h3>Direcci\u00f3n y tribunal<\/h3>\n<ul>\n<li><strong>Director de la tesis<\/strong>\n<ul>\n<li>Julio Arostegui Sanchez<\/li>\n<\/ul>\n<\/li>\n<li><strong>Tribunal<\/strong>\n<ul>\n<li>Presidente del tribunal: Jes\u00fas Antonio Mart\u00ednez mart\u00edn <\/li>\n<li>sco Erice sebares (vocal)<\/li>\n<li>francesc xavier Dom\u00e9nech i sampere (vocal)<\/li>\n<li>Juan  sisinio P\u00e9rez garz\u00f3n (vocal)<\/li>\n<\/ul>\n<\/li>\n<\/ul>\n<p>&nbsp;<\/p>\n","protected":false},"excerpt":{"rendered":"<p>Tesis doctoral de Sergio Galvez Biesca Modernizaci\u00f3n socialista y reforma laboral (1982-1992)\u00c2\u00bf es el t\u00edtulo de una larga investigaci\u00f3n, que [&hellip;]<\/p>\n","protected":false},"author":1,"featured_media":0,"comment_status":"open","ping_status":"open","sticky":false,"template":"","format":"standard","meta":{"site-sidebar-layout":"default","site-content-layout":"","ast-site-content-layout":"","site-content-style":"default","site-sidebar-style":"default","ast-global-header-display":"","ast-banner-title-visibility":"","ast-main-header-display":"","ast-hfb-above-header-display":"","ast-hfb-below-header-display":"","ast-hfb-mobile-header-display":"","site-post-title":"","ast-breadcrumbs-content":"","ast-featured-img":"","footer-sml-layout":"","theme-transparent-header-meta":"","adv-header-id-meta":"","stick-header-meta":"","header-above-stick-meta":"","header-main-stick-meta":"","header-below-stick-meta":"","astra-migrate-meta-layouts":"default","ast-page-background-enabled":"default","ast-page-background-meta":{"desktop":{"background-color":"var(--ast-global-color-4)","background-image":"","background-repeat":"repeat","background-position":"center center","background-size":"auto","background-attachment":"scroll","background-type":"","background-media":"","overlay-type":"","overlay-color":"","overlay-gradient":""},"tablet":{"background-color":"","background-image":"","background-repeat":"repeat","background-position":"center center","background-size":"auto","background-attachment":"scroll","background-type":"","background-media":"","overlay-type":"","overlay-color":"","overlay-gradient":""},"mobile":{"background-color":"","background-image":"","background-repeat":"repeat","background-position":"center center","background-size":"auto","background-attachment":"scroll","background-type":"","background-media":"","overlay-type":"","overlay-color":"","overlay-gradient":""}},"ast-content-background-meta":{"desktop":{"background-color":"var(--ast-global-color-5)","background-image":"","background-repeat":"repeat","background-position":"center center","background-size":"auto","background-attachment":"scroll","background-type":"","background-media":"","overlay-type":"","overlay-color":"","overlay-gradient":""},"tablet":{"background-color":"var(--ast-global-color-5)","background-image":"","background-repeat":"repeat","background-position":"center center","background-size":"auto","background-attachment":"scroll","background-type":"","background-media":"","overlay-type":"","overlay-color":"","overlay-gradient":""},"mobile":{"background-color":"var(--ast-global-color-5)","background-image":"","background-repeat":"repeat","background-position":"center center","background-size":"auto","background-attachment":"scroll","background-type":"","background-media":"","overlay-type":"","overlay-color":"","overlay-gradient":""}},"footnotes":""},"categories":[986,104],"tags":[226005,137775,137760,4198,226004,226003],"class_list":["post-113895","post","type-post","status-publish","format-standard","hentry","category-complutense-de-madrid","category-historia","tag-francesc-xavier-domenech-i-sampere","tag-jesus-antonio-Martinez-martin","tag-juan-sisinio-perez-garzon","tag-julio-arostegui-sanchez","tag-sco-erice-sebares","tag-sergio-galvez-biesca"],"_links":{"self":[{"href":"https:\/\/www.deberes.net\/tesis\/wp-json\/wp\/v2\/posts\/113895","targetHints":{"allow":["GET"]}}],"collection":[{"href":"https:\/\/www.deberes.net\/tesis\/wp-json\/wp\/v2\/posts"}],"about":[{"href":"https:\/\/www.deberes.net\/tesis\/wp-json\/wp\/v2\/types\/post"}],"author":[{"embeddable":true,"href":"https:\/\/www.deberes.net\/tesis\/wp-json\/wp\/v2\/users\/1"}],"replies":[{"embeddable":true,"href":"https:\/\/www.deberes.net\/tesis\/wp-json\/wp\/v2\/comments?post=113895"}],"version-history":[{"count":0,"href":"https:\/\/www.deberes.net\/tesis\/wp-json\/wp\/v2\/posts\/113895\/revisions"}],"wp:attachment":[{"href":"https:\/\/www.deberes.net\/tesis\/wp-json\/wp\/v2\/media?parent=113895"}],"wp:term":[{"taxonomy":"category","embeddable":true,"href":"https:\/\/www.deberes.net\/tesis\/wp-json\/wp\/v2\/categories?post=113895"},{"taxonomy":"post_tag","embeddable":true,"href":"https:\/\/www.deberes.net\/tesis\/wp-json\/wp\/v2\/tags?post=113895"}],"curies":[{"name":"wp","href":"https:\/\/api.w.org\/{rel}","templated":true}]}}