{"id":11390,"date":"2018-03-09T08:56:44","date_gmt":"2018-03-09T08:56:44","guid":{"rendered":"https:\/\/www.deberes.net\/tesis\/sin-categoria\/la-aplicacion-didactica-de-las-tecnologa%c2%adas-de-la-informacio-y-la-comunicacion-en-la-formacion-del-siglo-xxi\/"},"modified":"2018-03-09T08:56:44","modified_gmt":"2018-03-09T08:56:44","slug":"la-aplicacion-didactica-de-las-tecnologa%c2%adas-de-la-informacio-y-la-comunicacion-en-la-formacion-del-siglo-xxi","status":"publish","type":"post","link":"https:\/\/www.deberes.net\/tesis\/pedagogia\/la-aplicacion-didactica-de-las-tecnologa%c2%adas-de-la-informacio-y-la-comunicacion-en-la-formacion-del-siglo-xxi\/","title":{"rendered":"La aplicaci\u00f3n did\u00e1ctica de las tecnolog\u00edas de la informaci\u00f3 y la comunicaci\u00f3n en la formaci\u00f3n del siglo xxi."},"content":{"rendered":"<h2>Tesis doctoral de <strong>  Hernr\u00edquez Coronel Patricia M. <\/strong><\/h2>\n<p>El objeto del estudio lo constituye los entornos virtuales de ense\u00f1anza y aprendizaje (en adelante evea).La opci\u00f3n metodel\u00f3gicas se centra en el paradigma interpretativo, espc\u00edficamente en el estudio del caso.  se trata de analizar la i&#8211; entre los componente termol\u00f3gicos y pedag\u00f3gicos de un evea en una situaci\u00f3n formativa.  para ello se realizan sendos estudios de caso, en cada uno de los cuales se usa una herramienta (dise\u00f1ada por el autor) que emula un producto de campus virtura, para impartir &#8212; de doctorado. Los \u00e1mbitos de an\u00e1lisis se refieren fundamentalmente a: interacci\u00f3n alumno-alumno, alumno-profesor, alumno-contenido y alumno-inter&#8211; en el eva. Una segunda v\u00eda de contrastaci\u00f3n de datos lo constituye la valoraci\u00f3n que &#8212; realizan a la herramienta dise\u00f1ada. Analizados los datos se proponen 3 bloques de conclusiones y se presenta un modelo de centro virtual de estudios.<\/p>\n<p>&nbsp;<\/p>\n<h3>Datos acad\u00e9micos de la tesis doctoral \u00ab<strong>La aplicaci\u00f3n did\u00e1ctica de las tecnolog\u00edas de la informaci\u00f3 y la comunicaci\u00f3n en la formaci\u00f3n del siglo xxi.<\/strong>\u00ab<\/h3>\n<ul>\n<li><strong>T\u00edtulo de la tesis:<\/strong>\u00a0 La aplicaci\u00f3n did\u00e1ctica de las tecnolog\u00edas de la informaci\u00f3 y la comunicaci\u00f3n en la formaci\u00f3n del siglo xxi. <\/li>\n<li><strong>Autor:<\/strong>\u00a0  Hernr\u00edquez Coronel Patricia M. <\/li>\n<li><strong>Universidad:<\/strong>\u00a0 Rovira i virgili<\/li>\n<li><strong>Fecha de lectura de la tesis:<\/strong>\u00a0 18\/06\/2001<\/li>\n<\/ul>\n<p>&nbsp;<\/p>\n<h3>Direcci\u00f3n y tribunal<\/h3>\n<ul>\n<li><strong>Director de la tesis<\/strong>\n<ul>\n<li>Angel Pio Gonzalez Soto<\/li>\n<\/ul>\n<\/li>\n<li><strong>Tribunal<\/strong>\n<ul>\n<li>Presidente del tribunal: vicente Ferre- pav\u00eda <\/li>\n<li>Jes\u00fas Salinas (vocal)<\/li>\n<li>julio Otero almansa (vocal)<\/li>\n<li>jordi &#8212; &#8212; (vocal)<\/li>\n<\/ul>\n<\/li>\n<\/ul>\n<p>&nbsp;<\/p>\n","protected":false},"excerpt":{"rendered":"<p>Tesis doctoral de Hernr\u00edquez Coronel Patricia M. El objeto del estudio lo constituye los entornos virtuales de ense\u00f1anza y aprendizaje [&hellip;]<\/p>\n","protected":false},"author":1,"featured_media":0,"comment_status":"open","ping_status":"open","sticky":false,"template":"","format":"standard","meta":{"site-sidebar-layout":"default","site-content-layout":"","ast-site-content-layout":"","site-content-style":"default","site-sidebar-style":"default","ast-global-header-display":"","ast-banner-title-visibility":"","ast-main-header-display":"","ast-hfb-above-header-display":"","ast-hfb-below-header-display":"","ast-hfb-mobile-header-display":"","site-post-title":"","ast-breadcrumbs-content":"","ast-featured-img":"","footer-sml-layout":"","theme-transparent-header-meta":"","adv-header-id-meta":"","stick-header-meta":"","header-above-stick-meta":"","header-main-stick-meta":"","header-below-stick-meta":"","astra-migrate-meta-layouts":"default","ast-page-background-enabled":"default","ast-page-background-meta":{"desktop":{"background-color":"var(--ast-global-color-4)","background-image":"","background-repeat":"repeat","background-position":"center center","background-size":"auto","background-attachment":"scroll","background-type":"","background-media":"","overlay-type":"","overlay-color":"","overlay-gradient":""},"tablet":{"background-color":"","background-image":"","background-repeat":"repeat","background-position":"center center","background-size":"auto","background-attachment":"scroll","background-type":"","background-media":"","overlay-type":"","overlay-color":"","overlay-gradient":""},"mobile":{"background-color":"","background-image":"","background-repeat":"repeat","background-position":"center center","background-size":"auto","background-attachment":"scroll","background-type":"","background-media":"","overlay-type":"","overlay-color":"","overlay-gradient":""}},"ast-content-background-meta":{"desktop":{"background-color":"var(--ast-global-color-5)","background-image":"","background-repeat":"repeat","background-position":"center center","background-size":"auto","background-attachment":"scroll","background-type":"","background-media":"","overlay-type":"","overlay-color":"","overlay-gradient":""},"tablet":{"background-color":"var(--ast-global-color-5)","background-image":"","background-repeat":"repeat","background-position":"center center","background-size":"auto","background-attachment":"scroll","background-type":"","background-media":"","overlay-type":"","overlay-color":"","overlay-gradient":""},"mobile":{"background-color":"var(--ast-global-color-5)","background-image":"","background-repeat":"repeat","background-position":"center center","background-size":"auto","background-attachment":"scroll","background-type":"","background-media":"","overlay-type":"","overlay-color":"","overlay-gradient":""}},"footnotes":""},"categories":[4907,1184,1141,18759,1341],"tags":[13980,37431,37433,37435,37434,37432],"class_list":["post-11390","post","type-post","status-publish","format-standard","hentry","category-metodos-audiovisuales-en-pedagogia","category-organizacion-y-planificacion-de-la-educacion","category-pedagogia","category-rovira-i-virgili","category-teoria-y-metodos-educativos","tag-angel-pio-gonzalez-soto","tag-hernriquez-coronel-patricia-m","tag-jesus-salinas","tag-jordi","tag-julio-otero-almansa","tag-vicente-ferre-pavia"],"_links":{"self":[{"href":"https:\/\/www.deberes.net\/tesis\/wp-json\/wp\/v2\/posts\/11390","targetHints":{"allow":["GET"]}}],"collection":[{"href":"https:\/\/www.deberes.net\/tesis\/wp-json\/wp\/v2\/posts"}],"about":[{"href":"https:\/\/www.deberes.net\/tesis\/wp-json\/wp\/v2\/types\/post"}],"author":[{"embeddable":true,"href":"https:\/\/www.deberes.net\/tesis\/wp-json\/wp\/v2\/users\/1"}],"replies":[{"embeddable":true,"href":"https:\/\/www.deberes.net\/tesis\/wp-json\/wp\/v2\/comments?post=11390"}],"version-history":[{"count":0,"href":"https:\/\/www.deberes.net\/tesis\/wp-json\/wp\/v2\/posts\/11390\/revisions"}],"wp:attachment":[{"href":"https:\/\/www.deberes.net\/tesis\/wp-json\/wp\/v2\/media?parent=11390"}],"wp:term":[{"taxonomy":"category","embeddable":true,"href":"https:\/\/www.deberes.net\/tesis\/wp-json\/wp\/v2\/categories?post=11390"},{"taxonomy":"post_tag","embeddable":true,"href":"https:\/\/www.deberes.net\/tesis\/wp-json\/wp\/v2\/tags?post=11390"}],"curies":[{"name":"wp","href":"https:\/\/api.w.org\/{rel}","templated":true}]}}