{"id":113905,"date":"2013-04-03T00:00:00","date_gmt":"2013-04-03T00:00:00","guid":{"rendered":"https:\/\/www.deberes.net\/tesis\/sin-categoria\/historicismo-edad-media-y-conceptos-pola%c2%adticos-en-el-primer-liberalismo-espanol-1808-1845\/"},"modified":"2013-04-03T00:00:00","modified_gmt":"2013-04-03T00:00:00","slug":"historicismo-edad-media-y-conceptos-pola%c2%adticos-en-el-primer-liberalismo-espanol-1808-1845","status":"publish","type":"post","link":"https:\/\/www.deberes.net\/tesis\/historia-contemporanea\/historicismo-edad-media-y-conceptos-pola%c2%adticos-en-el-primer-liberalismo-espanol-1808-1845\/","title":{"rendered":"Historicismo, edad media y conceptos pol\u00edticos en el primer liberalismo espa\u00f1ol (1808-1845)"},"content":{"rendered":"<h2>Tesis doctoral de <strong> Ana Isabel Gonzalez Manso <\/strong><\/h2>\n<p>En el presente trabajo se ha estudiado la presencia en los discursos pol\u00edticos y period\u00edsticos durante el primer liberalismo espa\u00f1ol de las continuas referencias al pasado medieval. Mediante una metodolog\u00eda conceptualista y de estudio de los lenguajes pol\u00edticos se ha puesto de manifiesto que los publicistas no solo buscaron, a trav\u00e9s de esas referencias, una legitimaci\u00f3n a sus propuestas pol\u00edticas sino m\u00e1s bien proyectaron al pasado sus deseos de presente y de futuro condicionando as\u00ed el significado de los conceptos pol\u00edticos que utilizaron. Asimismo este trabajo ha mostrado la evoluci\u00f3n, desde \u00e9poca ilustrada hasta la mitad del siglo xix, de c\u00f3mo los intelectuales del momento pensaron la historia poniendo en particular de relieve las particularidades espa\u00f1olas en cuanto al tr\u00e1nsito a la modernidad.<\/p>\n<p>&nbsp;<\/p>\n<h3>Datos acad\u00e9micos de la tesis doctoral \u00ab<strong>Historicismo, edad media y conceptos pol\u00edticos en el primer liberalismo espa\u00f1ol (1808-1845)<\/strong>\u00ab<\/h3>\n<ul>\n<li><strong>T\u00edtulo de la tesis:<\/strong>\u00a0 Historicismo, edad media y conceptos pol\u00edticos en el primer liberalismo espa\u00f1ol (1808-1845) <\/li>\n<li><strong>Autor:<\/strong>\u00a0 Ana Isabel Gonzalez Manso <\/li>\n<li><strong>Universidad:<\/strong>\u00a0 Pa\u00eds vasco\/euskal herriko unibertsitatea<\/li>\n<li><strong>Fecha de lectura de la tesis:<\/strong>\u00a0 04\/03\/2013<\/li>\n<\/ul>\n<p>&nbsp;<\/p>\n<h3>Direcci\u00f3n y tribunal<\/h3>\n<ul>\n<li><strong>Director de la tesis<\/strong>\n<ul>\n<li>Javier Fern\u00e1ndez Sebasti\u00e1n<\/li>\n<\/ul>\n<\/li>\n<li><strong>Tribunal<\/strong>\n<ul>\n<li>Presidente del tribunal: joaqu\u00edn Varela suanzes-carpegna <\/li>\n<li>Juan  Francisco Fuentes aragones (vocal)<\/li>\n<li>Mar\u00eda cruz Romeo mateo (vocal)<\/li>\n<li>Javier Tajadura tejada (vocal)<\/li>\n<\/ul>\n<\/li>\n<\/ul>\n<p>&nbsp;<\/p>\n","protected":false},"excerpt":{"rendered":"<p>Tesis doctoral de Ana Isabel Gonzalez Manso En el presente trabajo se ha estudiado la presencia en los discursos pol\u00edticos [&hellip;]<\/p>\n","protected":false},"author":1,"featured_media":0,"comment_status":"open","ping_status":"open","sticky":false,"template":"","format":"standard","meta":{"site-sidebar-layout":"default","site-content-layout":"","ast-site-content-layout":"","site-content-style":"default","site-sidebar-style":"default","ast-global-header-display":"","ast-banner-title-visibility":"","ast-main-header-display":"","ast-hfb-above-header-display":"","ast-hfb-below-header-display":"","ast-hfb-mobile-header-display":"","site-post-title":"","ast-breadcrumbs-content":"","ast-featured-img":"","footer-sml-layout":"","theme-transparent-header-meta":"","adv-header-id-meta":"","stick-header-meta":"","header-above-stick-meta":"","header-main-stick-meta":"","header-below-stick-meta":"","astra-migrate-meta-layouts":"default","ast-page-background-enabled":"default","ast-page-background-meta":{"desktop":{"background-color":"var(--ast-global-color-4)","background-image":"","background-repeat":"repeat","background-position":"center center","background-size":"auto","background-attachment":"scroll","background-type":"","background-media":"","overlay-type":"","overlay-color":"","overlay-gradient":""},"tablet":{"background-color":"","background-image":"","background-repeat":"repeat","background-position":"center center","background-size":"auto","background-attachment":"scroll","background-type":"","background-media":"","overlay-type":"","overlay-color":"","overlay-gradient":""},"mobile":{"background-color":"","background-image":"","background-repeat":"repeat","background-position":"center center","background-size":"auto","background-attachment":"scroll","background-type":"","background-media":"","overlay-type":"","overlay-color":"","overlay-gradient":""}},"ast-content-background-meta":{"desktop":{"background-color":"var(--ast-global-color-5)","background-image":"","background-repeat":"repeat","background-position":"center center","background-size":"auto","background-attachment":"scroll","background-type":"","background-media":"","overlay-type":"","overlay-color":"","overlay-gradient":""},"tablet":{"background-color":"var(--ast-global-color-5)","background-image":"","background-repeat":"repeat","background-position":"center center","background-size":"auto","background-attachment":"scroll","background-type":"","background-media":"","overlay-type":"","overlay-color":"","overlay-gradient":""},"mobile":{"background-color":"var(--ast-global-color-5)","background-image":"","background-repeat":"repeat","background-position":"center center","background-size":"auto","background-attachment":"scroll","background-type":"","background-media":"","overlay-type":"","overlay-color":"","overlay-gradient":""}},"footnotes":""},"categories":[5276,1816,19868,12909],"tags":[226018,59674,32348,226019,49188,197984],"class_list":["post-113905","post","type-post","status-publish","format-standard","hentry","category-filosofia-de-la-historia","category-historia-contemporanea","category-lenguas","category-pais-vasco-euskal-herriko-unibertsitatea","tag-ana-isabel-gonzalez-manso","tag-javier-fernandez-sebastian","tag-javier-tajadura-tejada","tag-joaquin-varela-suanzes-carpegna","tag-juan-francisco-fuentes-aragones","tag-maria-cruz-romeo-mateo"],"_links":{"self":[{"href":"https:\/\/www.deberes.net\/tesis\/wp-json\/wp\/v2\/posts\/113905","targetHints":{"allow":["GET"]}}],"collection":[{"href":"https:\/\/www.deberes.net\/tesis\/wp-json\/wp\/v2\/posts"}],"about":[{"href":"https:\/\/www.deberes.net\/tesis\/wp-json\/wp\/v2\/types\/post"}],"author":[{"embeddable":true,"href":"https:\/\/www.deberes.net\/tesis\/wp-json\/wp\/v2\/users\/1"}],"replies":[{"embeddable":true,"href":"https:\/\/www.deberes.net\/tesis\/wp-json\/wp\/v2\/comments?post=113905"}],"version-history":[{"count":0,"href":"https:\/\/www.deberes.net\/tesis\/wp-json\/wp\/v2\/posts\/113905\/revisions"}],"wp:attachment":[{"href":"https:\/\/www.deberes.net\/tesis\/wp-json\/wp\/v2\/media?parent=113905"}],"wp:term":[{"taxonomy":"category","embeddable":true,"href":"https:\/\/www.deberes.net\/tesis\/wp-json\/wp\/v2\/categories?post=113905"},{"taxonomy":"post_tag","embeddable":true,"href":"https:\/\/www.deberes.net\/tesis\/wp-json\/wp\/v2\/tags?post=113905"}],"curies":[{"name":"wp","href":"https:\/\/api.w.org\/{rel}","templated":true}]}}