{"id":113912,"date":"2013-06-03T00:00:00","date_gmt":"2013-06-03T00:00:00","guid":{"rendered":"https:\/\/www.deberes.net\/tesis\/sin-categoria\/la-representacion-femenina-en-el-cine-de-pedro-almodovar-marca-de-autor\/"},"modified":"2013-06-03T00:00:00","modified_gmt":"2013-06-03T00:00:00","slug":"la-representacion-femenina-en-el-cine-de-pedro-almodovar-marca-de-autor","status":"publish","type":"post","link":"https:\/\/www.deberes.net\/tesis\/complutense-de-madrid\/la-representacion-femenina-en-el-cine-de-pedro-almodovar-marca-de-autor\/","title":{"rendered":"La representacion femenina en el cine de pedro almodovar : marca de autor"},"content":{"rendered":"<h2>Tesis doctoral de <strong> Ana M\u00aa Manrubia Pereira <\/strong><\/h2>\n<p>Esta tesis se centra en el an\u00e1lisis de la filmograf\u00eda de almod\u00f3var para probar la relaci\u00f3n directa que existe entre la representaci\u00f3n que de la mujer hace en sus pel\u00edculas y la realidad en la espa\u00f1a de cada momento. El estudio abarcar\u00e1 toda la filmog raf\u00eda de almod\u00f3var hasta el 2009, en esas tres d\u00e9cadas de trabajo (1980-2009) se entrar\u00e1 a averiguar cu\u00e1l ha sido la evoluci\u00f3n en la representaci\u00f3n femenina y si esta ha tenido algo que ver con la evoluci\u00f3n social, cultural, econ\u00f3mica vivida en espa\u00f1 a en esas mismas d\u00e9cadas. Al igual que en la forma de representaci\u00f3n es relevante el entorno tambi\u00e9n ser\u00e1 fundamental el desarrollo personal del propio director que le lleva a acercarse a la realidad de forma muy diferente. Con todo esto, influencia social y personal , almod\u00f3var llega a consolidar una est\u00e9tica propia e intransferible , absolutamente caracterizadora, la est\u00e9tica almodovariana. En esta est\u00e9tica la mujer es una constante, sus rasgos de representaci\u00f3n son tan peculiares que permiten considerar este aspecto como un \u00c2\u00bfestilema\u00c2\u00bf, un rasgo de autor.<\/p>\n<p>&nbsp;<\/p>\n<h3>Datos acad\u00e9micos de la tesis doctoral \u00ab<strong>La representacion femenina en el cine de pedro almodovar : marca de autor<\/strong>\u00ab<\/h3>\n<ul>\n<li><strong>T\u00edtulo de la tesis:<\/strong>\u00a0 La representacion femenina en el cine de pedro almodovar : marca de autor <\/li>\n<li><strong>Autor:<\/strong>\u00a0 Ana M\u00aa Manrubia Pereira <\/li>\n<li><strong>Universidad:<\/strong>\u00a0 Complutense de Madrid<\/li>\n<li><strong>Fecha de lectura de la tesis:<\/strong>\u00a0 06\/03\/2013<\/li>\n<\/ul>\n<p>&nbsp;<\/p>\n<h3>Direcci\u00f3n y tribunal<\/h3>\n<ul>\n<li><strong>Director de la tesis<\/strong>\n<ul>\n<li>David Caldevilla Dominguez<\/li>\n<\/ul>\n<\/li>\n<li><strong>Tribunal<\/strong>\n<ul>\n<li>Presidente del tribunal: ubaldo Cuesta cambra <\/li>\n<li>Mar\u00eda estela Bernad monferrer (vocal)<\/li>\n<li>carmen Marta lazo (vocal)<\/li>\n<li>magdalena Mut camacho (vocal)<\/li>\n<\/ul>\n<\/li>\n<\/ul>\n<p>&nbsp;<\/p>\n","protected":false},"excerpt":{"rendered":"<p>Tesis doctoral de Ana M\u00aa Manrubia Pereira Esta tesis se centra en el an\u00e1lisis de la filmograf\u00eda de almod\u00f3var para [&hellip;]<\/p>\n","protected":false},"author":1,"featured_media":0,"comment_status":"open","ping_status":"open","sticky":false,"template":"","format":"standard","meta":{"site-sidebar-layout":"default","site-content-layout":"","ast-site-content-layout":"","site-content-style":"default","site-sidebar-style":"default","ast-global-header-display":"","ast-banner-title-visibility":"","ast-main-header-display":"","ast-hfb-above-header-display":"","ast-hfb-below-header-display":"","ast-hfb-mobile-header-display":"","site-post-title":"","ast-breadcrumbs-content":"","ast-featured-img":"","footer-sml-layout":"","theme-transparent-header-meta":"","adv-header-id-meta":"","stick-header-meta":"","header-above-stick-meta":"","header-main-stick-meta":"","header-below-stick-meta":"","astra-migrate-meta-layouts":"default","ast-page-background-enabled":"default","ast-page-background-meta":{"desktop":{"background-color":"var(--ast-global-color-4)","background-image":"","background-repeat":"repeat","background-position":"center center","background-size":"auto","background-attachment":"scroll","background-type":"","background-media":"","overlay-type":"","overlay-color":"","overlay-gradient":""},"tablet":{"background-color":"","background-image":"","background-repeat":"repeat","background-position":"center center","background-size":"auto","background-attachment":"scroll","background-type":"","background-media":"","overlay-type":"","overlay-color":"","overlay-gradient":""},"mobile":{"background-color":"","background-image":"","background-repeat":"repeat","background-position":"center center","background-size":"auto","background-attachment":"scroll","background-type":"","background-media":"","overlay-type":"","overlay-color":"","overlay-gradient":""}},"ast-content-background-meta":{"desktop":{"background-color":"var(--ast-global-color-5)","background-image":"","background-repeat":"repeat","background-position":"center center","background-size":"auto","background-attachment":"scroll","background-type":"","background-media":"","overlay-type":"","overlay-color":"","overlay-gradient":""},"tablet":{"background-color":"var(--ast-global-color-5)","background-image":"","background-repeat":"repeat","background-position":"center center","background-size":"auto","background-attachment":"scroll","background-type":"","background-media":"","overlay-type":"","overlay-color":"","overlay-gradient":""},"mobile":{"background-color":"var(--ast-global-color-5)","background-image":"","background-repeat":"repeat","background-position":"center center","background-size":"auto","background-attachment":"scroll","background-type":"","background-media":"","overlay-type":"","overlay-color":"","overlay-gradient":""}},"footnotes":""},"categories":[986,1111],"tags":[226026,141386,175276,116482,155341,49494],"class_list":["post-113912","post","type-post","status-publish","format-standard","hentry","category-complutense-de-madrid","category-teoria-analisis-y-critica-de-las-bellas-artes","tag-ana-ma-manrubia-pereira","tag-carmen-marta-lazo","tag-david-caldevilla-dominguez","tag-magdalena-mut-camacho","tag-maria-estela-bernad-monferrer","tag-ubaldo-cuesta-cambra"],"_links":{"self":[{"href":"https:\/\/www.deberes.net\/tesis\/wp-json\/wp\/v2\/posts\/113912","targetHints":{"allow":["GET"]}}],"collection":[{"href":"https:\/\/www.deberes.net\/tesis\/wp-json\/wp\/v2\/posts"}],"about":[{"href":"https:\/\/www.deberes.net\/tesis\/wp-json\/wp\/v2\/types\/post"}],"author":[{"embeddable":true,"href":"https:\/\/www.deberes.net\/tesis\/wp-json\/wp\/v2\/users\/1"}],"replies":[{"embeddable":true,"href":"https:\/\/www.deberes.net\/tesis\/wp-json\/wp\/v2\/comments?post=113912"}],"version-history":[{"count":0,"href":"https:\/\/www.deberes.net\/tesis\/wp-json\/wp\/v2\/posts\/113912\/revisions"}],"wp:attachment":[{"href":"https:\/\/www.deberes.net\/tesis\/wp-json\/wp\/v2\/media?parent=113912"}],"wp:term":[{"taxonomy":"category","embeddable":true,"href":"https:\/\/www.deberes.net\/tesis\/wp-json\/wp\/v2\/categories?post=113912"},{"taxonomy":"post_tag","embeddable":true,"href":"https:\/\/www.deberes.net\/tesis\/wp-json\/wp\/v2\/tags?post=113912"}],"curies":[{"name":"wp","href":"https:\/\/api.w.org\/{rel}","templated":true}]}}