{"id":113913,"date":"2013-07-03T00:00:00","date_gmt":"2013-07-03T00:00:00","guid":{"rendered":"https:\/\/www.deberes.net\/tesis\/sin-categoria\/la-construccion-de-la-escuela-activa-en-espana-1956-1972\/"},"modified":"2013-07-03T00:00:00","modified_gmt":"2013-07-03T00:00:00","slug":"la-construccion-de-la-escuela-activa-en-espana-1956-1972","status":"publish","type":"post","link":"https:\/\/www.deberes.net\/tesis\/historia-de-la-educacion\/la-construccion-de-la-escuela-activa-en-espana-1956-1972\/","title":{"rendered":"La construcci\u00f3n de la escuela activa en espa\u00f1a, 1956-1972"},"content":{"rendered":"<h2>Tesis doctoral de <strong> Isabel Mar\u00eda Dur\u00e1 G\u00farpide <\/strong><\/h2>\n<p>La apertura internacional que experiment\u00f3 espa\u00f1a en los a\u00f1os 50 propici\u00f3 un cambio en la pol\u00edtica educativa. El r\u00e9gimen de franco tom\u00f3 conciencia de la importancia de la educaci\u00f3n para el desarrollo del pa\u00eds y estableci\u00f3 como objetivo urgente cubrir el d\u00e9ficit de puestos escolares. En 1956 se emprendi\u00f3 un ambicioso programa de construcci\u00f3n de escuelas que se prolong\u00f3, en sucesivas etapas, hasta 1972. Este proyecto no s\u00f3lo se encarg\u00f3 de la creaci\u00f3n de nuevos centros, tambi\u00e9n foment\u00f3 la mejora de su calidad. El conocimiento de los ejemplos de la vanguardia internacional junto al estudio de las circunstancias espa\u00f1olas permiti\u00f3 crear un discurso propio que se hizo patente tanto en el \u00e1mbito te\u00f3rico como en las obras construidas. En este proceso, los arquitectos espa\u00f1oles definieron nuevas soluciones sin precedentes que alcanzaron una posici\u00f3n destacada en el contexto internacional. en este momento, la escuela se consider\u00f3 un lugar para formar, adem\u00e1s de para instruir, y las necesidades f\u00edsicas, afectivas y sociales de los alumnos se convirtieron en par\u00e1metros de dise\u00f1o. En este nuevo escenario, se agudiz\u00f3 la necesidad de recurrir a una arquitectura esencial, capaz de aunar innovaci\u00f3n e identidad. Las escuelas dejaron de entenderse como agregados de aulas independientes y surgieron nuevas vinculaciones a trav\u00e9s de espacios compartidos. Las \u00e1reas de relaci\u00f3n se convirtieron en elementos focales alrededor de las cuales se desarrollar\u00eda la actividad de la escuela. Asimismo, se consigui\u00f3 una escala dom\u00e9stica, mediante el estudio minucioso de la relaci\u00f3n entre las partes del programa. En definitiva, los arquitectos espa\u00f1oles aportaron modelos escolares de gran permeabilidad y flexibilidad, con una gran capacidad did\u00e1ctica y especial \u00e9nfasis social.<\/p>\n<p>&nbsp;<\/p>\n<h3>Datos acad\u00e9micos de la tesis doctoral \u00ab<strong>La construcci\u00f3n de la escuela activa en espa\u00f1a, 1956-1972<\/strong>\u00ab<\/h3>\n<ul>\n<li><strong>T\u00edtulo de la tesis:<\/strong>\u00a0 La construcci\u00f3n de la escuela activa en espa\u00f1a, 1956-1972 <\/li>\n<li><strong>Autor:<\/strong>\u00a0 Isabel Mar\u00eda Dur\u00e1 G\u00farpide <\/li>\n<li><strong>Universidad:<\/strong>\u00a0 Navarra<\/li>\n<li><strong>Fecha de lectura de la tesis:<\/strong>\u00a0 07\/03\/2013<\/li>\n<\/ul>\n<p>&nbsp;<\/p>\n<h3>Direcci\u00f3n y tribunal<\/h3>\n<ul>\n<li><strong>Director de la tesis<\/strong>\n<ul>\n<li>Juan  Miguel Ochotorena Elizegui<\/li>\n<\/ul>\n<\/li>\n<li><strong>Tribunal<\/strong>\n<ul>\n<li>Presidente del tribunal: Miguel \u00e1ngel Alonso del val <\/li>\n<li>Jos\u00e9 ram\u00f3n Garitaonaind\u00eda de vera (vocal)<\/li>\n<li>Alberto Grijalba bengoechea (vocal)<\/li>\n<li>Javier Cenicacelaya mariJuan (vocal)<\/li>\n<\/ul>\n<\/li>\n<\/ul>\n<p>&nbsp;<\/p>\n","protected":false},"excerpt":{"rendered":"<p>Tesis doctoral de Isabel Mar\u00eda Dur\u00e1 G\u00farpide La apertura internacional que experiment\u00f3 espa\u00f1a en los a\u00f1os 50 propici\u00f3 un cambio [&hellip;]<\/p>\n","protected":false},"author":1,"featured_media":0,"comment_status":"open","ping_status":"open","sticky":false,"template":"","format":"standard","meta":{"site-sidebar-layout":"default","site-content-layout":"","ast-site-content-layout":"","site-content-style":"default","site-sidebar-style":"default","ast-global-header-display":"","ast-banner-title-visibility":"","ast-main-header-display":"","ast-hfb-above-header-display":"","ast-hfb-below-header-display":"","ast-hfb-mobile-header-display":"","site-post-title":"","ast-breadcrumbs-content":"","ast-featured-img":"","footer-sml-layout":"","theme-transparent-header-meta":"","adv-header-id-meta":"","stick-header-meta":"","header-above-stick-meta":"","header-main-stick-meta":"","header-below-stick-meta":"","astra-migrate-meta-layouts":"default","ast-page-background-enabled":"default","ast-page-background-meta":{"desktop":{"background-color":"var(--ast-global-color-4)","background-image":"","background-repeat":"repeat","background-position":"center center","background-size":"auto","background-attachment":"scroll","background-type":"","background-media":"","overlay-type":"","overlay-color":"","overlay-gradient":""},"tablet":{"background-color":"","background-image":"","background-repeat":"repeat","background-position":"center center","background-size":"auto","background-attachment":"scroll","background-type":"","background-media":"","overlay-type":"","overlay-color":"","overlay-gradient":""},"mobile":{"background-color":"","background-image":"","background-repeat":"repeat","background-position":"center center","background-size":"auto","background-attachment":"scroll","background-type":"","background-media":"","overlay-type":"","overlay-color":"","overlay-gradient":""}},"ast-content-background-meta":{"desktop":{"background-color":"var(--ast-global-color-5)","background-image":"","background-repeat":"repeat","background-position":"center center","background-size":"auto","background-attachment":"scroll","background-type":"","background-media":"","overlay-type":"","overlay-color":"","overlay-gradient":""},"tablet":{"background-color":"var(--ast-global-color-5)","background-image":"","background-repeat":"repeat","background-position":"center center","background-size":"auto","background-attachment":"scroll","background-type":"","background-media":"","overlay-type":"","overlay-color":"","overlay-gradient":""},"mobile":{"background-color":"var(--ast-global-color-5)","background-image":"","background-repeat":"repeat","background-position":"center center","background-size":"auto","background-attachment":"scroll","background-type":"","background-media":"","overlay-type":"","overlay-color":"","overlay-gradient":""}},"footnotes":""},"categories":[12564,1745,311,17749,1111],"tags":[226029,226027,28077,226028,16362,118545],"class_list":["post-113913","post","type-post","status-publish","format-standard","hentry","category-diseno-arquitectonico","category-historia-de-la-arquitectura","category-historia-de-la-educacion","category-navarra","category-teoria-analisis-y-critica-de-las-bellas-artes","tag-alberto-grijalba-bengoechea","tag-isabel-maria-dura-gurpide","tag-javier-cenicacelaya-marijuan","tag-jose-ramon-garitaonaindia-de-vera","tag-juan-miguel-ochotorena-elizegui","tag-miguel-angel-alonso-del-val"],"_links":{"self":[{"href":"https:\/\/www.deberes.net\/tesis\/wp-json\/wp\/v2\/posts\/113913","targetHints":{"allow":["GET"]}}],"collection":[{"href":"https:\/\/www.deberes.net\/tesis\/wp-json\/wp\/v2\/posts"}],"about":[{"href":"https:\/\/www.deberes.net\/tesis\/wp-json\/wp\/v2\/types\/post"}],"author":[{"embeddable":true,"href":"https:\/\/www.deberes.net\/tesis\/wp-json\/wp\/v2\/users\/1"}],"replies":[{"embeddable":true,"href":"https:\/\/www.deberes.net\/tesis\/wp-json\/wp\/v2\/comments?post=113913"}],"version-history":[{"count":0,"href":"https:\/\/www.deberes.net\/tesis\/wp-json\/wp\/v2\/posts\/113913\/revisions"}],"wp:attachment":[{"href":"https:\/\/www.deberes.net\/tesis\/wp-json\/wp\/v2\/media?parent=113913"}],"wp:term":[{"taxonomy":"category","embeddable":true,"href":"https:\/\/www.deberes.net\/tesis\/wp-json\/wp\/v2\/categories?post=113913"},{"taxonomy":"post_tag","embeddable":true,"href":"https:\/\/www.deberes.net\/tesis\/wp-json\/wp\/v2\/tags?post=113913"}],"curies":[{"name":"wp","href":"https:\/\/api.w.org\/{rel}","templated":true}]}}