{"id":113977,"date":"2018-03-11T10:41:43","date_gmt":"2018-03-11T10:41:43","guid":{"rendered":"https:\/\/www.deberes.net\/tesis\/sin-categoria\/las-fundaciones-arta%c2%adsticas-de-don-francisco-de-gamarra-obispo-de-avila-un-modelico-conjunto-barroco-en-gamarra-mayor-alava\/"},"modified":"2018-03-11T10:41:43","modified_gmt":"2018-03-11T10:41:43","slug":"las-fundaciones-arta%c2%adsticas-de-don-francisco-de-gamarra-obispo-de-avila-un-modelico-conjunto-barroco-en-gamarra-mayor-alava","status":"publish","type":"post","link":"https:\/\/www.deberes.net\/tesis\/historia\/las-fundaciones-arta%c2%adsticas-de-don-francisco-de-gamarra-obispo-de-avila-un-modelico-conjunto-barroco-en-gamarra-mayor-alava\/","title":{"rendered":"Las fundaciones art\u00edsticas de don francisco de gamarra, obispo de \u00e1vila. un mod\u00e9lico conjunto barroco en gamarra mayor (\u00e1lava)"},"content":{"rendered":"<h2>Tesis doctoral de <strong> Rosalia Holgueras Arranz <\/strong><\/h2>\n<p>Las fundaciones art\u00edsticas de don francisco de gamarra, obispo de \u00e1vila. Un mod\u00e9lico conjunto barroco en gamarra mayor (\u00e1lava).  resumen: el objetivo de esta tesis es conocer, y dar a conocer, la figura de don francisco de gamarra, obispo de \u00e1vila, e n su condici\u00f3n de fundador, mecenas y promotor art\u00edstico, as\u00ed como el legado que nos dej\u00f3 fruto de su munificencia. Hemos completado una biograf\u00eda in\u00e9dita de este ilustre alav\u00e9s, de cuna humilde pero de grandes aspiraciones que, tras pasar por salama nca para adquirir los conocimientos precisos en c\u00e1nones, se asent\u00f3 en la corte de felipe iii desde 1599; primero como capell\u00e1n y posteriormente como cura del real palacio, hasta que, en 1615, accedi\u00f3 a la di\u00f3cesis de cartagena y, en 1616, a la de \u00e1vi la, donde fue nombrado obispo, cargo que ostent\u00f3 hasta su fallecimiento en 1626. igualmente testimoniar como las formas del m\u00e1s puro estilo barroco clasicista desornamentado de finales del siglo xvi, surgidas en el entorno de la corte madrile\u00f1a y her edadas del real monasterio de san lorenzo de el escorial, se extienden por la geograf\u00eda espa\u00f1ola llegando a lugares tan rec\u00f3nditos como gamarra mayor, en la provincia de \u00e1lava. aunque vivi\u00f3 alejado de \u00e1lava, su lugar de origen estuvo muy presente en su memoria durante toda su vida, como lo demuestra el legado art\u00edstico que en \u00e9l mand\u00f3 construir. Un palacio torreado, como residencia, y una capilla funeraria en la que quer\u00eda descansar eternamente junto a sus mayores, a la que dot\u00f3 generosamente; e n el interior se conserva el bulto orante que representa su persona, en actitud de adoraci\u00f3n perpetua. Estas manifestaciones art\u00edsticas olvidadas, desconocidas y, en algunos casos, desaparecidas, han sido el eje principal de este trabajo de investiga ci\u00f3n.  palabras clave: francisco de gamarra, palacio torreado, capilla funeraria, bulto orante, retrato, andr\u00e9s l\u00f3pez, relicarios.<\/p>\n<p>&nbsp;<\/p>\n<h3>Datos acad\u00e9micos de la tesis doctoral \u00ab<strong>Las fundaciones art\u00edsticas de don francisco de gamarra, obispo de \u00e1vila. un mod\u00e9lico conjunto barroco en gamarra mayor (\u00e1lava)<\/strong>\u00ab<\/h3>\n<ul>\n<li><strong>T\u00edtulo de la tesis:<\/strong>\u00a0 Las fundaciones art\u00edsticas de don francisco de gamarra, obispo de \u00e1vila. un mod\u00e9lico conjunto barroco en gamarra mayor (\u00e1lava) <\/li>\n<li><strong>Autor:<\/strong>\u00a0 Rosalia Holgueras Arranz <\/li>\n<li><strong>Universidad:<\/strong>\u00a0 Complutense de Madrid<\/li>\n<li><strong>Fecha de lectura de la tesis:<\/strong>\u00a0 19\/03\/2013<\/li>\n<\/ul>\n<p>&nbsp;<\/p>\n<h3>Direcci\u00f3n y tribunal<\/h3>\n<ul>\n<li><strong>Director de la tesis<\/strong>\n<ul>\n<li>Jos\u00e9 Luis Guti\u00e9rrez Robledo<\/li>\n<\/ul>\n<\/li>\n<li><strong>Tribunal<\/strong>\n<ul>\n<li>Presidente del tribunal: Francisco jos\u00e9 Portela sandoval <\/li>\n<li>M\u00aa isabel Lopez fernandez (vocal)<\/li>\n<li>Jos\u00e9 Mar\u00eda Mart\u00ednez fr\u00edas (vocal)<\/li>\n<li>pedro Navascu\u00e9s palacio (vocal)<\/li>\n<\/ul>\n<\/li>\n<\/ul>\n<p>&nbsp;<\/p>\n","protected":false},"excerpt":{"rendered":"<p>Tesis doctoral de Rosalia Holgueras Arranz Las fundaciones art\u00edsticas de don francisco de gamarra, obispo de \u00e1vila. Un mod\u00e9lico conjunto [&hellip;]<\/p>\n","protected":false},"author":1,"featured_media":0,"comment_status":"open","ping_status":"open","sticky":false,"template":"","format":"standard","meta":{"site-sidebar-layout":"default","site-content-layout":"","ast-site-content-layout":"","site-content-style":"default","site-sidebar-style":"default","ast-global-header-display":"","ast-banner-title-visibility":"","ast-main-header-display":"","ast-hfb-above-header-display":"","ast-hfb-below-header-display":"","ast-hfb-mobile-header-display":"","site-post-title":"","ast-breadcrumbs-content":"","ast-featured-img":"","footer-sml-layout":"","theme-transparent-header-meta":"","adv-header-id-meta":"","stick-header-meta":"","header-above-stick-meta":"","header-main-stick-meta":"","header-below-stick-meta":"","astra-migrate-meta-layouts":"default","ast-page-background-enabled":"default","ast-page-background-meta":{"desktop":{"background-color":"var(--ast-global-color-4)","background-image":"","background-repeat":"repeat","background-position":"center center","background-size":"auto","background-attachment":"scroll","background-type":"","background-media":"","overlay-type":"","overlay-color":"","overlay-gradient":""},"tablet":{"background-color":"","background-image":"","background-repeat":"repeat","background-position":"center center","background-size":"auto","background-attachment":"scroll","background-type":"","background-media":"","overlay-type":"","overlay-color":"","overlay-gradient":""},"mobile":{"background-color":"","background-image":"","background-repeat":"repeat","background-position":"center center","background-size":"auto","background-attachment":"scroll","background-type":"","background-media":"","overlay-type":"","overlay-color":"","overlay-gradient":""}},"ast-content-background-meta":{"desktop":{"background-color":"var(--ast-global-color-5)","background-image":"","background-repeat":"repeat","background-position":"center center","background-size":"auto","background-attachment":"scroll","background-type":"","background-media":"","overlay-type":"","overlay-color":"","overlay-gradient":""},"tablet":{"background-color":"var(--ast-global-color-5)","background-image":"","background-repeat":"repeat","background-position":"center center","background-size":"auto","background-attachment":"scroll","background-type":"","background-media":"","overlay-type":"","overlay-color":"","overlay-gradient":""},"mobile":{"background-color":"var(--ast-global-color-5)","background-image":"","background-repeat":"repeat","background-position":"center center","background-size":"auto","background-attachment":"scroll","background-type":"","background-media":"","overlay-type":"","overlay-color":"","overlay-gradient":""}},"footnotes":""},"categories":[986,104],"tags":[5884,5825,25766,226124,12905,226123],"class_list":["post-113977","post","type-post","status-publish","format-standard","hentry","category-complutense-de-madrid","category-historia","tag-francisco-jose-portela-sandoval","tag-jose-luis-gutierrez-robledo","tag-jose-maria-Martinez-frias","tag-ma-isabel-lopez-fernandez","tag-pedro-navascues-palacio","tag-rosalia-holgueras-arranz"],"_links":{"self":[{"href":"https:\/\/www.deberes.net\/tesis\/wp-json\/wp\/v2\/posts\/113977","targetHints":{"allow":["GET"]}}],"collection":[{"href":"https:\/\/www.deberes.net\/tesis\/wp-json\/wp\/v2\/posts"}],"about":[{"href":"https:\/\/www.deberes.net\/tesis\/wp-json\/wp\/v2\/types\/post"}],"author":[{"embeddable":true,"href":"https:\/\/www.deberes.net\/tesis\/wp-json\/wp\/v2\/users\/1"}],"replies":[{"embeddable":true,"href":"https:\/\/www.deberes.net\/tesis\/wp-json\/wp\/v2\/comments?post=113977"}],"version-history":[{"count":0,"href":"https:\/\/www.deberes.net\/tesis\/wp-json\/wp\/v2\/posts\/113977\/revisions"}],"wp:attachment":[{"href":"https:\/\/www.deberes.net\/tesis\/wp-json\/wp\/v2\/media?parent=113977"}],"wp:term":[{"taxonomy":"category","embeddable":true,"href":"https:\/\/www.deberes.net\/tesis\/wp-json\/wp\/v2\/categories?post=113977"},{"taxonomy":"post_tag","embeddable":true,"href":"https:\/\/www.deberes.net\/tesis\/wp-json\/wp\/v2\/tags?post=113977"}],"curies":[{"name":"wp","href":"https:\/\/api.w.org\/{rel}","templated":true}]}}