{"id":114022,"date":"2013-05-04T00:00:00","date_gmt":"2013-05-04T00:00:00","guid":{"rendered":"https:\/\/www.deberes.net\/tesis\/sin-categoria\/relacion-entre-genero-y-salud-en-los-profesionales-de-enfermeria\/"},"modified":"2013-05-04T00:00:00","modified_gmt":"2013-05-04T00:00:00","slug":"relacion-entre-genero-y-salud-en-los-profesionales-de-enfermeria","status":"publish","type":"post","link":"https:\/\/www.deberes.net\/tesis\/psicologia\/relacion-entre-genero-y-salud-en-los-profesionales-de-enfermeria\/","title":{"rendered":"Relaci\u00f3n entre g\u00e9nero y salud en los profesionales de enfermer\u00eda."},"content":{"rendered":"<h2>Tesis doctoral de <strong> Ana Isabel Saavedra San Roman <\/strong><\/h2>\n<p>T\u00edtulo: relaci\u00f3n entre g\u00e9nero y salud en los profesionales de enfermer\u00eda autora: ana isabel saavedra san rom\u00e1n. Enfermera especialista en obstetricia y ginecolog\u00eda (matrona). resumen: introducci\u00f3n. La enfermer\u00eda es una profesi\u00f3n joven pero con una la rga evoluci\u00f3n hist\u00f3rica, desde los inicios de la humanidad siempre han existidos personas dedicadas al cuidado de los dem\u00e1s, y este cuidado ha reca\u00eddo tradicionalmente en la mujer.  La enfermer\u00eda es la segunda profesi\u00f3n m\u00e1s feminizada en espa\u00f1a, con un 84  de mujeres y un 16  de hombres en su formaci\u00f3n. Con esta idiosincrasia tan caracter\u00edstica, se plantea el an\u00e1lisis de los roles de g\u00e9nero en las enfermeras y enfermeros y su relaci\u00f3n con las diferentes variables de salud f\u00edsica, mental y estilo s de vida, en cuidadores profesionales, desde una perspectiva biopsicosocial, dentro del modelo te\u00f3rico transaccional de salud propuesto por bruchon-sweitzer (2002).  m\u00e9todo. Participaron 196 profesionales de la enfermer\u00eda, 98 enfermeras y 98 enferme ros. La media de edad es 32.45 a\u00f1os (dt= 16.84).  Las enfermeras fueron seleccionadas en funci\u00f3n de las variables sociodemogr\u00e1ficas y laborales que obtuvieron sus compa\u00f1eros, de forma que ambas muestras son homog\u00e9neas en edad, estado civil, cargas fa miliares, servicio de trabajo y realizaci\u00f3n de turnos nocturnos. Los participantes completaron los siguientes instrumentos: datos sociodemogr\u00e1ficos, laborales, cuestionarios de salud f\u00edsica, salud mental (ghq-12), estr\u00e9s y satisfacci\u00f3n laboral, estil os de vida, g\u00e9nero (cmni y cfni, respectivamente) y matutinidad\/vespertinidad (cs), adem\u00e1s de la medida de los niveles de cortisol en plasma a las 8:00 y 20:00 horas de un d\u00eda. Tambi\u00e9n se proporcion\u00f3 un consentimiento informado de la investigaci\u00f3n y de las posibles complicaciones de la t\u00e9cnica de extracci\u00f3n de sangre. En toda la investigaci\u00f3n se asegura la confidencialidad de los datos.  resultados. Las enfermeras obtienen mayores puntuaciones en coherencia con el rol tradicional femenino que la s mujeres de la poblaci\u00f3n general espa\u00f1ola y, los enfermeros menores puntuaciones en coherencia con el rol tradicional masculino que los hombres de la poblaci\u00f3n general espa\u00f1ola. Las enfermeras con mayor coherencia con rol tradicional femenino presen tan de forma estad\u00edsticamente significativa, peores puntuaciones en salud autopercibida, mayor n\u00famero de problemas m\u00e9dicos, mayor n\u00famero de consultas m\u00e9dicas, mayor n\u00famero en el consumo de f\u00e1rmacos, peores puntuaciones en  salud mental, mayores \u00edndic<\/p>\n<p>&nbsp;<\/p>\n<h3>Datos acad\u00e9micos de la tesis doctoral \u00ab<strong>Relaci\u00f3n entre g\u00e9nero y salud en los profesionales de enfermer\u00eda.<\/strong>\u00ab<\/h3>\n<ul>\n<li><strong>T\u00edtulo de la tesis:<\/strong>\u00a0 Relaci\u00f3n entre g\u00e9nero y salud en los profesionales de enfermer\u00eda. <\/li>\n<li><strong>Autor:<\/strong>\u00a0 Ana Isabel Saavedra San Roman <\/li>\n<li><strong>Universidad:<\/strong>\u00a0 Complutense de Madrid<\/li>\n<li><strong>Fecha de lectura de la tesis:<\/strong>\u00a0 05\/04\/2013<\/li>\n<\/ul>\n<p>&nbsp;<\/p>\n<h3>Direcci\u00f3n y tribunal<\/h3>\n<ul>\n<li><strong>Director de la tesis<\/strong>\n<ul>\n<li>Virginia Dresch<\/li>\n<\/ul>\n<\/li>\n<li><strong>Tribunal<\/strong>\n<ul>\n<li>Presidente del tribunal: m. esperanza Ray\u00f3n valpuesta <\/li>\n<li>purificaci\u00f3n Gonz\u00e1lez villanueva (vocal)<\/li>\n<li>rosa Patr\u00f3 hern\u00e1ndez (vocal)<\/li>\n<li>margarita Ortiz tallo alarcon (vocal)<\/li>\n<\/ul>\n<\/li>\n<\/ul>\n<p>&nbsp;<\/p>\n","protected":false},"excerpt":{"rendered":"<p>Tesis doctoral de Ana Isabel Saavedra San Roman T\u00edtulo: relaci\u00f3n entre g\u00e9nero y salud en los profesionales de enfermer\u00eda autora: [&hellip;]<\/p>\n","protected":false},"author":1,"featured_media":0,"comment_status":"open","ping_status":"open","sticky":false,"template":"","format":"standard","meta":{"site-sidebar-layout":"default","site-content-layout":"","ast-site-content-layout":"","site-content-style":"default","site-sidebar-style":"default","ast-global-header-display":"","ast-banner-title-visibility":"","ast-main-header-display":"","ast-hfb-above-header-display":"","ast-hfb-below-header-display":"","ast-hfb-mobile-header-display":"","site-post-title":"","ast-breadcrumbs-content":"","ast-featured-img":"","footer-sml-layout":"","theme-transparent-header-meta":"","adv-header-id-meta":"","stick-header-meta":"","header-above-stick-meta":"","header-main-stick-meta":"","header-below-stick-meta":"","astra-migrate-meta-layouts":"default","ast-page-background-enabled":"default","ast-page-background-meta":{"desktop":{"background-color":"var(--ast-global-color-4)","background-image":"","background-repeat":"repeat","background-position":"center center","background-size":"auto","background-attachment":"scroll","background-type":"","background-media":"","overlay-type":"","overlay-color":"","overlay-gradient":""},"tablet":{"background-color":"","background-image":"","background-repeat":"repeat","background-position":"center center","background-size":"auto","background-attachment":"scroll","background-type":"","background-media":"","overlay-type":"","overlay-color":"","overlay-gradient":""},"mobile":{"background-color":"","background-image":"","background-repeat":"repeat","background-position":"center center","background-size":"auto","background-attachment":"scroll","background-type":"","background-media":"","overlay-type":"","overlay-color":"","overlay-gradient":""}},"ast-content-background-meta":{"desktop":{"background-color":"var(--ast-global-color-5)","background-image":"","background-repeat":"repeat","background-position":"center center","background-size":"auto","background-attachment":"scroll","background-type":"","background-media":"","overlay-type":"","overlay-color":"","overlay-gradient":""},"tablet":{"background-color":"var(--ast-global-color-5)","background-image":"","background-repeat":"repeat","background-position":"center center","background-size":"auto","background-attachment":"scroll","background-type":"","background-media":"","overlay-type":"","overlay-color":"","overlay-gradient":""},"mobile":{"background-color":"var(--ast-global-color-5)","background-image":"","background-repeat":"repeat","background-position":"center center","background-size":"auto","background-attachment":"scroll","background-type":"","background-media":"","overlay-type":"","overlay-color":"","overlay-gradient":""}},"footnotes":""},"categories":[986,324],"tags":[226205,120941,207423,147648,123933,123549],"class_list":["post-114022","post","type-post","status-publish","format-standard","hentry","category-complutense-de-madrid","category-psicologia","tag-ana-isabel-saavedra-san-roman","tag-m-esperanza-rayon-valpuesta","tag-margarita-ortiz-tallo-alarcon","tag-purificacion-gonzalez-villanueva","tag-rosa-patro-hernandez","tag-virginia-dresch"],"_links":{"self":[{"href":"https:\/\/www.deberes.net\/tesis\/wp-json\/wp\/v2\/posts\/114022","targetHints":{"allow":["GET"]}}],"collection":[{"href":"https:\/\/www.deberes.net\/tesis\/wp-json\/wp\/v2\/posts"}],"about":[{"href":"https:\/\/www.deberes.net\/tesis\/wp-json\/wp\/v2\/types\/post"}],"author":[{"embeddable":true,"href":"https:\/\/www.deberes.net\/tesis\/wp-json\/wp\/v2\/users\/1"}],"replies":[{"embeddable":true,"href":"https:\/\/www.deberes.net\/tesis\/wp-json\/wp\/v2\/comments?post=114022"}],"version-history":[{"count":0,"href":"https:\/\/www.deberes.net\/tesis\/wp-json\/wp\/v2\/posts\/114022\/revisions"}],"wp:attachment":[{"href":"https:\/\/www.deberes.net\/tesis\/wp-json\/wp\/v2\/media?parent=114022"}],"wp:term":[{"taxonomy":"category","embeddable":true,"href":"https:\/\/www.deberes.net\/tesis\/wp-json\/wp\/v2\/categories?post=114022"},{"taxonomy":"post_tag","embeddable":true,"href":"https:\/\/www.deberes.net\/tesis\/wp-json\/wp\/v2\/tags?post=114022"}],"curies":[{"name":"wp","href":"https:\/\/api.w.org\/{rel}","templated":true}]}}