{"id":114040,"date":"2013-09-04T00:00:00","date_gmt":"2013-09-04T00:00:00","guid":{"rendered":"https:\/\/www.deberes.net\/tesis\/sin-categoria\/poesa%c2%ada-concreta-recepcion-de-una-vanguardia-brasilena-en-espana\/"},"modified":"2013-09-04T00:00:00","modified_gmt":"2013-09-04T00:00:00","slug":"poesa%c2%ada-concreta-recepcion-de-una-vanguardia-brasilena-en-espana","status":"publish","type":"post","link":"https:\/\/www.deberes.net\/tesis\/complutense-de-madrid\/poesa%c2%ada-concreta-recepcion-de-una-vanguardia-brasilena-en-espana\/","title":{"rendered":"Poes\u00edaconcreta : recepci\u00f3n de una vanguardia brasile\u00f1a en espa\u00f1a."},"content":{"rendered":"<h2>Tesis doctoral de <strong> Sergio Massucci Calderaro <\/strong><\/h2>\n<p>Este trabajo es una investigaci\u00f3n acerca de las condiciones de la recepci\u00f3n de las obras y conceptos del movimiento de la poes\u00eda concreta brasile\u00f1a en espa\u00f1a en la d\u00e9cada de los 60 del pasado siglo, as\u00ed como de sus efectos en la literatura espa\u00f1ola a partir de ese momento. Para ello, utiliza como base te\u00f3rica los preceptos de la teor\u00eda de la recepci\u00f3n de la literatura de la escuela de constanza y de la teor\u00eda del efecto est\u00e9tico, poniendo de relieve conceptos desarrollados por investigadores co mo hans robert jauss y wolfgang iser, entre otros. La tesis presenta detalladamente las propuestas de la poes\u00eda concreta brasile\u00f1a nacida en s\u00ed\u00a3o paulo en los a\u00f1os 50, con la inclusi\u00f3n de ejemplos comentados. Luego, investiga a trav\u00e9s de qu\u00e9 medios d e difusi\u00f3n lleg\u00f3 dicho movimiento po\u00e9tico a espa\u00f1a, proyectando su llegada en el panorama social-art\u00edstico-literario espa\u00f1ol de la \u00e9poca, que ha sido cuidadosamente rescatado y analizado por el autor. A partir de ah\u00ed, trata de investigar los posible s efectos de esa recepci\u00f3n en la literatura espa\u00f1ola, en un momento hist\u00f3rico en que el canon literario en espa\u00f1a sufrir\u00eda cambios irreversibles. La tesis cierra con una encuesta ofrecida a algunos conocidos receptores de la poes\u00eda concreta brasile\u00f1a<\/p>\n<p>&nbsp;<\/p>\n<h3>Datos acad\u00e9micos de la tesis doctoral \u00ab<strong>Poes\u00edaconcreta : recepci\u00f3n de una vanguardia brasile\u00f1a en espa\u00f1a.<\/strong>\u00ab<\/h3>\n<ul>\n<li><strong>T\u00edtulo de la tesis:<\/strong>\u00a0 Poes\u00edaconcreta : recepci\u00f3n de una vanguardia brasile\u00f1a en espa\u00f1a. <\/li>\n<li><strong>Autor:<\/strong>\u00a0 Sergio Massucci Calderaro <\/li>\n<li><strong>Universidad:<\/strong>\u00a0 Complutense de Madrid<\/li>\n<li><strong>Fecha de lectura de la tesis:<\/strong>\u00a0 09\/04\/2013<\/li>\n<\/ul>\n<p>&nbsp;<\/p>\n<h3>Direcci\u00f3n y tribunal<\/h3>\n<ul>\n<li><strong>Director de la tesis<\/strong>\n<ul>\n<li>Antonio Ubach Medina<\/li>\n<\/ul>\n<\/li>\n<li><strong>Tribunal<\/strong>\n<ul>\n<li>Presidente del tribunal: Mar\u00eda  josefa Alonso seoane <\/li>\n<li>paloma Fanconi villar (vocal)<\/li>\n<li>Ana Mar\u00eda Calvo revilla (vocal)<\/li>\n<li>Francisco Javier Frias conde (vocal)<\/li>\n<\/ul>\n<\/li>\n<\/ul>\n<p>&nbsp;<\/p>\n","protected":false},"excerpt":{"rendered":"<p>Tesis doctoral de Sergio Massucci Calderaro Este trabajo es una investigaci\u00f3n acerca de las condiciones de la recepci\u00f3n de las [&hellip;]<\/p>\n","protected":false},"author":1,"featured_media":0,"comment_status":"open","ping_status":"open","sticky":false,"template":"","format":"standard","meta":{"site-sidebar-layout":"default","site-content-layout":"","ast-site-content-layout":"","site-content-style":"default","site-sidebar-style":"default","ast-global-header-display":"","ast-banner-title-visibility":"","ast-main-header-display":"","ast-hfb-above-header-display":"","ast-hfb-below-header-display":"","ast-hfb-mobile-header-display":"","site-post-title":"","ast-breadcrumbs-content":"","ast-featured-img":"","footer-sml-layout":"","theme-transparent-header-meta":"","adv-header-id-meta":"","stick-header-meta":"","header-above-stick-meta":"","header-main-stick-meta":"","header-below-stick-meta":"","astra-migrate-meta-layouts":"default","ast-page-background-enabled":"default","ast-page-background-meta":{"desktop":{"background-color":"var(--ast-global-color-4)","background-image":"","background-repeat":"repeat","background-position":"center center","background-size":"auto","background-attachment":"scroll","background-type":"","background-media":"","overlay-type":"","overlay-color":"","overlay-gradient":""},"tablet":{"background-color":"","background-image":"","background-repeat":"repeat","background-position":"center center","background-size":"auto","background-attachment":"scroll","background-type":"","background-media":"","overlay-type":"","overlay-color":"","overlay-gradient":""},"mobile":{"background-color":"","background-image":"","background-repeat":"repeat","background-position":"center center","background-size":"auto","background-attachment":"scroll","background-type":"","background-media":"","overlay-type":"","overlay-color":"","overlay-gradient":""}},"ast-content-background-meta":{"desktop":{"background-color":"var(--ast-global-color-5)","background-image":"","background-repeat":"repeat","background-position":"center center","background-size":"auto","background-attachment":"scroll","background-type":"","background-media":"","overlay-type":"","overlay-color":"","overlay-gradient":""},"tablet":{"background-color":"var(--ast-global-color-5)","background-image":"","background-repeat":"repeat","background-position":"center center","background-size":"auto","background-attachment":"scroll","background-type":"","background-media":"","overlay-type":"","overlay-color":"","overlay-gradient":""},"mobile":{"background-color":"var(--ast-global-color-5)","background-image":"","background-repeat":"repeat","background-position":"center center","background-size":"auto","background-attachment":"scroll","background-type":"","background-media":"","overlay-type":"","overlay-color":"","overlay-gradient":""}},"footnotes":""},"categories":[986,2965],"tags":[182940,84941,23241,215071,5710,226238],"class_list":["post-114040","post","type-post","status-publish","format-standard","hentry","category-complutense-de-madrid","category-estilo-y-estetica-literarios","tag-ana-maria-calvo-revilla","tag-antonio-ubach-medina","tag-francisco-javier-frias-conde","tag-maria-josefa-alonso-seoane","tag-paloma-fanconi-villar","tag-sergio-massucci-calderaro"],"_links":{"self":[{"href":"https:\/\/www.deberes.net\/tesis\/wp-json\/wp\/v2\/posts\/114040","targetHints":{"allow":["GET"]}}],"collection":[{"href":"https:\/\/www.deberes.net\/tesis\/wp-json\/wp\/v2\/posts"}],"about":[{"href":"https:\/\/www.deberes.net\/tesis\/wp-json\/wp\/v2\/types\/post"}],"author":[{"embeddable":true,"href":"https:\/\/www.deberes.net\/tesis\/wp-json\/wp\/v2\/users\/1"}],"replies":[{"embeddable":true,"href":"https:\/\/www.deberes.net\/tesis\/wp-json\/wp\/v2\/comments?post=114040"}],"version-history":[{"count":0,"href":"https:\/\/www.deberes.net\/tesis\/wp-json\/wp\/v2\/posts\/114040\/revisions"}],"wp:attachment":[{"href":"https:\/\/www.deberes.net\/tesis\/wp-json\/wp\/v2\/media?parent=114040"}],"wp:term":[{"taxonomy":"category","embeddable":true,"href":"https:\/\/www.deberes.net\/tesis\/wp-json\/wp\/v2\/categories?post=114040"},{"taxonomy":"post_tag","embeddable":true,"href":"https:\/\/www.deberes.net\/tesis\/wp-json\/wp\/v2\/tags?post=114040"}],"curies":[{"name":"wp","href":"https:\/\/api.w.org\/{rel}","templated":true}]}}