{"id":114065,"date":"2018-03-11T10:41:54","date_gmt":"2018-03-11T10:41:54","guid":{"rendered":"https:\/\/www.deberes.net\/tesis\/sin-categoria\/la-europa-de-los-15-y-el-problema-regional\/"},"modified":"2018-03-11T10:41:54","modified_gmt":"2018-03-11T10:41:54","slug":"la-europa-de-los-15-y-el-problema-regional","status":"publish","type":"post","link":"https:\/\/www.deberes.net\/tesis\/historia-por-epocas\/la-europa-de-los-15-y-el-problema-regional\/","title":{"rendered":"La europa de los 15 y el problema regional"},"content":{"rendered":"<h2>Tesis doctoral de <strong> Cesar Antona Anton <\/strong><\/h2>\n<p>T\u00edtulo de la tesis doctoral.  La europa de los 15 y el problema regional. Autor: c\u00e9sar antona ant\u00f3n. Director, juan pablo fusi aizpur\u00faa. Centro: departamento de historia contempor\u00e1nea de la universidad complutense de Madrid. Palabras clave,  europa, in tegraci\u00f3n, estados y regionalizaci\u00f3n. Resumen, muchos fueron los actores y los factores que influyeron en el desarrollo del proceso de integraci\u00f3n europea desde la segunda mitad del pasado siglo xx. Organismos, instituciones, pa\u00edses, personajes, pol\u00ed ticas y dem\u00e1s tuvieron su importancia en la forma en que se desarrollaron los acontecimientos y el por qu\u00e9 de \u00e9stos. De entre todos estos factores, los procesos de regionalizaci\u00f3n pol\u00edtico administrativa que se llevaron a cabo en los pa\u00edses miembros y el que desde las instituciones de la cee ue no s\u00f3lo se respaldara este proceso, sino que desarrollara una pol\u00edtica regional propia, con el desarrollo de los fondos estructurales, fueron elementos importantes que estuvieron relacionados con los obje tivos econ\u00f3micos, pol\u00edticos y sociales que de car\u00e1cter general se marcaron los estados miembros y las instituciones de la cee ue. Este trabajo pretende relatar estos procesos. Tanto el c\u00f3mo y para qu\u00e9 se desarrollaron los procesos de regionalizaci\u00f3n<\/p>\n<p>&nbsp;<\/p>\n<h3>Datos acad\u00e9micos de la tesis doctoral \u00ab<strong>La europa de los 15 y el problema regional<\/strong>\u00ab<\/h3>\n<ul>\n<li><strong>T\u00edtulo de la tesis:<\/strong>\u00a0 La europa de los 15 y el problema regional <\/li>\n<li><strong>Autor:<\/strong>\u00a0 Cesar Antona Anton <\/li>\n<li><strong>Universidad:<\/strong>\u00a0 Complutense de Madrid<\/li>\n<li><strong>Fecha de lectura de la tesis:<\/strong>\u00a0 17\/04\/2013<\/li>\n<\/ul>\n<p>&nbsp;<\/p>\n<h3>Direcci\u00f3n y tribunal<\/h3>\n<ul>\n<li><strong>Director de la tesis<\/strong>\n<ul>\n<li>Juan  Pablo Fusi Aizpurua<\/li>\n<\/ul>\n<\/li>\n<li><strong>Tribunal<\/strong>\n<ul>\n<li>Presidente del tribunal: Juan  Carlos Pereira casta\u00f1ares <\/li>\n<li>pilar Folguera crespo (vocal)<\/li>\n<li>Luis Castells arteche (vocal)<\/li>\n<li>montserrat Huguet santos (vocal)<\/li>\n<\/ul>\n<\/li>\n<\/ul>\n<p>&nbsp;<\/p>\n","protected":false},"excerpt":{"rendered":"<p>Tesis doctoral de Cesar Antona Anton T\u00edtulo de la tesis doctoral. La europa de los 15 y el problema regional. [&hellip;]<\/p>\n","protected":false},"author":1,"featured_media":0,"comment_status":"open","ping_status":"open","sticky":false,"template":"","format":"standard","meta":{"site-sidebar-layout":"default","site-content-layout":"","ast-site-content-layout":"","site-content-style":"default","site-sidebar-style":"default","ast-global-header-display":"","ast-banner-title-visibility":"","ast-main-header-display":"","ast-hfb-above-header-display":"","ast-hfb-below-header-display":"","ast-hfb-mobile-header-display":"","site-post-title":"","ast-breadcrumbs-content":"","ast-featured-img":"","footer-sml-layout":"","theme-transparent-header-meta":"","adv-header-id-meta":"","stick-header-meta":"","header-above-stick-meta":"","header-main-stick-meta":"","header-below-stick-meta":"","astra-migrate-meta-layouts":"default","ast-page-background-enabled":"default","ast-page-background-meta":{"desktop":{"background-color":"var(--ast-global-color-4)","background-image":"","background-repeat":"repeat","background-position":"center center","background-size":"auto","background-attachment":"scroll","background-type":"","background-media":"","overlay-type":"","overlay-color":"","overlay-gradient":""},"tablet":{"background-color":"","background-image":"","background-repeat":"repeat","background-position":"center center","background-size":"auto","background-attachment":"scroll","background-type":"","background-media":"","overlay-type":"","overlay-color":"","overlay-gradient":""},"mobile":{"background-color":"","background-image":"","background-repeat":"repeat","background-position":"center center","background-size":"auto","background-attachment":"scroll","background-type":"","background-media":"","overlay-type":"","overlay-color":"","overlay-gradient":""}},"ast-content-background-meta":{"desktop":{"background-color":"var(--ast-global-color-5)","background-image":"","background-repeat":"repeat","background-position":"center center","background-size":"auto","background-attachment":"scroll","background-type":"","background-media":"","overlay-type":"","overlay-color":"","overlay-gradient":""},"tablet":{"background-color":"var(--ast-global-color-5)","background-image":"","background-repeat":"repeat","background-position":"center center","background-size":"auto","background-attachment":"scroll","background-type":"","background-media":"","overlay-type":"","overlay-color":"","overlay-gradient":""},"mobile":{"background-color":"var(--ast-global-color-5)","background-image":"","background-repeat":"repeat","background-position":"center center","background-size":"auto","background-attachment":"scroll","background-type":"","background-media":"","overlay-type":"","overlay-color":"","overlay-gradient":""}},"footnotes":""},"categories":[986,220],"tags":[226276,6905,6662,13361,84495,6392],"class_list":["post-114065","post","type-post","status-publish","format-standard","hentry","category-complutense-de-madrid","category-historia-por-epocas","tag-cesar-antona-anton","tag-juan-carlos-pereira-castanares","tag-juan-pablo-fusi-aizpurua","tag-luis-castells-arteche","tag-montserrat-huguet-santos","tag-pilar-folguera-crespo"],"_links":{"self":[{"href":"https:\/\/www.deberes.net\/tesis\/wp-json\/wp\/v2\/posts\/114065","targetHints":{"allow":["GET"]}}],"collection":[{"href":"https:\/\/www.deberes.net\/tesis\/wp-json\/wp\/v2\/posts"}],"about":[{"href":"https:\/\/www.deberes.net\/tesis\/wp-json\/wp\/v2\/types\/post"}],"author":[{"embeddable":true,"href":"https:\/\/www.deberes.net\/tesis\/wp-json\/wp\/v2\/users\/1"}],"replies":[{"embeddable":true,"href":"https:\/\/www.deberes.net\/tesis\/wp-json\/wp\/v2\/comments?post=114065"}],"version-history":[{"count":0,"href":"https:\/\/www.deberes.net\/tesis\/wp-json\/wp\/v2\/posts\/114065\/revisions"}],"wp:attachment":[{"href":"https:\/\/www.deberes.net\/tesis\/wp-json\/wp\/v2\/media?parent=114065"}],"wp:term":[{"taxonomy":"category","embeddable":true,"href":"https:\/\/www.deberes.net\/tesis\/wp-json\/wp\/v2\/categories?post=114065"},{"taxonomy":"post_tag","embeddable":true,"href":"https:\/\/www.deberes.net\/tesis\/wp-json\/wp\/v2\/tags?post=114065"}],"curies":[{"name":"wp","href":"https:\/\/api.w.org\/{rel}","templated":true}]}}