{"id":114086,"date":"2018-03-11T10:41:54","date_gmt":"2018-03-11T10:41:54","guid":{"rendered":"https:\/\/www.deberes.net\/tesis\/sin-categoria\/analisis-extrahospitalario-de-la-asistencia-a-la-parada-cardiorrespiratoria-por-las-unidades-de-soporte-vital-basico-de-la-comunidad-autonoma-del-paa%c2%ads-vasco\/"},"modified":"2018-03-11T10:41:54","modified_gmt":"2018-03-11T10:41:54","slug":"analisis-extrahospitalario-de-la-asistencia-a-la-parada-cardiorrespiratoria-por-las-unidades-de-soporte-vital-basico-de-la-comunidad-autonoma-del-paa%c2%ads-vasco","status":"publish","type":"post","link":"https:\/\/www.deberes.net\/tesis\/salud-publica\/analisis-extrahospitalario-de-la-asistencia-a-la-parada-cardiorrespiratoria-por-las-unidades-de-soporte-vital-basico-de-la-comunidad-autonoma-del-paa%c2%ads-vasco\/","title":{"rendered":"An\u00e1lisis extrahospitalario de la asistencia a la parada cardiorrespiratoria por las unidades de soporte vital b\u00e1sico de la comunidad aut\u00f3noma del pa\u00eds vasco"},"content":{"rendered":"<h2>Tesis doctoral de <strong> Sendoa Ballesteros Pe\u00f1a <\/strong><\/h2>\n<p>Objetivo principal: determinar las caracter\u00edsticas y factores asociados a la mortalidad de las paradas cardiorrespiratorias asistidas por unidades de soporte vital.Metodolog\u00eda: estudio observacional desarrollado entre 2009 y 2010, donde se han registrado datos procedentes de las paradas cardiorrespiratorias atendidas por los equipos de soporte vital b\u00e1sico del pa\u00eds vasco. Se han tomado como variables independientes las definidas en el estilo utstein y como variable efecto la mortalidad extrahospitalaria. Se ha realizado estudio descriptivo de las variables y c\u00e1lculo de la magnitud de asociaci\u00f3n evaluado mediante el c\u00e1lculo ajustado del riesgo relativo.Resultados: se atendieron 1.050 paradas. El 15,7% fueron reanimadas en situ. El 55,3% de las paradas fueron de etiolog\u00eda cardiol\u00f3gicas y el 71,4% acontecieron en el hogar. Se inici\u00f3 rcp antes de la llegada de la ambulaia en el 22,9% de los casos y el el 18,2% el ritmo de presentaci\u00f3n fue desfibrilable. Las variables asociadas a una menor mortalidad fueron: ritmo desfibrilable (rr=0,44; p=0,003); edad del paciente>65 a\u00f1os (rr=0,44; p=0,002); tiempo hasta el inicio de la rcp<8 minutos (rr=0,56; p=0,039) y pcr acontecida fuera del domicilio (rr=0,55; p=0,031).Conclusiones: la probabilidad de sobrevivir a una pcr es baja. En pocos casos se realiza rcp previa a la llegada de la ambulancia. Un ritmo el\u00e9ctrico desfibrilable, una edad inferior a 65 a\u00f1os, el inicio precoz de la rcp y la localizaci\u00f3n fuera del domicilio se asocian a una mayor supervivencia.\n\n\n\n&nbsp;\n\n\n<h3>Datos acad\u00e9micos de la tesis doctoral \u00ab<strong>An\u00e1lisis extrahospitalario de la asistencia a la parada cardiorrespiratoria por las unidades de soporte vital b\u00e1sico de la comunidad aut\u00f3noma del pa\u00eds vasco<\/strong>\u00ab<\/h3>\n<ul>\n<li><strong>T\u00edtulo de la tesis:<\/strong>\u00a0 An\u00e1lisis extrahospitalario de la asistencia a la parada cardiorrespiratoria por las unidades de soporte vital b\u00e1sico de la comunidad aut\u00f3noma del pa\u00eds vasco <\/li>\n<li><strong>Autor:<\/strong>\u00a0 Sendoa Ballesteros Pe\u00f1a <\/li>\n<li><strong>Universidad:<\/strong>\u00a0 Pa\u00eds vasco\/euskal herriko unibertsitatea<\/li>\n<li><strong>Fecha de lectura de la tesis:<\/strong>\u00a0 23\/04\/2013<\/li>\n<\/ul>\n<p>&nbsp;<\/p>\n<h3>Direcci\u00f3n y tribunal<\/h3>\n<ul>\n<li><strong>Director de la tesis<\/strong>\n<ul>\n<li>Luis Carlos Abecia Inchaurregui<\/li>\n<\/ul>\n<\/li>\n<li><strong>Tribunal<\/strong>\n<ul>\n<li>Presidente del tribunal: Juan  Jes\u00fas Gestal otero <\/li>\n<li>Jos\u00e9 lu\u00eds Alfonso s\u00e1nchez (vocal)<\/li>\n<li>Ana Almaraz g\u00f3mez (vocal)<\/li>\n<li>Carlos Aibar remon (vocal)<\/li>\n<\/ul>\n<\/li>\n<\/ul>\n<p>&nbsp;<\/p>\n","protected":false},"excerpt":{"rendered":"<p>Tesis doctoral de Sendoa Ballesteros Pe\u00f1a Objetivo principal: determinar las caracter\u00edsticas y factores asociados a la mortalidad de las paradas [&hellip;]<\/p>\n","protected":false},"author":1,"featured_media":0,"comment_status":"open","ping_status":"open","sticky":false,"template":"","format":"standard","meta":{"site-sidebar-layout":"default","site-content-layout":"","ast-site-content-layout":"","site-content-style":"default","site-sidebar-style":"default","ast-global-header-display":"","ast-banner-title-visibility":"","ast-main-header-display":"","ast-hfb-above-header-display":"","ast-hfb-below-header-display":"","ast-hfb-mobile-header-display":"","site-post-title":"","ast-breadcrumbs-content":"","ast-featured-img":"","footer-sml-layout":"","theme-transparent-header-meta":"","adv-header-id-meta":"","stick-header-meta":"","header-above-stick-meta":"","header-main-stick-meta":"","header-below-stick-meta":"","astra-migrate-meta-layouts":"default","ast-page-background-enabled":"default","ast-page-background-meta":{"desktop":{"background-color":"var(--ast-global-color-4)","background-image":"","background-repeat":"repeat","background-position":"center center","background-size":"auto","background-attachment":"scroll","background-type":"","background-media":"","overlay-type":"","overlay-color":"","overlay-gradient":""},"tablet":{"background-color":"","background-image":"","background-repeat":"repeat","background-position":"center center","background-size":"auto","background-attachment":"scroll","background-type":"","background-media":"","overlay-type":"","overlay-color":"","overlay-gradient":""},"mobile":{"background-color":"","background-image":"","background-repeat":"repeat","background-position":"center center","background-size":"auto","background-attachment":"scroll","background-type":"","background-media":"","overlay-type":"","overlay-color":"","overlay-gradient":""}},"ast-content-background-meta":{"desktop":{"background-color":"var(--ast-global-color-5)","background-image":"","background-repeat":"repeat","background-position":"center center","background-size":"auto","background-attachment":"scroll","background-type":"","background-media":"","overlay-type":"","overlay-color":"","overlay-gradient":""},"tablet":{"background-color":"var(--ast-global-color-5)","background-image":"","background-repeat":"repeat","background-position":"center center","background-size":"auto","background-attachment":"scroll","background-type":"","background-media":"","overlay-type":"","overlay-color":"","overlay-gradient":""},"mobile":{"background-color":"var(--ast-global-color-5)","background-image":"","background-repeat":"repeat","background-position":"center center","background-size":"auto","background-attachment":"scroll","background-type":"","background-media":"","overlay-type":"","overlay-color":"","overlay-gradient":""}},"footnotes":""},"categories":[1086,12909,967],"tags":[9992,19298,27395,2686,41246,226300],"class_list":["post-114086","post","type-post","status-publish","format-standard","hentry","category-epidemiologia","category-pais-vasco-euskal-herriko-unibertsitatea","category-salud-publica","tag-ana-almaraz-gomez","tag-carlos-aibar-remon","tag-jose-luis-alfonso-sanchez","tag-juan-jesus-gestal-otero","tag-luis-carlos-abecia-inchaurregui","tag-sendoa-ballesteros-pena"],"_links":{"self":[{"href":"https:\/\/www.deberes.net\/tesis\/wp-json\/wp\/v2\/posts\/114086","targetHints":{"allow":["GET"]}}],"collection":[{"href":"https:\/\/www.deberes.net\/tesis\/wp-json\/wp\/v2\/posts"}],"about":[{"href":"https:\/\/www.deberes.net\/tesis\/wp-json\/wp\/v2\/types\/post"}],"author":[{"embeddable":true,"href":"https:\/\/www.deberes.net\/tesis\/wp-json\/wp\/v2\/users\/1"}],"replies":[{"embeddable":true,"href":"https:\/\/www.deberes.net\/tesis\/wp-json\/wp\/v2\/comments?post=114086"}],"version-history":[{"count":0,"href":"https:\/\/www.deberes.net\/tesis\/wp-json\/wp\/v2\/posts\/114086\/revisions"}],"wp:attachment":[{"href":"https:\/\/www.deberes.net\/tesis\/wp-json\/wp\/v2\/media?parent=114086"}],"wp:term":[{"taxonomy":"category","embeddable":true,"href":"https:\/\/www.deberes.net\/tesis\/wp-json\/wp\/v2\/categories?post=114086"},{"taxonomy":"post_tag","embeddable":true,"href":"https:\/\/www.deberes.net\/tesis\/wp-json\/wp\/v2\/tags?post=114086"}],"curies":[{"name":"wp","href":"https:\/\/api.w.org\/{rel}","templated":true}]}}