{"id":114124,"date":"2013-05-05T00:00:00","date_gmt":"2013-05-05T00:00:00","guid":{"rendered":"https:\/\/www.deberes.net\/tesis\/sin-categoria\/caracterizaciones-angelicas-y-mesianicas-en-textos-y-contextos-de-qumran-prefiguraciones-del-imam-shia%c2%adta-como-hermeneuta-espiritual\/"},"modified":"2013-05-05T00:00:00","modified_gmt":"2013-05-05T00:00:00","slug":"caracterizaciones-angelicas-y-mesianicas-en-textos-y-contextos-de-qumran-prefiguraciones-del-imam-shia%c2%adta-como-hermeneuta-espiritual","status":"publish","type":"post","link":"https:\/\/www.deberes.net\/tesis\/complutense-de-madrid\/caracterizaciones-angelicas-y-mesianicas-en-textos-y-contextos-de-qumran-prefiguraciones-del-imam-shia%c2%adta-como-hermeneuta-espiritual\/","title":{"rendered":"Caracterizaciones ang\u00e9licas y mesi\u00e1nicas en textos y contextos de qumr\u00e1n: prefiguraciones del imam shi\u00edta como hermeneuta espiritual"},"content":{"rendered":"<h2>Tesis doctoral de <strong> Laura Navajas Espinal <\/strong><\/h2>\n<p>Esta tesis ha intentado ubicarse conceptualmente en el territorio de la filosof\u00eda de la fusi\u00f3n de horizontes de gadamer y heidegger, donde, para que la obra (literaria, filos\u00f3fica, art\u00edstica, humana) sea completa, el t\u00fa y yo separados han de unirse en un marco metahist\u00f3rico. Esta filosof\u00eda se ha adoptado en una aproximaci\u00f3n  a la producci\u00f3n y el pensamiento de dos comunidades religiosas diferentes (otras), el juda\u00edsmo de la comunidad de qumr\u00e1n y el chi\u00edsmo ismail\u00ed, donde el proceso de entender a dios, la humanidad y el mundo a trav\u00e9s de la ex\u00e9gesis tuvo una posici\u00f3n central, que, a su vez, llev\u00f3 a concepciones metahist\u00f3ricas.Esta exposici\u00f3n y aproximaci\u00f3n comparativa han resultado en una visi\u00f3n de qumr\u00e1n frente al pensamiento ismail\u00ed que confirman la presencia de una tendencia a conectar la hermen\u00e9utica con una concepci\u00f3n divino-ang\u00e9lica de la humanidad, que puede lograrse o recuperarse por distintas v\u00edas (como el ritual y la pureza) y que est\u00e1 \u00edntimamente relacionada con la definici\u00f3n de un \u00c2\u00bfespacio intermedio\u00c2\u00bf, encarnado en concepciones de templo y santuario (que se remontar\u00edan a la visi\u00f3n del templo del libro b\u00edblico de ezequiel) pero tambi\u00e9n en la concepci\u00f3n de un urzeit de perfecci\u00f3n ed\u00e9nica. Aunque diferentes en sus manifestaciones concretas, el pensamiento ismail\u00ed y el juda\u00edsmo de qumr\u00e1n aspiran a una trascendencia humana de orden c\u00f3smico que tiene un claro impacto en la capacidad de conocimiento (ex\u00e9gesis), al entenderlo como derivado de esta realidad primordial meta-hist\u00f3rica de perfecci\u00f3n, a la que va unido el esfuerzo de retornar a la misma.Esto es la esencia del misticismo y esta aproximaci\u00f3n espera abrir nuevas l\u00edneas de investigaci\u00f3n en la tipolog\u00eda y la continuidad de expresiones m\u00edsticas y relacionadas con la m\u00edstica. Por lo tanto busca lograr dentro del m\u00e9todo acad\u00e9mico la mencionada fusi\u00f3n o conexi\u00f3n de horizontes que, an\u00e1logamente, fue la intenci\u00f3n espiritual y filos\u00f3fica de estas comunidades del pasado.<\/p>\n<p>&nbsp;<\/p>\n<h3>Datos acad\u00e9micos de la tesis doctoral \u00ab<strong>Caracterizaciones ang\u00e9licas y mesi\u00e1nicas en textos y contextos de qumr\u00e1n: prefiguraciones del imam shi\u00edta como hermeneuta espiritual<\/strong>\u00ab<\/h3>\n<ul>\n<li><strong>T\u00edtulo de la tesis:<\/strong>\u00a0 Caracterizaciones ang\u00e9licas y mesi\u00e1nicas en textos y contextos de qumr\u00e1n: prefiguraciones del imam shi\u00edta como hermeneuta espiritual <\/li>\n<li><strong>Autor:<\/strong>\u00a0 Laura Navajas Espinal <\/li>\n<li><strong>Universidad:<\/strong>\u00a0 Complutense de Madrid<\/li>\n<li><strong>Fecha de lectura de la tesis:<\/strong>\u00a0 05\/05\/2013<\/li>\n<\/ul>\n<p>&nbsp;<\/p>\n<h3>Direcci\u00f3n y tribunal<\/h3>\n<ul>\n<li><strong>Director de la tesis<\/strong>\n<ul>\n<li>Andr\u00e9s Piquer Otero<\/li>\n<\/ul>\n<\/li>\n<li><strong>Tribunal<\/strong>\n<ul>\n<li>Presidente del tribunal: julio c\u00e9sar Trebolle barrera <\/li>\n<li>joan Ferrer costa (vocal)<\/li>\n<li>carmen Caballero navas (vocal)<\/li>\n<li>florentino Garc\u00eda mart\u00ednez (vocal)<\/li>\n<\/ul>\n<\/li>\n<\/ul>\n<p>&nbsp;<\/p>\n","protected":false},"excerpt":{"rendered":"<p>Tesis doctoral de Laura Navajas Espinal Esta tesis ha intentado ubicarse conceptualmente en el territorio de la filosof\u00eda de la [&hellip;]<\/p>\n","protected":false},"author":1,"featured_media":0,"comment_status":"open","ping_status":"open","sticky":false,"template":"","format":"standard","meta":{"site-sidebar-layout":"default","site-content-layout":"","ast-site-content-layout":"","site-content-style":"default","site-sidebar-style":"default","ast-global-header-display":"","ast-banner-title-visibility":"","ast-main-header-display":"","ast-hfb-above-header-display":"","ast-hfb-below-header-display":"","ast-hfb-mobile-header-display":"","site-post-title":"","ast-breadcrumbs-content":"","ast-featured-img":"","footer-sml-layout":"","theme-transparent-header-meta":"","adv-header-id-meta":"","stick-header-meta":"","header-above-stick-meta":"","header-main-stick-meta":"","header-below-stick-meta":"","astra-migrate-meta-layouts":"default","ast-page-background-enabled":"default","ast-page-background-meta":{"desktop":{"background-color":"var(--ast-global-color-4)","background-image":"","background-repeat":"repeat","background-position":"center center","background-size":"auto","background-attachment":"scroll","background-type":"","background-media":"","overlay-type":"","overlay-color":"","overlay-gradient":""},"tablet":{"background-color":"","background-image":"","background-repeat":"repeat","background-position":"center center","background-size":"auto","background-attachment":"scroll","background-type":"","background-media":"","overlay-type":"","overlay-color":"","overlay-gradient":""},"mobile":{"background-color":"","background-image":"","background-repeat":"repeat","background-position":"center center","background-size":"auto","background-attachment":"scroll","background-type":"","background-media":"","overlay-type":"","overlay-color":"","overlay-gradient":""}},"ast-content-background-meta":{"desktop":{"background-color":"var(--ast-global-color-5)","background-image":"","background-repeat":"repeat","background-position":"center center","background-size":"auto","background-attachment":"scroll","background-type":"","background-media":"","overlay-type":"","overlay-color":"","overlay-gradient":""},"tablet":{"background-color":"var(--ast-global-color-5)","background-image":"","background-repeat":"repeat","background-position":"center center","background-size":"auto","background-attachment":"scroll","background-type":"","background-media":"","overlay-type":"","overlay-color":"","overlay-gradient":""},"mobile":{"background-color":"var(--ast-global-color-5)","background-image":"","background-repeat":"repeat","background-position":"center center","background-size":"auto","background-attachment":"scroll","background-type":"","background-media":"","overlay-type":"","overlay-color":"","overlay-gradient":""}},"footnotes":""},"categories":[986,17785],"tags":[67799,73535,185253,73534,135769,226357],"class_list":["post-114124","post","type-post","status-publish","format-standard","hentry","category-complutense-de-madrid","category-religion","tag-andres-piquer-otero","tag-carmen-caballero-navas","tag-florentino-garcia-Martinez","tag-joan-ferrer-costa","tag-julio-cesar-trebolle-barrera","tag-laura-navajas-espinal"],"_links":{"self":[{"href":"https:\/\/www.deberes.net\/tesis\/wp-json\/wp\/v2\/posts\/114124","targetHints":{"allow":["GET"]}}],"collection":[{"href":"https:\/\/www.deberes.net\/tesis\/wp-json\/wp\/v2\/posts"}],"about":[{"href":"https:\/\/www.deberes.net\/tesis\/wp-json\/wp\/v2\/types\/post"}],"author":[{"embeddable":true,"href":"https:\/\/www.deberes.net\/tesis\/wp-json\/wp\/v2\/users\/1"}],"replies":[{"embeddable":true,"href":"https:\/\/www.deberes.net\/tesis\/wp-json\/wp\/v2\/comments?post=114124"}],"version-history":[{"count":0,"href":"https:\/\/www.deberes.net\/tesis\/wp-json\/wp\/v2\/posts\/114124\/revisions"}],"wp:attachment":[{"href":"https:\/\/www.deberes.net\/tesis\/wp-json\/wp\/v2\/media?parent=114124"}],"wp:term":[{"taxonomy":"category","embeddable":true,"href":"https:\/\/www.deberes.net\/tesis\/wp-json\/wp\/v2\/categories?post=114124"},{"taxonomy":"post_tag","embeddable":true,"href":"https:\/\/www.deberes.net\/tesis\/wp-json\/wp\/v2\/tags?post=114124"}],"curies":[{"name":"wp","href":"https:\/\/api.w.org\/{rel}","templated":true}]}}