{"id":114161,"date":"2018-03-11T10:41:59","date_gmt":"2018-03-11T10:41:59","guid":{"rendered":"https:\/\/www.deberes.net\/tesis\/sin-categoria\/impacto-de-la-guerra-civil-en-las-cartas-publicadas-en-la-prensa-de-murcia-comparativa-de-los-anos-1934-y-1938\/"},"modified":"2018-03-11T10:41:59","modified_gmt":"2018-03-11T10:41:59","slug":"impacto-de-la-guerra-civil-en-las-cartas-publicadas-en-la-prensa-de-murcia-comparativa-de-los-anos-1934-y-1938","status":"publish","type":"post","link":"https:\/\/www.deberes.net\/tesis\/comunicaciones-sociales\/impacto-de-la-guerra-civil-en-las-cartas-publicadas-en-la-prensa-de-murcia-comparativa-de-los-anos-1934-y-1938\/","title":{"rendered":"Impacto de la guerra civil en las cartas publicadas en la prensa de murcia: comparativa de los a\u00f1os 1934 y 1938"},"content":{"rendered":"<h2>Tesis doctoral de <strong> Juan  Alfonso Celestino Samper <\/strong><\/h2>\n<p>El estudio comparativo de las cartas de los lectores publicadas en la prensa de murcia en 1934 y 1938 revela que la guerra civil espa\u00f1ola transform\u00f3 radicalmente el perfil de los autores y los contenidos de los escritos remitidos por la ciudadan\u00eda a los medios de comunicaci\u00f3n de la \u00e9poca. La confrontaci\u00f3n b\u00e9lica registrada entre el 18 de julio de 1936 y el 1 de abril de 1939 en espa\u00f1a provoc\u00f3 que desapareciera de murcia toda la prensa conservadora existente en 1934 (la verdad, el tiempo y levante agrario) y aparecieran nuevos peri\u00f3dicos de izquierdas para apoyar al r\u00e9gimen republicano (unidad, nuestra lucha, confederaci\u00f3n y el liberal).La contienda b\u00e9lica propici\u00f3 que los peri\u00f3dicos de 1938 (en el ecuador de la guerra) publicaran un volumen mayor de cartas de lectores que en la prensa de 1934.Al mismo tiempo, la guerra civil alter\u00f3 el perfil de los autores de las cartas remitidas a la prensa de la \u00e9poca con respecto al per\u00edodo no b\u00e9lico (1934), hasta tal punto que durante 1938 se increment\u00f3 poderosamente el n\u00famero de firmas de mujeres, obligado por el alistamiento forzoso de la poblaci\u00f3n masculina, y a pesar del elevado analfabetismo que exist\u00eda entre la poblaci\u00f3n femenina.La funci\u00f3n comunicativa tradicional y convencional de las cartas de los lectores tambi\u00e9n se vio afectada por el desarrollo de la guerra. Si el contenido de las cartas publicadas en la prensa de murcia durante 1934 hizo mayor referencia a cuestiones urbanas, de consumo, educaci\u00f3n y de servicios, sin embargo, los escritos remitidos por los lectores a los peri\u00f3dicos de 1938 estuvieron muy politizados hasta el extremo de  que fueron utilizados como herramientas propagandistas para movilizar a la poblaci\u00f3n en la retaguardia y, al mismo tiempo, mantener elevada la moral de los combatientes en los diferentes frentes de guerra.Igualmente, se reconoce que un alto porcentaje de misivas editadas en la prensa durante la guerra civil tuvieron una misi\u00f3n humanitaria al lograr unir a familias separadas entre los diferentes frentes de guerra y la retaguardia situada en la ciudad de murcia, adem\u00e1s de servir para homenajear y elogiar a ciudadanos que destacaron por un servicio ejemplarizante a la comunidad.<\/p>\n<p>&nbsp;<\/p>\n<h3>Datos acad\u00e9micos de la tesis doctoral \u00ab<strong>Impacto de la guerra civil en las cartas publicadas en la prensa de murcia: comparativa de los a\u00f1os 1934 y 1938<\/strong>\u00ab<\/h3>\n<ul>\n<li><strong>T\u00edtulo de la tesis:<\/strong>\u00a0 Impacto de la guerra civil en las cartas publicadas en la prensa de murcia: comparativa de los a\u00f1os 1934 y 1938 <\/li>\n<li><strong>Autor:<\/strong>\u00a0 Juan  Alfonso Celestino Samper <\/li>\n<li><strong>Universidad:<\/strong>\u00a0 Pa\u00eds vasco\/euskal herriko unibertsitatea<\/li>\n<li><strong>Fecha de lectura de la tesis:<\/strong>\u00a0 15\/05\/2013<\/li>\n<\/ul>\n<p>&nbsp;<\/p>\n<h3>Direcci\u00f3n y tribunal<\/h3>\n<ul>\n<li><strong>Director de la tesis<\/strong>\n<ul>\n<li>Mar\u00eda  Josefa Bezunartea Valencia<\/li>\n<\/ul>\n<\/li>\n<li><strong>Tribunal<\/strong>\n<ul>\n<li>Presidente del tribunal: Jes\u00fas Canga larequi <\/li>\n<li>Emilio Fernandez pe\u00f1a (vocal)<\/li>\n<li>mercedes Del hoyo hurtado (vocal)<\/li>\n<li>concepci\u00f3n Edo bol\u00f3s (vocal)<\/li>\n<\/ul>\n<\/li>\n<\/ul>\n<p>&nbsp;<\/p>\n","protected":false},"excerpt":{"rendered":"<p>Tesis doctoral de Juan Alfonso Celestino Samper El estudio comparativo de las cartas de los lectores publicadas en la prensa [&hellip;]<\/p>\n","protected":false},"author":1,"featured_media":0,"comment_status":"open","ping_status":"open","sticky":false,"template":"","format":"standard","meta":{"site-sidebar-layout":"default","site-content-layout":"","ast-site-content-layout":"","site-content-style":"default","site-sidebar-style":"default","ast-global-header-display":"","ast-banner-title-visibility":"","ast-main-header-display":"","ast-hfb-above-header-display":"","ast-hfb-below-header-display":"","ast-hfb-mobile-header-display":"","site-post-title":"","ast-breadcrumbs-content":"","ast-featured-img":"","footer-sml-layout":"","theme-transparent-header-meta":"","adv-header-id-meta":"","stick-header-meta":"","header-above-stick-meta":"","header-main-stick-meta":"","header-below-stick-meta":"","astra-migrate-meta-layouts":"default","ast-page-background-enabled":"default","ast-page-background-meta":{"desktop":{"background-color":"var(--ast-global-color-4)","background-image":"","background-repeat":"repeat","background-position":"center center","background-size":"auto","background-attachment":"scroll","background-type":"","background-media":"","overlay-type":"","overlay-color":"","overlay-gradient":""},"tablet":{"background-color":"","background-image":"","background-repeat":"repeat","background-position":"center center","background-size":"auto","background-attachment":"scroll","background-type":"","background-media":"","overlay-type":"","overlay-color":"","overlay-gradient":""},"mobile":{"background-color":"","background-image":"","background-repeat":"repeat","background-position":"center center","background-size":"auto","background-attachment":"scroll","background-type":"","background-media":"","overlay-type":"","overlay-color":"","overlay-gradient":""}},"ast-content-background-meta":{"desktop":{"background-color":"var(--ast-global-color-5)","background-image":"","background-repeat":"repeat","background-position":"center center","background-size":"auto","background-attachment":"scroll","background-type":"","background-media":"","overlay-type":"","overlay-color":"","overlay-gradient":""},"tablet":{"background-color":"var(--ast-global-color-5)","background-image":"","background-repeat":"repeat","background-position":"center center","background-size":"auto","background-attachment":"scroll","background-type":"","background-media":"","overlay-type":"","overlay-color":"","overlay-gradient":""},"mobile":{"background-color":"var(--ast-global-color-5)","background-image":"","background-repeat":"repeat","background-position":"center center","background-size":"auto","background-attachment":"scroll","background-type":"","background-media":"","overlay-type":"","overlay-color":"","overlay-gradient":""}},"footnotes":""},"categories":[4735,12909],"tags":[5651,45480,28143,226419,69004,127062],"class_list":["post-114161","post","type-post","status-publish","format-standard","hentry","category-comunicaciones-sociales","category-pais-vasco-euskal-herriko-unibertsitatea","tag-concepcion-edo-bolos","tag-emilio-fernandez-pena","tag-jesus-canga-larequi","tag-juan-alfonso-celestino-samper","tag-maria-josefa-bezunartea-valencia","tag-mercedes-del-hoyo-hurtado"],"_links":{"self":[{"href":"https:\/\/www.deberes.net\/tesis\/wp-json\/wp\/v2\/posts\/114161","targetHints":{"allow":["GET"]}}],"collection":[{"href":"https:\/\/www.deberes.net\/tesis\/wp-json\/wp\/v2\/posts"}],"about":[{"href":"https:\/\/www.deberes.net\/tesis\/wp-json\/wp\/v2\/types\/post"}],"author":[{"embeddable":true,"href":"https:\/\/www.deberes.net\/tesis\/wp-json\/wp\/v2\/users\/1"}],"replies":[{"embeddable":true,"href":"https:\/\/www.deberes.net\/tesis\/wp-json\/wp\/v2\/comments?post=114161"}],"version-history":[{"count":0,"href":"https:\/\/www.deberes.net\/tesis\/wp-json\/wp\/v2\/posts\/114161\/revisions"}],"wp:attachment":[{"href":"https:\/\/www.deberes.net\/tesis\/wp-json\/wp\/v2\/media?parent=114161"}],"wp:term":[{"taxonomy":"category","embeddable":true,"href":"https:\/\/www.deberes.net\/tesis\/wp-json\/wp\/v2\/categories?post=114161"},{"taxonomy":"post_tag","embeddable":true,"href":"https:\/\/www.deberes.net\/tesis\/wp-json\/wp\/v2\/tags?post=114161"}],"curies":[{"name":"wp","href":"https:\/\/api.w.org\/{rel}","templated":true}]}}