{"id":114164,"date":"2018-03-11T10:42:05","date_gmt":"2018-03-11T10:42:05","guid":{"rendered":"https:\/\/www.deberes.net\/tesis\/sin-categoria\/arquitecturas-matericas\/"},"modified":"2018-03-11T10:42:05","modified_gmt":"2018-03-11T10:42:05","slug":"arquitecturas-matericas","status":"publish","type":"post","link":"https:\/\/www.deberes.net\/tesis\/arquitectura\/arquitecturas-matericas\/","title":{"rendered":"Arquitecturas mat\u00e9ricas"},"content":{"rendered":"<h2>Tesis doctoral de <strong> Juan  De Dios Trias De Bes Mingot <\/strong><\/h2>\n<p>La tesis doctoral se desarrolla en 5 partes: 1 introducci\u00f3n y formulaci\u00f3n de la cuesti\u00f3n de la tesis. 2 comprensi\u00f3n de la materia. 3 estudio y analisis de 7 obras escogidas de peter zumthor. 4 conclusiones. 5 epilogo. &#8211; en la 1a parte se expone la g\u00e9nesis de la interrogaci\u00f3n; el inter\u00e9s por comprender c\u00f3mo se proyecta con la materia como contraposici\u00f3n a una proliferaci\u00f3n de la arquitectura \u00abvisual\u00bb. En las denominadas \u00abarquitecturas mat\u00e9ricas\u00bb se manifiesta la presencia de la materia en el enunciado del proyecto; hecho que se atribuye al momento de la \u00abaproximaci\u00f3n intelectual\u00bb a la materia, que constituye el objetivo principal de la investigaci\u00f3n. &#8211; La 2\u00aa parte es una preparaci\u00f3n para el momento de la \u00abaproximaci\u00f3n\u00bb, para ello, se realiza una revisi\u00f3n sobre los campos de comprensi\u00f3n de la materia. Las premisas b\u00e1sicas parten de la aceptaci\u00f3n del car\u00e1cter estructural entre la materia y la forma. Desde esta consideraci\u00f3n , la investigaci\u00f3n se adentra en dos campos de referencia: el lenguaje y el espacio. El objetivo es refrendar la aplicaci\u00f3n de algunos conceptos del campo de la \u00abimaginaci\u00f3n po\u00e9tica\u00bb y de la semiolog\u00eda. Respecto al espacio, se exponen algunos principios b\u00e1sicos sobre los conceptos de \u00abtopos\u00bb, de los \u00abmodelos espaciales\u00bb y de los \u00absistemas de representaci\u00f3n\u00bb. Una vez expuestos los campos de referencia , se dedican 2 bloques a la materia en cuesti\u00f3n; el primero est\u00e1 dedicado a su conocimiento en si, y el segundo, a su valor a lo largo del pensamiento hist\u00f3rico. El primer bloque se articula en cuatro apartados cognoscitivos : \u00abfisica\u00bb, \u00abmorfolog\u00eda\u00bb. \u00abMetafisica\u00bb y\u00bbfenomenolog\u00eda\u00bb. En el segundo bloque se realiza un breve recorrido hist\u00f3rico de la consideraci\u00f3n de la materia en diferentes periodos de la historia de la arquitectura. &#8211; En la 3a parte se desarrolla el cuerpo de la investigaci\u00f3n . Las 7 obras escogidas de peter zumthor se abordan en tres bloques : los \u00abcubrimientos\u00bb (chur y museo de kolumba), las \u00abcapillas\u00bb (sant benedegt y bruder klaus). Y los \u00abdiafragmas\u00bb (haus luzi, vals y bregenz). Su agrupaci\u00f3n no corresponde estrictamente a un orden cronol\u00f3gico ni tematico, sino a la posibilidad de extraer reflexiones y conceptos en torno a sus planteamientos. Como s\u00edntesis para ilustrar estas relaciones, se puede resumir que en los \u00abcubrimientos\u00bb se explora la contribuci\u00f3n de la materia a la inaugurac\u00f3n de un \u00ablugar\u00bb; con las \u00abcapillas\u00bb, la investigaci\u00f3n se sumerge en la relaci\u00f3n entre la fenomenolog\u00eda yla materia, propiciado en gran parte por la trascendentalidad del encargo; finalmente, en el grupo de los \u00abdiafragmas\u00bb. Se ha trabajado en la relaci\u00f3n entre la materia y su \u00abpotencial topol\u00f3gico\u00bb. &#8211; La 4a parte recoge las conclusiones . La tesis demuestra que, de la misma manera que cuando nos aproximamos a un lugar lo hacemos bajo unos par\u00e1metros espacio-temporales, an\u00e1logamente, al aproximar-nos \u00abintelectualmente\u00bb a la materia, lo hacemos bajo otras categor\u00edas: la \u00abtopolog\u00eda\u00bb, la \u00abfenomenolog\u00eda\u00bb yla \u00abfisicidad\u00bb, se revelan como las \u00abcoordenadas de aproximaci\u00f3n a la materia\u00bb. Y en consecuencia, como conclusi\u00f3n \u00faltima de la tesis doctoral. As\u00ed, el t\u00edtulo \u00abarquitecturas mat\u00e9ricas\u00bb, indica las manifestaciones arquitect\u00f3nicas donde se revelan las conclusiones extra\u00eddas . &#8211; La 5a parte es un ep\u00edlogo del autor.<\/p>\n<p>&nbsp;<\/p>\n<h3>Datos acad\u00e9micos de la tesis doctoral \u00ab<strong>Arquitecturas mat\u00e9ricas<\/strong>\u00ab<\/h3>\n<ul>\n<li><strong>T\u00edtulo de la tesis:<\/strong>\u00a0 Arquitecturas mat\u00e9ricas <\/li>\n<li><strong>Autor:<\/strong>\u00a0 Juan  De Dios Trias De Bes Mingot <\/li>\n<li><strong>Universidad:<\/strong>\u00a0 Polit\u00e9cnica de catalunya<\/li>\n<li><strong>Fecha de lectura de la tesis:<\/strong>\u00a0 15\/05\/2013<\/li>\n<\/ul>\n<p>&nbsp;<\/p>\n<h3>Direcci\u00f3n y tribunal<\/h3>\n<ul>\n<li><strong>Director de la tesis<\/strong>\n<ul>\n<li>Jos\u00e9 Mar\u00eda Montaner Martorell<\/li>\n<\/ul>\n<\/li>\n<li><strong>Tribunal<\/strong>\n<ul>\n<li>Presidente del tribunal: Carlos Ferrater lambarri <\/li>\n<li>Carlos Jim\u00e9nez (vocal)<\/li>\n<li>  (vocal)<\/li>\n<li>  (vocal)<\/li>\n<\/ul>\n<\/li>\n<\/ul>\n<p>&nbsp;<\/p>\n","protected":false},"excerpt":{"rendered":"<p>Tesis doctoral de Juan De Dios Trias De Bes Mingot La tesis doctoral se desarrolla en 5 partes: 1 introducci\u00f3n [&hellip;]<\/p>\n","protected":false},"author":1,"featured_media":0,"comment_status":"open","ping_status":"open","sticky":false,"template":"","format":"standard","meta":{"site-sidebar-layout":"default","site-content-layout":"","ast-site-content-layout":"","site-content-style":"default","site-sidebar-style":"default","ast-global-header-display":"","ast-banner-title-visibility":"","ast-main-header-display":"","ast-hfb-above-header-display":"","ast-hfb-below-header-display":"","ast-hfb-mobile-header-display":"","site-post-title":"","ast-breadcrumbs-content":"","ast-featured-img":"","footer-sml-layout":"","theme-transparent-header-meta":"","adv-header-id-meta":"","stick-header-meta":"","header-above-stick-meta":"","header-main-stick-meta":"","header-below-stick-meta":"","astra-migrate-meta-layouts":"default","ast-page-background-enabled":"default","ast-page-background-meta":{"desktop":{"background-color":"var(--ast-global-color-4)","background-image":"","background-repeat":"repeat","background-position":"center center","background-size":"auto","background-attachment":"scroll","background-type":"","background-media":"","overlay-type":"","overlay-color":"","overlay-gradient":""},"tablet":{"background-color":"","background-image":"","background-repeat":"repeat","background-position":"center center","background-size":"auto","background-attachment":"scroll","background-type":"","background-media":"","overlay-type":"","overlay-color":"","overlay-gradient":""},"mobile":{"background-color":"","background-image":"","background-repeat":"repeat","background-position":"center center","background-size":"auto","background-attachment":"scroll","background-type":"","background-media":"","overlay-type":"","overlay-color":"","overlay-gradient":""}},"ast-content-background-meta":{"desktop":{"background-color":"var(--ast-global-color-5)","background-image":"","background-repeat":"repeat","background-position":"center center","background-size":"auto","background-attachment":"scroll","background-type":"","background-media":"","overlay-type":"","overlay-color":"","overlay-gradient":""},"tablet":{"background-color":"var(--ast-global-color-5)","background-image":"","background-repeat":"repeat","background-position":"center center","background-size":"auto","background-attachment":"scroll","background-type":"","background-media":"","overlay-type":"","overlay-color":"","overlay-gradient":""},"mobile":{"background-color":"var(--ast-global-color-5)","background-image":"","background-repeat":"repeat","background-position":"center center","background-size":"auto","background-attachment":"scroll","background-type":"","background-media":"","overlay-type":"","overlay-color":"","overlay-gradient":""}},"footnotes":""},"categories":[4509,12564,15596,17329],"tags":[15863,145371,15725,226423],"class_list":["post-114164","post","type-post","status-publish","format-standard","hentry","category-arquitectura","category-diseno-arquitectonico","category-politecnica-de-catalunya","category-teoria-sociologica","tag-carlos-ferrater-lambarri","tag-carlos-jimenez","tag-jose-maria-montaner-martorell","tag-juan-de-dios-trias-de-bes-mingot"],"_links":{"self":[{"href":"https:\/\/www.deberes.net\/tesis\/wp-json\/wp\/v2\/posts\/114164","targetHints":{"allow":["GET"]}}],"collection":[{"href":"https:\/\/www.deberes.net\/tesis\/wp-json\/wp\/v2\/posts"}],"about":[{"href":"https:\/\/www.deberes.net\/tesis\/wp-json\/wp\/v2\/types\/post"}],"author":[{"embeddable":true,"href":"https:\/\/www.deberes.net\/tesis\/wp-json\/wp\/v2\/users\/1"}],"replies":[{"embeddable":true,"href":"https:\/\/www.deberes.net\/tesis\/wp-json\/wp\/v2\/comments?post=114164"}],"version-history":[{"count":0,"href":"https:\/\/www.deberes.net\/tesis\/wp-json\/wp\/v2\/posts\/114164\/revisions"}],"wp:attachment":[{"href":"https:\/\/www.deberes.net\/tesis\/wp-json\/wp\/v2\/media?parent=114164"}],"wp:term":[{"taxonomy":"category","embeddable":true,"href":"https:\/\/www.deberes.net\/tesis\/wp-json\/wp\/v2\/categories?post=114164"},{"taxonomy":"post_tag","embeddable":true,"href":"https:\/\/www.deberes.net\/tesis\/wp-json\/wp\/v2\/tags?post=114164"}],"curies":[{"name":"wp","href":"https:\/\/api.w.org\/{rel}","templated":true}]}}