{"id":114166,"date":"2018-03-11T10:42:05","date_gmt":"2018-03-11T10:42:05","guid":{"rendered":"https:\/\/www.deberes.net\/tesis\/sin-categoria\/matar-purgar-sanar-la-represion-franquista-en-alava-1936-1945\/"},"modified":"2018-03-11T10:42:05","modified_gmt":"2018-03-11T10:42:05","slug":"matar-purgar-sanar-la-represion-franquista-en-alava-1936-1945","status":"publish","type":"post","link":"https:\/\/www.deberes.net\/tesis\/historia-contemporanea\/matar-purgar-sanar-la-represion-franquista-en-alava-1936-1945\/","title":{"rendered":"Matar, purgar, sanar. la represi\u00f3n franquista en \u00e1lava (1936-1945)"},"content":{"rendered":"<h2>Tesis doctoral de <strong> Javier G\u00f3mez Calvo <\/strong><\/h2>\n<p>La presente tesis aborda el amplio repertorio de represi\u00f3n franquista aplicado a la provincia de \u00e1lava. Un territorio que cae en su casi totalidad y desde el primer momento en poder de los alzados y que se ha caracterizado por su sociolog\u00eda conservadora, que contrasta con el control de las instituciones principales que han mantenido los republicanos durante toda la segunda rep\u00fablica y que presenta la circunstancia de contar con un nacionalismo vasco en auge.La represi\u00f3n de car\u00e1cter f\u00edsico con resultado de muerte es, comparativamente, reducida, igual que los procesos de depuraci\u00f3n, pero no as\u00ed los castigos econ\u00f3micos en forma de multas. A la vez, el n\u00facleo que mantiene la ideolog\u00eda localista reacciona frente a los excesos represivos y consigue despu\u00e9s de la guerra restituir una cierta reconciliaci\u00f3n comunitaria, a pesar de la continuidad represiva del r\u00e9gimen de dictadura y de la persecuci\u00f3n de una limitada oposici\u00f3n postb\u00e9lica. El estudio se plantea no tanto conocer m\u00e1s el hecho represivo -incorporar otro caso; ahora el alav\u00e9s- como conocer mejor sus mecanismos. En ese sentido, entre otros, repara en la singularidad y consecuencias a estos efectos de la presencia de un sector cat\u00f3lico y conservador, pero de diferente nacionalismo, y cuestiona las tesis \u00c2\u00bfexterministas\u00c2\u00bf tan en boga en parte de nuestra historiograf\u00eda sobre la guerra civil y el franquismo.<\/p>\n<p>&nbsp;<\/p>\n<h3>Datos acad\u00e9micos de la tesis doctoral \u00ab<strong>Matar, purgar, sanar. la represi\u00f3n franquista en \u00e1lava (1936-1945)<\/strong>\u00ab<\/h3>\n<ul>\n<li><strong>T\u00edtulo de la tesis:<\/strong>\u00a0 Matar, purgar, sanar. la represi\u00f3n franquista en \u00e1lava (1936-1945) <\/li>\n<li><strong>Autor:<\/strong>\u00a0 Javier G\u00f3mez Calvo <\/li>\n<li><strong>Universidad:<\/strong>\u00a0 Pa\u00eds vasco\/euskal herriko unibertsitatea<\/li>\n<li><strong>Fecha de lectura de la tesis:<\/strong>\u00a0 16\/05\/2013<\/li>\n<\/ul>\n<p>&nbsp;<\/p>\n<h3>Direcci\u00f3n y tribunal<\/h3>\n<ul>\n<li><strong>Director de la tesis<\/strong>\n<ul>\n<li>Antonio Rivera Blanco<\/li>\n<\/ul>\n<\/li>\n<li><strong>Tribunal<\/strong>\n<ul>\n<li>Presidente del tribunal: Juan  pablo Fusi aizpurua <\/li>\n<li>Fernando Rey reguillo (vocal)<\/li>\n<li>eduardo Gonzalez calleja (vocal)<\/li>\n<li>julius Ruiz (vocal)<\/li>\n<\/ul>\n<\/li>\n<\/ul>\n<p>&nbsp;<\/p>\n","protected":false},"excerpt":{"rendered":"<p>Tesis doctoral de Javier G\u00f3mez Calvo La presente tesis aborda el amplio repertorio de represi\u00f3n franquista aplicado a la provincia [&hellip;]<\/p>\n","protected":false},"author":1,"featured_media":0,"comment_status":"open","ping_status":"open","sticky":false,"template":"","format":"standard","meta":{"site-sidebar-layout":"default","site-content-layout":"","ast-site-content-layout":"","site-content-style":"default","site-sidebar-style":"default","ast-global-header-display":"","ast-banner-title-visibility":"","ast-main-header-display":"","ast-hfb-above-header-display":"","ast-hfb-below-header-display":"","ast-hfb-mobile-header-display":"","site-post-title":"","ast-breadcrumbs-content":"","ast-featured-img":"","footer-sml-layout":"","theme-transparent-header-meta":"","adv-header-id-meta":"","stick-header-meta":"","header-above-stick-meta":"","header-main-stick-meta":"","header-below-stick-meta":"","astra-migrate-meta-layouts":"default","ast-page-background-enabled":"default","ast-page-background-meta":{"desktop":{"background-color":"var(--ast-global-color-4)","background-image":"","background-repeat":"repeat","background-position":"center center","background-size":"auto","background-attachment":"scroll","background-type":"","background-media":"","overlay-type":"","overlay-color":"","overlay-gradient":""},"tablet":{"background-color":"","background-image":"","background-repeat":"repeat","background-position":"center center","background-size":"auto","background-attachment":"scroll","background-type":"","background-media":"","overlay-type":"","overlay-color":"","overlay-gradient":""},"mobile":{"background-color":"","background-image":"","background-repeat":"repeat","background-position":"center center","background-size":"auto","background-attachment":"scroll","background-type":"","background-media":"","overlay-type":"","overlay-color":"","overlay-gradient":""}},"ast-content-background-meta":{"desktop":{"background-color":"var(--ast-global-color-5)","background-image":"","background-repeat":"repeat","background-position":"center center","background-size":"auto","background-attachment":"scroll","background-type":"","background-media":"","overlay-type":"","overlay-color":"","overlay-gradient":""},"tablet":{"background-color":"var(--ast-global-color-5)","background-image":"","background-repeat":"repeat","background-position":"center center","background-size":"auto","background-attachment":"scroll","background-type":"","background-media":"","overlay-type":"","overlay-color":"","overlay-gradient":""},"mobile":{"background-color":"var(--ast-global-color-5)","background-image":"","background-repeat":"repeat","background-position":"center center","background-size":"auto","background-attachment":"scroll","background-type":"","background-media":"","overlay-type":"","overlay-color":"","overlay-gradient":""}},"footnotes":""},"categories":[1816,12909],"tags":[71039,58375,145653,226425,6662,144155],"class_list":["post-114166","post","type-post","status-publish","format-standard","hentry","category-historia-contemporanea","category-pais-vasco-euskal-herriko-unibertsitatea","tag-antonio-rivera-blanco","tag-eduardo-gonzalez-calleja","tag-fernando-rey-reguillo","tag-javier-gomez-calvo","tag-juan-pablo-fusi-aizpurua","tag-julius-ruiz"],"_links":{"self":[{"href":"https:\/\/www.deberes.net\/tesis\/wp-json\/wp\/v2\/posts\/114166","targetHints":{"allow":["GET"]}}],"collection":[{"href":"https:\/\/www.deberes.net\/tesis\/wp-json\/wp\/v2\/posts"}],"about":[{"href":"https:\/\/www.deberes.net\/tesis\/wp-json\/wp\/v2\/types\/post"}],"author":[{"embeddable":true,"href":"https:\/\/www.deberes.net\/tesis\/wp-json\/wp\/v2\/users\/1"}],"replies":[{"embeddable":true,"href":"https:\/\/www.deberes.net\/tesis\/wp-json\/wp\/v2\/comments?post=114166"}],"version-history":[{"count":0,"href":"https:\/\/www.deberes.net\/tesis\/wp-json\/wp\/v2\/posts\/114166\/revisions"}],"wp:attachment":[{"href":"https:\/\/www.deberes.net\/tesis\/wp-json\/wp\/v2\/media?parent=114166"}],"wp:term":[{"taxonomy":"category","embeddable":true,"href":"https:\/\/www.deberes.net\/tesis\/wp-json\/wp\/v2\/categories?post=114166"},{"taxonomy":"post_tag","embeddable":true,"href":"https:\/\/www.deberes.net\/tesis\/wp-json\/wp\/v2\/tags?post=114166"}],"curies":[{"name":"wp","href":"https:\/\/api.w.org\/{rel}","templated":true}]}}